{"id":5415,"date":"2022-12-15T12:12:44","date_gmt":"2022-12-15T12:12:44","guid":{"rendered":"http:\/\/www.radiobeat97.com.ar\/beat\/?p=5415"},"modified":"2023-01-27T01:21:29","modified_gmt":"2023-01-27T01:21:29","slug":"escuelas-de-verano-espacios-provinciales-para-disfrutar-al-aire-libre","status":"publish","type":"post","link":"https:\/\/radiobeat97.com.ar\/beat\/escuelas-de-verano-espacios-provinciales-para-disfrutar-al-aire-libre\/","title":{"rendered":"Escuelas de Verano: espacios provinciales para disfrutar al aire libre"},"content":{"rendered":"<ul>\n<li><strong>Hay cupos disponibles en las escuelas de verano en los Centros de Desarrollo Deportivo de la Agencia C\u00f3rdoba Deportes.<\/strong><\/li>\n<li><strong>Es una gran posibilidad para que ni\u00f1os y adolescentes puedan disfrutar del verano en C\u00f3rdoba.<\/strong><\/li>\n<li><strong>La actividad comienza el 19 de diciembre.<\/strong><\/li>\n<\/ul>\n<p>Con la llegada del verano y de las vacaciones, surge el tiempo libre de ni\u00f1os, ni\u00f1as y adolescentes. En este contexto, el Gobierno de la Provincia de C\u00f3rdoba, desarrolla las escuelas de verano en espacios especialmente acondicionados, que surgen como una alternativa satisfactoria para el disfrute y la oportunidad de hacer nuevos amigos.<\/p>\n<p>Las escuelas est\u00e1n programadas en dos ciclos. El primero es a partir del 19 de diciembre hasta el 13 de enero de 2023, mientras que el segundo ciclo arranca el 16 de enero y se extiende hasta el 10 de febrero de 2023.<\/p>\n<p>Los grupos son mixtos y ser\u00e1n divididos por edades: de 4 a 14 a\u00f1os y de 6 a 14 a\u00f1os para personas con discapacidad.<\/p>\n<div class=\"wp-block-coblocks-gallery-carousel alignfull\" aria-label=\"Carousel Gallery\">\n<div class=\"coblocks-gallery-carousel-swiper-container is-cropped coblocks-gallery has-caption-style-dark has-horizontal-gutter has-no-thumbnails\">\n<div id=\"12345\" class=\"has-carousel has-carousel-lrg swiper-container has-aligned-cells has-responsive-height\" data-swiper=\"{&quot;alignCells&quot;:true,&quot;autoPlay&quot;:true,&quot;autoPlaySpeed&quot;:3000,&quot;draggable&quot;:true,&quot;freeMode&quot;:false,&quot;loop&quot;:false,&quot;navigation&quot;:true,&quot;pageDots&quot;:true,&quot;pauseHover&quot;:true,&quot;responsiveHeight&quot;:true,&quot;slidesPerView&quot;:2,&quot;thumbnails&quot;:false,&quot;uuid&quot;:&quot;12345&quot;}\">\n<div class=\"swiper-wrapper\">\n<div class=\"swiper-slide\" data-slider=\"0\">\n<div class=\"coblocks-gallery--item\" tabindex=\"0\" role=\"button\">\n<figure class=\"coblocks-gallery--figure has-margin-left-5 has-margin-left-mobile-5 has-margin-right-5 has-margin-right-mobile-5\"><img fetchpriority=\"high\" decoding=\"async\" class=\"wp-image-530000\" src=\"https:\/\/prensa.cba.gov.ar\/wp-content\/uploads\/2022\/12\/Escuela-de-verano-2-993.jpg\" alt=\"\" width=\"993\" height=\"660\" data-id=\"530000\" data-link=\"https:\/\/prensa.cba.gov.ar\/?attachment_id=530000\" \/><\/figure>\n<\/div>\n<\/div>\n<div class=\"swiper-slide\" data-slider=\"1\">\n<div class=\"coblocks-gallery--item\" tabindex=\"1\" role=\"button\">\n<figure class=\"coblocks-gallery--figure has-margin-left-5 has-margin-left-mobile-5 has-margin-right-5 has-margin-right-mobile-5\"><img decoding=\"async\" class=\"wp-image-530001\" src=\"https:\/\/prensa.cba.gov.ar\/wp-content\/uploads\/2022\/12\/Escuela-de-verano-3-993.jpg\" alt=\"\" width=\"993\" height=\"662\" data-id=\"530001\" data-link=\"https:\/\/prensa.cba.gov.ar\/?attachment_id=530001\" \/><\/figure>\n<\/div>\n<\/div>\n<div class=\"swiper-slide\" data-slider=\"2\">\n<div class=\"coblocks-gallery--item\" tabindex=\"2\" role=\"button\">\n<figure class=\"coblocks-gallery--figure has-margin-left-5 has-margin-left-mobile-5 has-margin-right-5 has-margin-right-mobile-5\"><img decoding=\"async\" class=\"wp-image-530002\" src=\"https:\/\/prensa.cba.gov.ar\/wp-content\/uploads\/2022\/12\/Escuela-de-verano-4-993.jpg\" alt=\"\" width=\"993\" height=\"662\" data-id=\"530002\" data-link=\"https:\/\/prensa.cba.gov.ar\/?attachment_id=530002\" \/><\/figure>\n<\/div>\n<\/div>\n<div class=\"swiper-slide\" data-slider=\"3\">\n<div class=\"coblocks-gallery--item\" tabindex=\"3\" role=\"button\">\n<figure class=\"coblocks-gallery--figure has-margin-left-5 has-margin-left-mobile-5 has-margin-right-5 has-margin-right-mobile-5\"><img loading=\"lazy\" decoding=\"async\" class=\"wp-image-530003\" src=\"https:\/\/prensa.cba.gov.ar\/wp-content\/uploads\/2022\/12\/Escuela-de-verano-5-993.jpg\" alt=\"\" width=\"993\" height=\"662\" data-id=\"530003\" data-link=\"https:\/\/prensa.cba.gov.ar\/?attachment_id=530003\" \/><\/figure>\n<\/div>\n<\/div>\n<div class=\"swiper-slide\" data-slider=\"4\">\n<div class=\"coblocks-gallery--item\" tabindex=\"4\" role=\"button\">\n<figure class=\"coblocks-gallery--figure has-margin-left-5 has-margin-left-mobile-5 has-margin-right-5 has-margin-right-mobile-5\"><img loading=\"lazy\" decoding=\"async\" class=\"wp-image-530004\" src=\"https:\/\/prensa.cba.gov.ar\/wp-content\/uploads\/2022\/12\/Escuela-de-verano-6-993.jpg\" alt=\"\" width=\"993\" height=\"662\" data-id=\"530004\" data-link=\"https:\/\/prensa.cba.gov.ar\/?attachment_id=530004\" \/><\/figure>\n<\/div>\n<\/div>\n<div class=\"swiper-slide\" data-slider=\"5\">\n<div class=\"coblocks-gallery--item\" tabindex=\"5\" role=\"button\">\n<figure class=\"coblocks-gallery--figure has-margin-left-5 has-margin-left-mobile-5 has-margin-right-5 has-margin-right-mobile-5\"><img loading=\"lazy\" decoding=\"async\" class=\"wp-image-530005\" src=\"https:\/\/prensa.cba.gov.ar\/wp-content\/uploads\/2022\/12\/Escuela-de-verano-7-993.jpg\" alt=\"\" width=\"993\" height=\"662\" data-id=\"530005\" data-link=\"https:\/\/prensa.cba.gov.ar\/?attachment_id=530005\" \/><\/figure>\n<\/div>\n<\/div>\n<div class=\"swiper-slide\" data-slider=\"6\">\n<div class=\"coblocks-gallery--item\" tabindex=\"6\" role=\"button\">\n<figure class=\"coblocks-gallery--figure has-margin-left-5 has-margin-left-mobile-5 has-margin-right-5 has-margin-right-mobile-5\"><img loading=\"lazy\" decoding=\"async\" class=\"wp-image-530006\" src=\"https:\/\/prensa.cba.gov.ar\/wp-content\/uploads\/2022\/12\/Escuela-de-verano-8-993.jpg\" alt=\"\" width=\"993\" height=\"662\" data-id=\"530006\" data-link=\"https:\/\/prensa.cba.gov.ar\/?attachment_id=530006\" \/><\/figure>\n<\/div>\n<\/div>\n<div class=\"swiper-slide swiper-slide-prev\" data-slider=\"7\">\n<div class=\"coblocks-gallery--item\" tabindex=\"7\" role=\"button\">\n<figure class=\"coblocks-gallery--figure has-margin-left-5 has-margin-left-mobile-5 has-margin-right-5 has-margin-right-mobile-5\"><img loading=\"lazy\" decoding=\"async\" class=\"wp-image-530007\" src=\"https:\/\/prensa.cba.gov.ar\/wp-content\/uploads\/2022\/12\/Escuela-de-verano-9-993.jpg\" alt=\"\" width=\"993\" height=\"662\" data-id=\"530007\" data-link=\"https:\/\/prensa.cba.gov.ar\/?attachment_id=530007\" \/><\/figure>\n<\/div>\n<\/div>\n<div class=\"swiper-slide swiper-slide-active\" data-slider=\"8\">\n<div class=\"coblocks-gallery--item\" tabindex=\"8\" role=\"button\">\n<figure class=\"coblocks-gallery--figure has-margin-left-5 has-margin-left-mobile-5 has-margin-right-5 has-margin-right-mobile-5\"><img loading=\"lazy\" decoding=\"async\" class=\"wp-image-530008\" src=\"https:\/\/prensa.cba.gov.ar\/wp-content\/uploads\/2022\/12\/Escuela-de-verano-10-993.jpg\" alt=\"\" width=\"993\" height=\"662\" data-id=\"530008\" data-link=\"https:\/\/prensa.cba.gov.ar\/?attachment_id=530008\" \/><\/figure>\n<\/div>\n<\/div>\n<div class=\"swiper-slide swiper-slide-next\" data-slider=\"9\">\n<div class=\"coblocks-gallery--item\" tabindex=\"9\" role=\"button\">\n<figure class=\"coblocks-gallery--figure has-margin-left-5 has-margin-left-mobile-5 has-margin-right-5 has-margin-right-mobile-5\"><img loading=\"lazy\" decoding=\"async\" class=\"wp-image-530009\" src=\"https:\/\/prensa.cba.gov.ar\/wp-content\/uploads\/2022\/12\/Escuela-de-verano-11-993.jpg\" alt=\"\" width=\"993\" height=\"662\" data-id=\"530009\" data-link=\"https:\/\/prensa.cba.gov.ar\/?attachment_id=530009\" \/><\/figure>\n<\/div>\n<\/div>\n<\/div>\n<p>&nbsp;<\/p>\n<\/div>\n<div class=\"wp-block-coblocks-gallery-carousel-page-dot-pagination-container\">\n<div class=\"wp-block-coblocks-gallery-carousel-page-dot-wrapper\"><\/div>\n<\/div>\n<\/div>\n<\/div>\n<h3><strong>Escuelas de verano en los Centros Deportivos:<\/strong><\/h3>\n<p>La inscripci\u00f3n se encuentra abierta y hay cupos disponibles. Se desarrollan por la ma\u00f1ana, de lunes a viernes de 9.30hs. a 12:30hs. con inscripciones presenciales en cada espacio y descuentos especiales para grupos familiares:<\/p>\n<ul>\n<li>Centro de Desarrollo Villa Allende (Av. Goycoechea 1810)<\/li>\n<\/ul>\n<p>Una persona: $5500<br \/>\n2 hermanos: $9500<br \/>\n3 hermanos: $13000<br \/>\n4 hermanos: $16500<\/p>\n<ul>\n<li>Centro de Desarrollo G\u00fcemes (Sim\u00f3n Bol\u00edvar 836)<\/li>\n<li>Centro de Desarrollo Rafael N\u00fa\u00f1ez (Alem 544)<\/li>\n<li>Centro de Desarrollo Talleres Oeste (Punta del Sauce y Puerto de Palos)<\/li>\n<\/ul>\n<p>1 persona: $4500<br \/>\n2 hermanos: $8100<br \/>\n3 hermanos: $10800<br \/>\n4 hermanos: $13500<\/p>\n<ul>\n<li>Centro de Desarrollo Mercantil (Onofre Marimon y Boitenko)<\/li>\n<\/ul>\n<p>1 persona: $3600<br \/>\n2 hermanos: $6500<br \/>\n3 hermanos: $8600<br \/>\n4 hermanos: $10800<\/p>\n<ul>\n<li>Centro de Desarrollo Los Filtros (Aviador Locatelli 1123)<\/li>\n<li>Centro de Desarrollo Villa el Libertador (Pilcomayo entre R\u00edo de Janeiro y Pasaje 4)<\/li>\n<\/ul>\n<p>La escuela de verano es gratuita.<\/p>\n<h3><strong>Pileta libre:<\/strong><\/h3>\n<p>En los Centros de Desarrollo Deportivo Villa Allende, G\u00fcemes, Rafael N\u00fa\u00f1ez, Talleres Oeste y Mercantil habr\u00e1 pileta libre por la tarde. Ser\u00e1 de 14:00 a 19:00, tambi\u00e9n en dos ciclos, desde el 19 de diciembre hasta el 10 de febrero. Tendr\u00e1n un valor de $350 por d\u00eda y $3500 por ciclo. Para las personas con discapacidad, las escuelas de verano en los Centros de Desarrollo Deportivos ser\u00e1n gratuitas. Los centros son: G\u00fcemes, Rafael N\u00fa\u00f1ez, Talleres Oeste y Villa Allende, en los mismos ciclos y con inscripciones en cada sede.<\/p>\n","protected":false},"excerpt":{"rendered":"<p>Hay cupos disponibles en las escuelas de verano en los Centros de Desarrollo Deportivo de la Agencia C\u00f3rdoba Deportes. Es una gran posibilidad para que ni\u00f1os y adolescentes puedan disfrutar del verano en C\u00f3rdoba. La actividad comienza el 19 de diciembre. Con la llegada del verano y de las vacaciones, surge el tiempo libre de &hellip;<\/p>\n","protected":false},"author":1,"featured_media":5416,"comment_status":"open","ping_status":"open","sticky":false,"template":"","format":"standard","meta":{"footnotes":""},"categories":[48],"tags":[],"class_list":["post-5415","post","type-post","status-publish","format-standard","has-post-thumbnail","hentry","category-info-general"],"_links":{"self":[{"href":"https:\/\/radiobeat97.com.ar\/beat\/wp-json\/wp\/v2\/posts\/5415","targetHints":{"allow":["GET"]}}],"collection":[{"href":"https:\/\/radiobeat97.com.ar\/beat\/wp-json\/wp\/v2\/posts"}],"about":[{"href":"https:\/\/radiobeat97.com.ar\/beat\/wp-json\/wp\/v2\/types\/post"}],"author":[{"embeddable":true,"href":"https:\/\/radiobeat97.com.ar\/beat\/wp-json\/wp\/v2\/users\/1"}],"replies":[{"embeddable":true,"href":"https:\/\/radiobeat97.com.ar\/beat\/wp-json\/wp\/v2\/comments?post=5415"}],"version-history":[{"count":2,"href":"https:\/\/radiobeat97.com.ar\/beat\/wp-json\/wp\/v2\/posts\/5415\/revisions"}],"predecessor-version":[{"id":5510,"href":"https:\/\/radiobeat97.com.ar\/beat\/wp-json\/wp\/v2\/posts\/5415\/revisions\/5510"}],"wp:featuredmedia":[{"embeddable":true,"href":"https:\/\/radiobeat97.com.ar\/beat\/wp-json\/wp\/v2\/media\/5416"}],"wp:attachment":[{"href":"https:\/\/radiobeat97.com.ar\/beat\/wp-json\/wp\/v2\/media?parent=5415"}],"wp:term":[{"taxonomy":"category","embeddable":true,"href":"https:\/\/radiobeat97.com.ar\/beat\/wp-json\/wp\/v2\/categories?post=5415"},{"taxonomy":"post_tag","embeddable":true,"href":"https:\/\/radiobeat97.com.ar\/beat\/wp-json\/wp\/v2\/tags?post=5415"}],"curies":[{"name":"wp","href":"https:\/\/api.w.org\/{rel}","templated":true}]}}