{"id":5442,"date":"2022-12-26T02:08:29","date_gmt":"2022-12-26T02:08:29","guid":{"rendered":"http:\/\/www.radiobeat97.com.ar\/beat\/?p=5442"},"modified":"2023-01-27T01:22:25","modified_gmt":"2023-01-27T01:22:25","slug":"los-fabulosos-cadillacs-vuelven-a-los-escenarios-argentinos-en-el-2023","status":"publish","type":"post","link":"https:\/\/radiobeat97.com.ar\/beat\/los-fabulosos-cadillacs-vuelven-a-los-escenarios-argentinos-en-el-2023\/","title":{"rendered":"Los Fabulosos Cadillacs vuelven a los escenarios argentinos en el 2023"},"content":{"rendered":"<article class=\"col-lg-12 notinoti v2c\"><b>Los Fabulosos Cadillacs<\/b>\u00a0anuncian que vuelven a los escenarios de Buenos Aires. Luego de cinco a\u00f1os, la agrupaci\u00f3n vuelve a tocar en Argentina para celebrar casi cuarenta a\u00f1os de trayectoria. La cita ser\u00e1 el 26 de mayo de 2023 en el Movistar Arena de la Ciudad de Buenos Aires.<b>Los Fabulosos Cadillacs<\/b>\u00a0vienen de haber tocado en M\u00e9xico, Colombia, Estado Unidos, Chile, Costa Rica y Uruguay, entre otros destinos con su gira \u201c<i>El Le\u00f3n del Ritmo Tour<\/i>\u201d. En esta oportunidad vuelven a tocar en su pa\u00eds natal para celebrar sus casi cuarenta a\u00f1os.<\/p>\n<p>En el a\u00f1o 2016,\u00a0<b>Los Fabulosos Cadillacs<\/b>\u00a0lanzaron su \u00faltimo disco \u201cLa salvaci\u00f3n de Solo y Juan\u201d, ganador de 2 premios Grammy, pero hoy se encuentran preparando nuevas sorpresas discogr\u00e1ficas mientras tocan en los principales festivales y ciudades del continente.<\/p>\n<p>Responsables de cl\u00e1sicos como \u201cVasos vac\u00edos\u201d, \u201cSiguiendo la luna\u201d, \u201cEl sat\u00e1nico Doctor Cadillacs\u201d, \u201cCalaveras y diablitos\u201d y \u201cPadre nuestro\u201d promete un concierto hist\u00f3rico, celebrando los 30 a\u00f1os de \u201cMatador\u201d y cerca de 40 a\u00f1os de carrera.<\/p>\n<p>Las entradas generales se habilitar\u00e1n en la web del Estadio Movistar Arena a partir de este viernes 23 de diciembre.<\/p>\n<p>A mitad de a\u00f1o, uno de los discos m\u00e1s emblem\u00e1ticos de la banda tuvo su aniversario. 35 a\u00f1os de \u201cYo te avise\u201d, \u00e1lbum que la banda lanzo en el a\u00f1o 1987 y que contiene canciones que se convirtieron en cl\u00e1sicos \u201dMi novia se cay\u00f3 en un pozo ciego\u201d, \u201cEl genio del dub\u201d, \u201cYo no me sentar\u00eda en tu mesa\u201d y el track que le da nombre al disco, fueron algunos de los hits que sonaron por todos lados. La producci\u00f3n estuvo a cargo de\u00a0Andr\u00e9s Calamaro, que adem\u00e1s toc\u00f3 algunos instrumentos e hizo coros. La banda sum\u00f3 ritmos de reggae y dub. El resultado fue tan importante que \u201d<b>Yo te avis\u00e9<\/b>\u201d alcanz\u00f3 el galard\u00f3n de Doble Platino y la presentaci\u00f3n oficial fue en el estadio Obras, con el recordado Tom Lupo como presentador.<\/p>\n<p>Por aquellos d\u00edas, la banda estaba formada por\u00a0Vicentico\u00a0en voz, Sr. Flavio en bajo, Luciano Jr. -hoy conocido como El Tirri- en percusi\u00f3n y coros, Vaino en guitarra, Mario Siperman en teclados, Sergio Rotman en saxo, Dany Lozano en trompeta, Fernando Ricciardi en bater\u00eda y Naco Gioldfinger en saxo.<\/p>\n<p>Hoy, luego de cuatro d\u00e9cadas el \u00e9xito sigue intacto y siempre est\u00e1 presente el deseo de compartir con su p\u00fablico.<\/p>\n<p>&nbsp;<\/p>\n<p>&nbsp;<\/p>\n<\/article>\n<div id=\"c-tres\"><\/div>\n<div class=\"video\">\n<div class=\"col-md-12\">\n<div class=\"instagram\"><iframe title=\"mira el video\" src=\"https:\/\/instagram.com\/p\/CmeJxacsXTg\/embed\/\" width=\"100%\" height=\"710\" frameborder=\"0\" scrolling=\"no\" data-mce-fragment=\"1\"><\/iframe><\/div>\n<\/div>\n<\/div>\n<p>&nbsp;<\/p>\n<div class=\"video\">\n<div class=\"artista1 artista\">\n<div class=\"col-md-12 bio\">\n<div class=\"video-youtube\"><iframe class=\"iframeyoutube\" title=\"mira el video\" src=\"https:\/\/www.youtube.com\/embed\/9DBrqgCqPJ4\" height=\"560\" allowfullscreen=\"allowfullscreen\" data-mce-fragment=\"1\"><\/iframe><\/div>\n<\/div>\n<\/div>\n<\/div>\n","protected":false},"excerpt":{"rendered":"<p>Los Fabulosos Cadillacs\u00a0anuncian que vuelven a los escenarios de Buenos Aires. Luego de cinco a\u00f1os, la agrupaci\u00f3n vuelve a tocar en Argentina para celebrar casi cuarenta a\u00f1os de trayectoria. La cita ser\u00e1 el 26 de mayo de 2023 en el Movistar Arena de la Ciudad de Buenos Aires.Los Fabulosos Cadillacs\u00a0vienen de haber tocado en M\u00e9xico, &hellip;<\/p>\n","protected":false},"author":1,"featured_media":5443,"comment_status":"open","ping_status":"open","sticky":false,"template":"","format":"standard","meta":{"footnotes":""},"categories":[46],"tags":[],"class_list":["post-5442","post","type-post","status-publish","format-standard","has-post-thumbnail","hentry","category-musica"],"_links":{"self":[{"href":"https:\/\/radiobeat97.com.ar\/beat\/wp-json\/wp\/v2\/posts\/5442","targetHints":{"allow":["GET"]}}],"collection":[{"href":"https:\/\/radiobeat97.com.ar\/beat\/wp-json\/wp\/v2\/posts"}],"about":[{"href":"https:\/\/radiobeat97.com.ar\/beat\/wp-json\/wp\/v2\/types\/post"}],"author":[{"embeddable":true,"href":"https:\/\/radiobeat97.com.ar\/beat\/wp-json\/wp\/v2\/users\/1"}],"replies":[{"embeddable":true,"href":"https:\/\/radiobeat97.com.ar\/beat\/wp-json\/wp\/v2\/comments?post=5442"}],"version-history":[{"count":2,"href":"https:\/\/radiobeat97.com.ar\/beat\/wp-json\/wp\/v2\/posts\/5442\/revisions"}],"predecessor-version":[{"id":5513,"href":"https:\/\/radiobeat97.com.ar\/beat\/wp-json\/wp\/v2\/posts\/5442\/revisions\/5513"}],"wp:featuredmedia":[{"embeddable":true,"href":"https:\/\/radiobeat97.com.ar\/beat\/wp-json\/wp\/v2\/media\/5443"}],"wp:attachment":[{"href":"https:\/\/radiobeat97.com.ar\/beat\/wp-json\/wp\/v2\/media?parent=5442"}],"wp:term":[{"taxonomy":"category","embeddable":true,"href":"https:\/\/radiobeat97.com.ar\/beat\/wp-json\/wp\/v2\/categories?post=5442"},{"taxonomy":"post_tag","embeddable":true,"href":"https:\/\/radiobeat97.com.ar\/beat\/wp-json\/wp\/v2\/tags?post=5442"}],"curies":[{"name":"wp","href":"https:\/\/api.w.org\/{rel}","templated":true}]}}