{"id":5561,"date":"2023-02-22T14:34:08","date_gmt":"2023-02-22T14:34:08","guid":{"rendered":"http:\/\/www.radiobeat97.com.ar\/beat\/?p=5561"},"modified":"2023-02-22T14:49:27","modified_gmt":"2023-02-22T14:49:27","slug":"ypf-estuvo-presente-en-la-edicion-de-cosquin-rock-2023","status":"publish","type":"post","link":"https:\/\/radiobeat97.com.ar\/beat\/ypf-estuvo-presente-en-la-edicion-de-cosquin-rock-2023\/","title":{"rendered":"YPF estuvo presente en la edici\u00f3n de Cosqu\u00edn Rock 2023"},"content":{"rendered":"<p>Este fin de semana tuvo lugar una nueva edici\u00f3n de\u00a0<strong>Cosqu\u00edn Rock<\/strong>, y all\u00ed estuvo\u00a0<strong>YPF<\/strong>\u00a0para apoyar a los artistas argentinos en uno de los eventos m\u00e1s convocantes del pa\u00eds. Durante dos jornadas llenas de m\u00fasica en vivo, miles de personas pudieron disfrutar de m\u00e1s de 100 artistas de diferentes g\u00e9neros en cinco escenarios distintos.<\/p>\n<p>M\u00fasicos de la trayectoria de Ciro, Fito P\u00e1ez y Juanse se codearon con nuevas figuras de la escena argentina como Trueno, Dillom y Lara91k, marcando un encuentro generacional entre referentes consagrados y actuales: una comuni\u00f3n art\u00edstica que reuni\u00f3 tanto a familias como a amigos.\u00a0<strong>Con entradas agotadas, los socios YPF ServiClub pudieron canjear sus tickets y participar de sorteos por accesos VIP<\/strong>.<\/p>\n<figure class=\"wp-block-image size-full\"><img decoding=\"async\" class=\"i-amphtml-intrinsic-sizer\" role=\"presentation\" src=\"data:image\/svg+xml;base64,PHN2ZyBoZWlnaHQ9IjgwMCIgd2lkdGg9IjEyMDAiIHhtbG5zPSJodHRwOi8vd3d3LnczLm9yZy8yMDAwL3N2ZyIgdmVyc2lvbj0iMS4xIi8+\" alt=\"\" aria-hidden=\"true\" \/><img decoding=\"async\" class=\"i-amphtml-fill-content i-amphtml-replaced-content\" src=\"https:\/\/indiehoy.com\/wp-content\/uploads\/2023\/02\/ypf-cosquin-rock.jpg\" sizes=\"(max-width: 1280px) 724px, 100vw\" srcset=\"https:\/\/indiehoy.com\/wp-content\/uploads\/2023\/02\/ypf-cosquin-rock.jpg 1200w, https:\/\/indiehoy.com\/wp-content\/uploads\/2023\/02\/ypf-cosquin-rock-355x237.jpg 355w\" alt=\"YPF estuvo presente en una nueva edici\u00f3n de Cosqu\u00edn Rock\" data-hero=\"\" \/><\/figure>\n<figure class=\"wp-block-image size-full\"><img decoding=\"async\" class=\"i-amphtml-intrinsic-sizer\" role=\"presentation\" src=\"data:image\/svg+xml;base64,PHN2ZyBoZWlnaHQ9IjgwMCIgd2lkdGg9IjEyMDAiIHhtbG5zPSJodHRwOi8vd3d3LnczLm9yZy8yMDAwL3N2ZyIgdmVyc2lvbj0iMS4xIi8+\" alt=\"\" aria-hidden=\"true\" \/><img decoding=\"async\" class=\"i-amphtml-fill-content i-amphtml-replaced-content\" src=\"https:\/\/indiehoy.com\/wp-content\/uploads\/2023\/02\/ypf-serviclub-cosquin-rock.jpg\" sizes=\"(max-width: 1280px) 724px, 100vw\" srcset=\"https:\/\/indiehoy.com\/wp-content\/uploads\/2023\/02\/ypf-serviclub-cosquin-rock.jpg 1200w, https:\/\/indiehoy.com\/wp-content\/uploads\/2023\/02\/ypf-serviclub-cosquin-rock-355x237.jpg 355w\" alt=\"YPF estuvo presente en una nueva edici\u00f3n de Cosqu\u00edn Rock\" data-hero=\"\" \/><\/figure>\n<p>Para la edici\u00f3n 2023,\u00a0<strong>YPF coloc\u00f3 espacios exclusivos en el predio, como el sector YPF Full que cont\u00f3 con una terraza para que el p\u00fablico pudiese tener una vista privilegiada del festival<\/strong>. Adem\u00e1s, en diferentes espacios a lo largo y ancho del Aer\u00f3dromo de Santa Mar\u00eda de Punilla se ubicaron juegos y centros de recreaci\u00f3n con actividades y distintos premios.<\/p>\n<p>La presencia de YPF en el evento sucede en sinton\u00eda con el acompa\u00f1amiento a una serie de festivales que tendr\u00e1n lugar este a\u00f1o tambi\u00e9n como la Fiesta del Lago, Confluencia,<a href=\"https:\/\/indiehoy.com\/recitales\/festival-futurock-anuncia-su-edicion-2023-en-tecnopolis\/\" target=\"_blank\" rel=\"noreferrer noopener\">\u00a0Festival Futurock<\/a>\u00a0y<a href=\"https:\/\/indiehoy.com\/recitales\/rock-en-baradero-2023-anuncia-su-line-up-con-mas-de-40-artistas\/\" target=\"_blank\" rel=\"noreferrer noopener\">\u00a0Rock en Baradero<\/a>, entre otros, en los que la compa\u00f1\u00eda argentina demuestra su respaldo a la m\u00fasica nacional.<\/p>\n<figure class=\"wp-block-image size-full\"><img decoding=\"async\" class=\"i-amphtml-intrinsic-sizer\" role=\"presentation\" src=\"data:image\/svg+xml;base64,PHN2ZyBoZWlnaHQ9IjY3NCIgd2lkdGg9IjEyMDAiIHhtbG5zPSJodHRwOi8vd3d3LnczLm9yZy8yMDAwL3N2ZyIgdmVyc2lvbj0iMS4xIi8+\" alt=\"\" aria-hidden=\"true\" \/><img decoding=\"async\" class=\"i-amphtml-fill-content i-amphtml-replaced-content\" src=\"https:\/\/indiehoy.com\/wp-content\/uploads\/2023\/02\/cosquin-rock-ypf-drone.jpg\" sizes=\"(max-width: 1280px) 724px, 100vw\" srcset=\"https:\/\/indiehoy.com\/wp-content\/uploads\/2023\/02\/cosquin-rock-ypf-drone.jpg 1200w, https:\/\/indiehoy.com\/wp-content\/uploads\/2023\/02\/cosquin-rock-ypf-drone-355x199.jpg 355w\" alt=\"YPF estuvo presente en una nueva edici\u00f3n de Cosqu\u00edn Rock\" data-hero=\"\" \/><\/figure>\n<figure class=\"wp-block-image size-full\"><img decoding=\"async\" class=\"i-amphtml-intrinsic-sizer\" role=\"presentation\" src=\"data:image\/svg+xml;base64,PHN2ZyBoZWlnaHQ9IjgwMCIgd2lkdGg9IjEyMDAiIHhtbG5zPSJodHRwOi8vd3d3LnczLm9yZy8yMDAwL3N2ZyIgdmVyc2lvbj0iMS4xIi8+\" alt=\"\" aria-hidden=\"true\" \/><img decoding=\"async\" class=\"i-amphtml-fill-content i-amphtml-replaced-content\" src=\"https:\/\/indiehoy.com\/wp-content\/uploads\/2023\/02\/ypf-cosquin-rock-2.jpg\" sizes=\"(max-width: 1280px) 724px, 100vw\" srcset=\"https:\/\/indiehoy.com\/wp-content\/uploads\/2023\/02\/ypf-cosquin-rock-2.jpg 1200w, https:\/\/indiehoy.com\/wp-content\/uploads\/2023\/02\/ypf-cosquin-rock-2-355x237.jpg 355w\" alt=\"YPF estuvo presente en una nueva edici\u00f3n de Cosqu\u00edn Rock\" data-hero=\"\" \/><\/figure>\n<div class=\"code-block code-block-2 acss6c945\">\n<div class=\"acss2f015\"><\/div>\n<\/div>\n","protected":false},"excerpt":{"rendered":"<p>Este fin de semana tuvo lugar una nueva edici\u00f3n de\u00a0Cosqu\u00edn Rock, y all\u00ed estuvo\u00a0YPF\u00a0para apoyar a los artistas argentinos en uno de los eventos m\u00e1s convocantes del pa\u00eds. Durante dos jornadas llenas de m\u00fasica en vivo, miles de personas pudieron disfrutar de m\u00e1s de 100 artistas de diferentes g\u00e9neros en cinco escenarios distintos. M\u00fasicos de &hellip;<\/p>\n","protected":false},"author":1,"featured_media":5562,"comment_status":"open","ping_status":"open","sticky":false,"template":"","format":"standard","meta":{"footnotes":""},"categories":[50,46],"tags":[],"class_list":["post-5561","post","type-post","status-publish","format-standard","has-post-thumbnail","hentry","category-entretenimiento","category-musica"],"_links":{"self":[{"href":"https:\/\/radiobeat97.com.ar\/beat\/wp-json\/wp\/v2\/posts\/5561","targetHints":{"allow":["GET"]}}],"collection":[{"href":"https:\/\/radiobeat97.com.ar\/beat\/wp-json\/wp\/v2\/posts"}],"about":[{"href":"https:\/\/radiobeat97.com.ar\/beat\/wp-json\/wp\/v2\/types\/post"}],"author":[{"embeddable":true,"href":"https:\/\/radiobeat97.com.ar\/beat\/wp-json\/wp\/v2\/users\/1"}],"replies":[{"embeddable":true,"href":"https:\/\/radiobeat97.com.ar\/beat\/wp-json\/wp\/v2\/comments?post=5561"}],"version-history":[{"count":1,"href":"https:\/\/radiobeat97.com.ar\/beat\/wp-json\/wp\/v2\/posts\/5561\/revisions"}],"predecessor-version":[{"id":5563,"href":"https:\/\/radiobeat97.com.ar\/beat\/wp-json\/wp\/v2\/posts\/5561\/revisions\/5563"}],"wp:featuredmedia":[{"embeddable":true,"href":"https:\/\/radiobeat97.com.ar\/beat\/wp-json\/wp\/v2\/media\/5562"}],"wp:attachment":[{"href":"https:\/\/radiobeat97.com.ar\/beat\/wp-json\/wp\/v2\/media?parent=5561"}],"wp:term":[{"taxonomy":"category","embeddable":true,"href":"https:\/\/radiobeat97.com.ar\/beat\/wp-json\/wp\/v2\/categories?post=5561"},{"taxonomy":"post_tag","embeddable":true,"href":"https:\/\/radiobeat97.com.ar\/beat\/wp-json\/wp\/v2\/tags?post=5561"}],"curies":[{"name":"wp","href":"https:\/\/api.w.org\/{rel}","templated":true}]}}