{"id":5578,"date":"2023-03-02T11:25:23","date_gmt":"2023-03-02T11:25:23","guid":{"rendered":"http:\/\/www.radiobeat97.com.ar\/beat\/?p=5578"},"modified":"2023-03-02T11:29:16","modified_gmt":"2023-03-02T11:29:16","slug":"arlo-parks-presenta-nueva-cancion","status":"publish","type":"post","link":"https:\/\/radiobeat97.com.ar\/beat\/arlo-parks-presenta-nueva-cancion\/","title":{"rendered":"Arlo Parks presenta nueva canci\u00f3n"},"content":{"rendered":"<p><strong>Arlo Parks<\/strong>\u00a0acaba de estrenar un adelanto de lo que ser\u00e1 su nuevo \u00e1lbum titulado\u00a0<em><a href=\"https:\/\/indiehoy.com\/noticias\/arlo-parks-anuncia-nuevo-disco-y-estrena-adelanto-weightless\/\" target=\"_blank\" rel=\"noreferrer noopener\">My<\/a> Soft Machine<\/em>. Se trata de la canci\u00f3n \u00ab<strong>Impurities<\/strong>\u00ab, que sucede al estreno de \u00abWeightless\u00bb, en la que la cantante aborda la importancia de las relaciones personales versus la soledad y c\u00f3mo nuestros afectos m\u00e1s cercanos pueden hacer brillar incluso nuestras partes m\u00e1s oscuras.<\/p>\n<p>\u00ab<strong>Esta es una canci\u00f3n sobre la comunidad. Estar alrededor de gente que te hace sentir que tu fealdad interna, tus fallas y tus errores no importan, que te levantan y te hacen re\u00edr, que te hacen sentir bien y limpios<\/strong>\u00ab, expres\u00f3 a trav\u00e9s de un\u00a0comunicado. La canci\u00f3n se estren\u00f3 junto a un original videoclip dirigido por<strong>\u00a0Jak Payne<\/strong>\u00a0que fue descripto por la cantante como \u00abuna oscilaci\u00f3n atmosf\u00e9rica entre la soledad y la compa\u00f1\u00eda\u00bb.<\/p>\n<figure class=\"wp-block-image size-full\"><img decoding=\"async\" class=\"i-amphtml-fill-content i-amphtml-replaced-content\" src=\"https:\/\/indiehoy.com\/wp-content\/uploads\/2023\/01\/arlo-parks-my-soft-machine.jpg\" sizes=\"(max-width: 1280px) 724px, 100vw\" srcset=\"https:\/\/indiehoy.com\/wp-content\/uploads\/2023\/01\/arlo-parks-my-soft-machine.jpg 1200w, https:\/\/indiehoy.com\/wp-content\/uploads\/2023\/01\/arlo-parks-my-soft-machine-237x237.jpg 237w\" alt=\"\" data-hero=\"\" \/><\/figure>\n<p>Adem\u00e1s, en su comunicado, Parks coment\u00f3 cu\u00e1les fueron las influencias para imprimir im\u00e1genes a esta nueva canci\u00f3n: \u00abQuer\u00eda mostrar c\u00f3mo estar alrededor de gente realmente se siente como estar en casa. Cuando estaba escribiendo esta canci\u00f3n hab\u00eda estado pensando mucho sobre Gus Van Sant y en c\u00f3mo captura a las personas en toda su fragilidad, belleza y fealdad\u00bb.<\/p>\n<p><strong>El nuevo disco de Parks se estrenar\u00e1 el 26 de mayo a trav\u00e9s del sello\u00a0Transgressive Records\u00a0<\/strong>y ser\u00e1 el sucesor de\u00a0<em>Collapsed in Sunbeams<\/em>\u00a0de 2021.<strong>\u00a0<\/strong>Sobre esta nueva producci\u00f3n, la cantante londinense adelant\u00f3: \u00abEste \u00e1lbum refleja mi vida a trav\u00e9s de mi lente, a trav\u00e9s de mi cuerpo: la ansiedad de los mediados de los 20 a\u00f1os, el abuso de sustancias, mis amigos, las sensaciones de estar enamorada por primera vez, navegar por trastornos de estr\u00e9s postraum\u00e1tico y por el dolor, el auto sabotaje y la alegr\u00eda, siempre movi\u00e9ndome con asombro y sensibilidad: c\u00f3mo es estar atrapado en este cuerpo en particular\u00bb.<\/p>\n<p>Escuch\u00e1 \u00abImpurities\u00bb a continuaci\u00f3n.<\/p>\n<figure class=\"wp-block-embed is-type-video is-provider-youtube wp-block-embed-youtube wp-embed-aspect-4-3 wp-has-aspect-ratio\">\n<div class=\"wp-block-embed__wrapper\"><img decoding=\"async\" class=\"i-amphtml-fill-content amp-hidden\" src=\"https:\/\/i.ytimg.com\/vi\/VaNslyQe6_s\/sddefault.jpg#404_is_fine\" alt=\"Loading video\" \/><iframe class=\"i-amphtml-fill-content\" title=\"YouTube video\" src=\"https:\/\/www.youtube.com\/embed\/VaNslyQe6_s?enablejsapi=1&amp;amp=1&amp;playsinline=1\" frameborder=\"0\" allowfullscreen=\"allowfullscreen\" data-mce-fragment=\"1\"><\/iframe><\/div>\n<\/figure>\n<div class=\"code-block code-block-2 acss6c945\">\n<div class=\"acss2f015\"><\/div>\n<\/div>\n","protected":false},"excerpt":{"rendered":"<p>Arlo Parks\u00a0acaba de estrenar un adelanto de lo que ser\u00e1 su nuevo \u00e1lbum titulado\u00a0My Soft Machine. Se trata de la canci\u00f3n \u00abImpurities\u00ab, que sucede al estreno de \u00abWeightless\u00bb, en la que la cantante aborda la importancia de las relaciones personales versus la soledad y c\u00f3mo nuestros afectos m\u00e1s cercanos pueden hacer brillar incluso nuestras partes &hellip;<\/p>\n","protected":false},"author":1,"featured_media":5579,"comment_status":"open","ping_status":"open","sticky":false,"template":"","format":"standard","meta":{"footnotes":""},"categories":[46],"tags":[],"class_list":["post-5578","post","type-post","status-publish","format-standard","has-post-thumbnail","hentry","category-musica"],"_links":{"self":[{"href":"https:\/\/radiobeat97.com.ar\/beat\/wp-json\/wp\/v2\/posts\/5578","targetHints":{"allow":["GET"]}}],"collection":[{"href":"https:\/\/radiobeat97.com.ar\/beat\/wp-json\/wp\/v2\/posts"}],"about":[{"href":"https:\/\/radiobeat97.com.ar\/beat\/wp-json\/wp\/v2\/types\/post"}],"author":[{"embeddable":true,"href":"https:\/\/radiobeat97.com.ar\/beat\/wp-json\/wp\/v2\/users\/1"}],"replies":[{"embeddable":true,"href":"https:\/\/radiobeat97.com.ar\/beat\/wp-json\/wp\/v2\/comments?post=5578"}],"version-history":[{"count":3,"href":"https:\/\/radiobeat97.com.ar\/beat\/wp-json\/wp\/v2\/posts\/5578\/revisions"}],"predecessor-version":[{"id":5582,"href":"https:\/\/radiobeat97.com.ar\/beat\/wp-json\/wp\/v2\/posts\/5578\/revisions\/5582"}],"wp:featuredmedia":[{"embeddable":true,"href":"https:\/\/radiobeat97.com.ar\/beat\/wp-json\/wp\/v2\/media\/5579"}],"wp:attachment":[{"href":"https:\/\/radiobeat97.com.ar\/beat\/wp-json\/wp\/v2\/media?parent=5578"}],"wp:term":[{"taxonomy":"category","embeddable":true,"href":"https:\/\/radiobeat97.com.ar\/beat\/wp-json\/wp\/v2\/categories?post=5578"},{"taxonomy":"post_tag","embeddable":true,"href":"https:\/\/radiobeat97.com.ar\/beat\/wp-json\/wp\/v2\/tags?post=5578"}],"curies":[{"name":"wp","href":"https:\/\/api.w.org\/{rel}","templated":true}]}}