{"id":5608,"date":"2023-03-12T12:03:07","date_gmt":"2023-03-12T12:03:07","guid":{"rendered":"http:\/\/www.radiobeat97.com.ar\/beat\/?p=5608"},"modified":"2023-05-06T13:03:46","modified_gmt":"2023-05-06T13:03:46","slug":"otras-220-familias-de-capital-accedieron-a-los-creditos-mas-vida-digna","status":"publish","type":"post","link":"https:\/\/radiobeat97.com.ar\/beat\/otras-220-familias-de-capital-accedieron-a-los-creditos-mas-vida-digna\/","title":{"rendered":"Otras 220 familias de Capital accedieron a los cr\u00e9ditos M\u00e1s Vida Digna"},"content":{"rendered":"<ul>\n<li><strong>Ascienden a 160 mil pesos y permiten iniciar o completar la construcci\u00f3n de un ba\u00f1o o un dormitorio.<\/strong><\/li>\n<li><strong>Las familias que obtuvieron este beneficio se postularon a trav\u00e9s de CiDi y luego fueron a sorteo a trav\u00e9s de la Loter\u00eda de C\u00f3rdoba.<\/strong><\/li>\n<li><strong>La Provincia contempla una inversi\u00f3n de 8 mil millones de pesos para que los grupos m\u00e1s vulnerables puedan mejorar su vivienda.<\/strong><\/li>\n<\/ul>\n<p>Durante una ceremonia realizada en el Centro C\u00edvico, el gobernador Juan Schiaretti hizo entrega de 220 cr\u00e9ditos M\u00e1s Vida Digna a integrantes de otras tantas familias de esta Capital.<\/p>\n<p>La medida tiene como objetivo mejorar las condiciones de salud, comodidad y seguridad de cada hogar. El gobernador celebr\u00f3 la existencia de esta iniciativa destinada a sectores de bajos ingresos.<\/p>\n<p><em>\u201cEs un programa basado en la confianza que nos tenemos mutuamente, en la confianza que ustedes tienen en que nosotros le vamos a cumplir y la que nosotros tenemos en todas las familias cordobesas\u201d,\u00a0<\/em>dijo.<\/p>\n<p>La nueva edici\u00f3n del programa puso a disposici\u00f3n 50.000 cr\u00e9ditos de 160 mil pesos a tasa cero, con nueve meses de gracia y a devolver en 60 cuotas que se actualizan por el 70% del \u00cdndice de Variaci\u00f3n de Salarios (IVS).<\/p>\n<figure class=\"wp-container-2 wp-block-gallery-1 wp-block-gallery has-nested-images columns-default is-cropped has-lightbox lightbox-0 \">\n<figure class=\"wp-block-image size-large\"><img fetchpriority=\"high\" decoding=\"async\" class=\"wp-image-540057\" src=\"https:\/\/prensa.cba.gov.ar\/wp-content\/uploads\/2023\/03\/MG_7981.jpg\" alt=\"\" width=\"2400\" height=\"1600\" data-id=\"540057\" \/><\/figure>\n<figure class=\"wp-block-image size-large\"><img decoding=\"async\" class=\"wp-image-540059\" src=\"https:\/\/prensa.cba.gov.ar\/wp-content\/uploads\/2023\/03\/MG_7971.jpg\" alt=\"\" width=\"2400\" height=\"1600\" data-id=\"540059\" \/><\/figure>\n<\/figure>\n<p>La inversi\u00f3n provincial es de 8 mil millones.\u00a0Ya se otorgaron m\u00e1s de 28.400 cr\u00e9ditos<\/p>\n<p>Durante el acto celebrado este martes se realiz\u00f3 el primer desembolso de 96 mil pesos, correspondiente al 60% del total del cr\u00e9dito. Luego se otorgar\u00e1 el 40% restante contra el avance de obra. La inversi\u00f3n provincial en esta entrega es de 21.120.000 pesos.<\/p>\n<p>Los beneficiarios podr\u00e1n ir a cobrar al Banco de la Provincia de C\u00f3rdoba a partir del d\u00eda jueves 9 de marzo.<\/p>\n<p>Para acceder al segundo tramo, deber\u00e1n solicitarlo a trav\u00e9s de la p\u00e1gina web del\u00a0<a href=\"http:\/\/habitatyfamilia.cba.gov.ar.\/\">Ministerio de H\u00e1bitat y Econom\u00eda Familiar.<\/a><\/p>\n<p>Quienes obtuvieron este beneficio se postularon a trav\u00e9s de CiDi y luego fueron a sorteo a trav\u00e9s de la Loter\u00eda de C\u00f3rdoba.<\/p>\n<p>Precisamente Schiaretti\u00a0 destac\u00f3 la transparencia en la adjudicaci\u00f3n de cr\u00e9ditos.\u00a0<em>\u201cNosotros no se los damos a un conocido o al que tiene un amigo funcionario o dirigente pol\u00edtico, sino que la gente se inscribe en la p\u00e1gina web\u201d,\u00a0<\/em>indic\u00f3.<\/p>\n<figure class=\"wp-block-audio\"><audio src=\"https:\/\/prensa.cba.gov.ar\/wp-content\/uploads\/2023\/03\/Schiaretti_creditos.mp3\" controls=\"controls\" data-mce-fragment=\"1\"><\/audio><figcaption><em>Audio: gobernador Schiaretti.<\/em><\/figcaption><\/figure>\n<p>Tambi\u00e9n se\u00f1al\u00f3 que el gobierno tiene presente a las familias que realmente necesitan una mano para mejorar su calidad de vida,<em>\u00a0\u201ca esas familias a las que ning\u00fan banco les presta y que si lo hace al final es peor el remedio que la enfermedad porque las tasas son impagables\u201d.<\/em><\/p>\n<figure class=\"wp-container-4 wp-block-gallery-3 wp-block-gallery has-nested-images columns-default is-cropped has-lightbox lightbox-1 \">\n<figure class=\"wp-block-image size-large\"><img decoding=\"async\" class=\"wp-image-540064\" src=\"https:\/\/prensa.cba.gov.ar\/wp-content\/uploads\/2023\/03\/MG_7906.jpg\" alt=\"\" width=\"2400\" height=\"1600\" data-id=\"540064\" \/><\/figure>\n<figure class=\"wp-block-image size-large\"><img loading=\"lazy\" decoding=\"async\" class=\"wp-image-540062\" src=\"https:\/\/prensa.cba.gov.ar\/wp-content\/uploads\/2023\/03\/MG_7921.jpg\" alt=\"\" width=\"2400\" height=\"1600\" data-id=\"540062\" \/><\/figure>\n<\/figure>\n<p>Finalmente record\u00f3 el gobernador que\u00a0<em>\u201ceste programa surge como continuidad de una pol\u00edtica p\u00fablica sustentable, que desde hace m\u00e1s de diez a\u00f1os brinda soluciones habitacionales y de esta manera ya se han otorgado m\u00e1s de 128.000 cr\u00e9ditos\u201d.<\/em><\/p>\n<p>Anal\u00eda Santill\u00e1n, una de las beneficiarias, manifest\u00f3 su alegr\u00eda por haber accedido a uno de los cr\u00e9ditos. Dijo que siempre hab\u00eda alquilado y que tras adquirir un lote\u00a0<em>\u201cesto me va a permitir iniciar la construcci\u00f3n de mi casa\u201d.<\/em><\/p>\n<p>Del acto tambi\u00e9n participaron la ministra de H\u00e1bitat y Econom\u00eda Familiar, Laura Jure; y su par de Desarrollo Social, Juan Carlos Massei; legisladores y autoridades del Gobierno provincial.<\/p>\n<p><iframe title=\"Otras 220 familias de Capital accedieron a los cr\u00e9ditos M\u00e1s Vida Digna\" src=\"https:\/\/www.youtube.com\/embed\/ox-gwzORxc8\" width=\"683\" height=\"384\" frameborder=\"0\" allowfullscreen=\"allowfullscreen\" data-mce-fragment=\"1\"><\/iframe><\/p>\n","protected":false},"excerpt":{"rendered":"<p>Ascienden a 160 mil pesos y permiten iniciar o completar la construcci\u00f3n de un ba\u00f1o o un dormitorio. Las familias que obtuvieron este beneficio se postularon a trav\u00e9s de CiDi y luego fueron a sorteo a trav\u00e9s de la Loter\u00eda de C\u00f3rdoba. La Provincia contempla una inversi\u00f3n de 8 mil millones de pesos para que &hellip;<\/p>\n","protected":false},"author":1,"featured_media":5611,"comment_status":"open","ping_status":"open","sticky":false,"template":"","format":"standard","meta":{"footnotes":""},"categories":[48],"tags":[],"class_list":["post-5608","post","type-post","status-publish","format-standard","has-post-thumbnail","hentry","category-info-general"],"_links":{"self":[{"href":"https:\/\/radiobeat97.com.ar\/beat\/wp-json\/wp\/v2\/posts\/5608","targetHints":{"allow":["GET"]}}],"collection":[{"href":"https:\/\/radiobeat97.com.ar\/beat\/wp-json\/wp\/v2\/posts"}],"about":[{"href":"https:\/\/radiobeat97.com.ar\/beat\/wp-json\/wp\/v2\/types\/post"}],"author":[{"embeddable":true,"href":"https:\/\/radiobeat97.com.ar\/beat\/wp-json\/wp\/v2\/users\/1"}],"replies":[{"embeddable":true,"href":"https:\/\/radiobeat97.com.ar\/beat\/wp-json\/wp\/v2\/comments?post=5608"}],"version-history":[{"count":1,"href":"https:\/\/radiobeat97.com.ar\/beat\/wp-json\/wp\/v2\/posts\/5608\/revisions"}],"predecessor-version":[{"id":5609,"href":"https:\/\/radiobeat97.com.ar\/beat\/wp-json\/wp\/v2\/posts\/5608\/revisions\/5609"}],"wp:featuredmedia":[{"embeddable":true,"href":"https:\/\/radiobeat97.com.ar\/beat\/wp-json\/wp\/v2\/media\/5611"}],"wp:attachment":[{"href":"https:\/\/radiobeat97.com.ar\/beat\/wp-json\/wp\/v2\/media?parent=5608"}],"wp:term":[{"taxonomy":"category","embeddable":true,"href":"https:\/\/radiobeat97.com.ar\/beat\/wp-json\/wp\/v2\/categories?post=5608"},{"taxonomy":"post_tag","embeddable":true,"href":"https:\/\/radiobeat97.com.ar\/beat\/wp-json\/wp\/v2\/tags?post=5608"}],"curies":[{"name":"wp","href":"https:\/\/api.w.org\/{rel}","templated":true}]}}