{"id":5616,"date":"2023-03-11T15:57:33","date_gmt":"2023-03-11T15:57:33","guid":{"rendered":"http:\/\/www.radiobeat97.com.ar\/beat\/?p=5616"},"modified":"2023-05-06T13:03:15","modified_gmt":"2023-05-06T13:03:15","slug":"schiaretti-y-llaryora-inauguraron-el-paseo-guemes","status":"publish","type":"post","link":"https:\/\/radiobeat97.com.ar\/beat\/schiaretti-y-llaryora-inauguraron-el-paseo-guemes\/","title":{"rendered":"Schiaretti y Llaryora inauguraron el Paseo G\u00fcemes"},"content":{"rendered":"<ul>\n<li><strong>Funciona en el predio de la ex c\u00e1rcel de Encausados y\u00a0demand\u00f3 una inversi\u00f3n superior a los 395 millones de pesos.<\/strong><\/li>\n<li><strong>Tiene \u00e1reas de circulaci\u00f3n, de permanencia y plazas blandas con juegos infantiles, con reserva de lugares para personas en silla de ruedas.<\/strong><\/li>\n<li><strong>El flamante paseo ampl\u00eda\u00a0las zonas verdes que ponen en valor el paisaje cultural e hist\u00f3rico.<\/strong><\/li>\n<\/ul>\n<p>El gobernador Juan Schiaretti inaugur\u00f3 este viernes junto al intendente Mart\u00edn\u00a0Llaryora, el nuevo Paseo G\u00fcemes, construido en el predio donde anteriormente funcionaba la ex c\u00e1rcel de Encausados.<\/p>\n<p><em>\u201cQued\u00f3 espectacular<\/em>-sostuvo Schiaretti-,\u00a0<em>es un antes y un despu\u00e9s para esta zona de la ciudad y yo dir\u00eda para toda la ciudad de C\u00f3rdoba y para la provincia de C\u00f3rdoba\u201d<\/em>.<\/p>\n<p>En una superficie total de terreno de 15.400 metros cuadrados, el parque ocupa 11.225 metros cuadrados, con un desarrollo hacia la calle Ayacucho.<\/p>\n<figure class=\"wp-container-2 wp-block-gallery-1 wp-block-gallery has-nested-images columns-default is-cropped has-lightbox lightbox-0 \">\n<figure class=\"wp-block-image size-large\"><img fetchpriority=\"high\" decoding=\"async\" class=\"wp-image-540789\" src=\"https:\/\/prensa.cba.gov.ar\/wp-content\/uploads\/2023\/03\/MG_8837.jpg\" alt=\"\" width=\"2400\" height=\"1600\" data-id=\"540789\" \/><\/figure>\n<figure class=\"wp-block-image size-large\"><img decoding=\"async\" class=\"wp-image-540794\" src=\"https:\/\/prensa.cba.gov.ar\/wp-content\/uploads\/2023\/03\/MG_8775.jpg\" alt=\"\" width=\"2400\" height=\"1600\" data-id=\"540794\" \/><\/figure>\n<\/figure>\n<p>El gobernador\u00a0afirm\u00f3 que\u00a0el nuevo paseo\u00a0<em>\u201cpasa a ser una atracci\u00f3n tur\u00edstica m\u00e1s de la ciudad y, por lo tanto, pasa a ser una atracci\u00f3n tur\u00edstica m\u00e1s de la provincia de C\u00f3rdoba\u201d.<\/em><\/p>\n<p>Consign\u00f3 asimismo que toda la zona adquiere relevancia comercial.\u00a0<em>\u201cUn \u00a0lugar que fue de pena y sufrimiento- porque las c\u00e1rceles nunca son agradables-<\/em>\u00a0<em>lo hemos transformado en un lugar de encuentro, de disfrute de los vecinos, un lugar que agranda la ciudad, un lugar que va a pasar a ser una postal de la provincia de C\u00f3rdoba\u201d.<\/em><\/p>\n<p>Aclar\u00f3 adem\u00e1s que a partir de ahora la Provincia lo cede al municipio\u00a0<em>\u201cpara que esto siga transform\u00e1ndose<\/em>\u00ab.<\/p>\n<figure class=\"wp-container-4 wp-block-gallery-3 wp-block-gallery has-nested-images columns-default is-cropped has-lightbox lightbox-1 \">\n<figure class=\"wp-block-image size-large\"><img decoding=\"async\" class=\"wp-image-540792\" src=\"https:\/\/prensa.cba.gov.ar\/wp-content\/uploads\/2023\/03\/MG_8857-1.jpg\" alt=\"\" width=\"2400\" height=\"1600\" data-id=\"540792\" \/><\/figure>\n<figure class=\"wp-block-image size-full\"><img loading=\"lazy\" decoding=\"async\" class=\"wp-image-540819\" src=\"https:\/\/prensa.cba.gov.ar\/wp-content\/uploads\/2023\/03\/WhatsApp-Image-2023-03-10-at-21.20.53.jpeg\" alt=\"\" width=\"1152\" height=\"768\" data-id=\"540819\" \/><\/figure>\n<figure class=\"wp-block-image size-full\"><img loading=\"lazy\" decoding=\"async\" class=\"wp-image-540820\" src=\"https:\/\/prensa.cba.gov.ar\/wp-content\/uploads\/2023\/03\/WhatsApp-Image-2023-03-10-at-21.20.53-1.jpeg\" alt=\"\" width=\"1152\" height=\"768\" data-id=\"540820\" \/><\/figure>\n<\/figure>\n<p>Schiaretti\u00a0defendi\u00f3 la importancia del trabajo conjunto\u00a0con la municipalidad y asegur\u00f3 que\u00a0<em>\u201cpese a las dificultades que tiene la patria argentina, C\u00f3rdoba no para, sigue tomando medidas, desarrollando acciones y ejecutando obras que hacen \u00a0al progreso de nuestra gente\u201d<\/em>.<\/p>\n<p>Por su parte el intendente Mart\u00edn Llaryora dijo que el Paseo G\u00fcemes\u00a0<em>\u201ces un sue\u00f1o hecho realidad\u201d<\/em>.<\/p>\n<p>Explic\u00f3 que\u00a0<em>\u201cse ha ganado y recuperado un sector que estaba totalmente oscuro y ahora, en este tiempo, lo hemos podido mejorar, en definitiva cumplimos con lo que nos hab\u00edamos comprometido con los vecinos\u201d.<\/em><\/p>\n<p>A continuaci\u00f3n\u00a0le agradeci\u00f3 a la gente la confianza y asegur\u00f3 que<em>\u00a0\u201cesto era imposible de hacer si no ten\u00edamos un amigo de C\u00f3rdoba, nuestro gobernador Juan Schiaretti\u201d\u00a0<\/em>y concluy\u00f3 que<em>\u00a0\u201cel trabajo conjunto beneficia a los vecinos\u201d.<\/em><\/p>\n<figure class=\"wp-block-image aligncenter size-large is-resized\"><img loading=\"lazy\" decoding=\"async\" class=\"wp-image-540788\" src=\"https:\/\/prensa.cba.gov.ar\/wp-content\/uploads\/2023\/03\/MG_8972.jpg\" alt=\"\" width=\"603\" height=\"402\" \/><\/figure>\n<h3><strong>Sobre la obra<\/strong><\/h3>\n<p>El nuevo paseo\u00a0demand\u00f3 una inversi\u00f3n de 395.771.406 pesos e incluy\u00f3\u00a0la recuperaci\u00f3n y restauraci\u00f3n\u00a0de fachadas y cubiertas del edificio de la ex c\u00e1rcel de Encausados llev\u00e1ndolo a su estado original, adem\u00e1s de la\u00a0incorporaci\u00f3n de iluminaci\u00f3n ornamental.<\/p>\n<p>Se construyeron d\u00e1rsenas de estacionamiento sobre calles Ayacucho y Santiago Temple con lugares para personas discapacitadas.<\/p>\n<p>El\u00a0flamante espacio\u00a0est\u00e1 dotado de mobiliario urbano: bebederos, cestos de basura y bicicleteros. Adem\u00e1s, se colocaron estaciones de reciclaje con ecobicis.<\/p>\n<div class=\"wp-block-coblocks-gallery-carousel alignfull\" aria-label=\"Carousel Gallery\">\n<div class=\"coblocks-gallery-carousel-swiper-container is-cropped coblocks-gallery has-caption-style-dark has-no-thumbnails\">\n<div id=\"12345\" class=\"has-carousel has-carousel-xlrg swiper-container has-aligned-cells\" data-swiper=\"{&quot;alignCells&quot;:true,&quot;autoPlay&quot;:true,&quot;autoPlaySpeed&quot;:3000,&quot;draggable&quot;:false,&quot;freeMode&quot;:false,&quot;loop&quot;:true,&quot;navigation&quot;:false,&quot;pageDots&quot;:false,&quot;pauseHover&quot;:false,&quot;responsiveHeight&quot;:false,&quot;slidesPerView&quot;:1,&quot;thumbnails&quot;:false,&quot;uuid&quot;:&quot;12345&quot;}\">\n<div class=\"swiper-wrapper\">\n<div class=\"swiper-slide swiper-slide-next\" data-slider=\"3\" data-shallow-slider=\"\">\n<div class=\"coblocks-gallery--item\" tabindex=\"3\" role=\"button\">\n<figure class=\"coblocks-gallery--figure\"><img loading=\"lazy\" decoding=\"async\" class=\"wp-image-540796\" src=\"https:\/\/prensa.cba.gov.ar\/wp-content\/uploads\/2023\/03\/MG_8644.jpg\" alt=\"\" width=\"2400\" height=\"1600\" data-id=\"540796\" data-link=\"https:\/\/prensa.cba.gov.ar\/?attachment_id=540796\" \/><\/figure>\n<\/div>\n<\/div>\n<div class=\"swiper-slide\" data-slider=\"0\">\n<div class=\"coblocks-gallery--item\" tabindex=\"0\" role=\"button\">\n<figure class=\"coblocks-gallery--figure\"><img loading=\"lazy\" decoding=\"async\" class=\"wp-image-540799\" src=\"https:\/\/prensa.cba.gov.ar\/wp-content\/uploads\/2023\/03\/DJI_0612.jpg\" alt=\"\" width=\"4000\" height=\"2250\" data-id=\"540799\" data-link=\"https:\/\/prensa.cba.gov.ar\/?attachment_id=540799\" \/><\/figure>\n<\/div>\n<\/div>\n<div class=\"swiper-slide swiper-slide-prev\" data-slider=\"1\">\n<div class=\"coblocks-gallery--item\" tabindex=\"1\" role=\"button\">\n<figure class=\"coblocks-gallery--figure\"><img loading=\"lazy\" decoding=\"async\" class=\"wp-image-540801\" src=\"https:\/\/prensa.cba.gov.ar\/wp-content\/uploads\/2023\/03\/DJI_0521.jpg\" alt=\"\" width=\"4000\" height=\"2250\" data-id=\"540801\" data-link=\"https:\/\/prensa.cba.gov.ar\/?attachment_id=540801\" \/><\/figure>\n<\/div>\n<\/div>\n<div class=\"swiper-slide swiper-slide-active\" data-slider=\"2\">\n<div class=\"coblocks-gallery--item\" tabindex=\"2\" role=\"button\">\n<figure class=\"coblocks-gallery--figure\"><img loading=\"lazy\" decoding=\"async\" class=\"wp-image-540802\" src=\"https:\/\/prensa.cba.gov.ar\/wp-content\/uploads\/2023\/03\/WhatsApp-Image-2023-03-10-at-19.22.41.jpeg\" alt=\"\" width=\"1392\" height=\"928\" data-id=\"540802\" data-link=\"https:\/\/prensa.cba.gov.ar\/?attachment_id=540802\" \/><\/figure>\n<\/div>\n<\/div>\n<div class=\"swiper-slide swiper-slide-next\" data-slider=\"3\">\n<div class=\"coblocks-gallery--item\" tabindex=\"3\" role=\"button\">\n<figure class=\"coblocks-gallery--figure\"><img loading=\"lazy\" decoding=\"async\" class=\"wp-image-540796\" src=\"https:\/\/prensa.cba.gov.ar\/wp-content\/uploads\/2023\/03\/MG_8644.jpg\" alt=\"\" width=\"2400\" height=\"1600\" data-id=\"540796\" data-link=\"https:\/\/prensa.cba.gov.ar\/?attachment_id=540796\" \/><\/figure>\n<\/div>\n<\/div>\n<div class=\"swiper-slide\" data-slider=\"0\" data-shallow-slider=\"\">\n<div class=\"coblocks-gallery--item\" tabindex=\"0\" role=\"button\">\n<figure class=\"coblocks-gallery--figure\"><img loading=\"lazy\" decoding=\"async\" class=\"wp-image-540799\" src=\"https:\/\/prensa.cba.gov.ar\/wp-content\/uploads\/2023\/03\/DJI_0612.jpg\" alt=\"\" width=\"4000\" height=\"2250\" data-id=\"540799\" data-link=\"https:\/\/prensa.cba.gov.ar\/?attachment_id=540799\" \/><\/figure>\n<\/div>\n<\/div>\n<\/div>\n<\/div>\n<\/div>\n<\/div>\n<p>Este tipo de iniciativas contribuyen a los que se denomina infraestructura verde, entendida como una red sin\u00e9rgica y articulada que favorece la resiliencia de los sistemas de vida y el bienestar general de comunidades.<\/p>\n<p>Del acto participaron la senadora nacional Alejandra Vigo; el viceintendente\u00a0Daniel Passerini; el ministro de Obras P\u00fablicas, Ricardo Sosa; el secretario de Arquitectura, Manuel Grahovac; ministros del\u00a0gabinete provincial y legisladores .<\/p>\n<p><iframe title=\"Schiaretti y Llaryora inauguraron el Paseo G\u00fcemes\" src=\"https:\/\/www.youtube.com\/embed\/IwsP8BQ7YxU\" width=\"740\" height=\"413\" frameborder=\"0\" allowfullscreen=\"allowfullscreen\" data-mce-fragment=\"1\"><\/iframe><\/p>\n","protected":false},"excerpt":{"rendered":"<p>Funciona en el predio de la ex c\u00e1rcel de Encausados y\u00a0demand\u00f3 una inversi\u00f3n superior a los 395 millones de pesos. Tiene \u00e1reas de circulaci\u00f3n, de permanencia y plazas blandas con juegos infantiles, con reserva de lugares para personas en silla de ruedas. El flamante paseo ampl\u00eda\u00a0las zonas verdes que ponen en valor el paisaje cultural &hellip;<\/p>\n","protected":false},"author":1,"featured_media":5617,"comment_status":"open","ping_status":"open","sticky":false,"template":"","format":"standard","meta":{"footnotes":""},"categories":[48],"tags":[],"class_list":["post-5616","post","type-post","status-publish","format-standard","has-post-thumbnail","hentry","category-info-general"],"_links":{"self":[{"href":"https:\/\/radiobeat97.com.ar\/beat\/wp-json\/wp\/v2\/posts\/5616","targetHints":{"allow":["GET"]}}],"collection":[{"href":"https:\/\/radiobeat97.com.ar\/beat\/wp-json\/wp\/v2\/posts"}],"about":[{"href":"https:\/\/radiobeat97.com.ar\/beat\/wp-json\/wp\/v2\/types\/post"}],"author":[{"embeddable":true,"href":"https:\/\/radiobeat97.com.ar\/beat\/wp-json\/wp\/v2\/users\/1"}],"replies":[{"embeddable":true,"href":"https:\/\/radiobeat97.com.ar\/beat\/wp-json\/wp\/v2\/comments?post=5616"}],"version-history":[{"count":1,"href":"https:\/\/radiobeat97.com.ar\/beat\/wp-json\/wp\/v2\/posts\/5616\/revisions"}],"predecessor-version":[{"id":5618,"href":"https:\/\/radiobeat97.com.ar\/beat\/wp-json\/wp\/v2\/posts\/5616\/revisions\/5618"}],"wp:featuredmedia":[{"embeddable":true,"href":"https:\/\/radiobeat97.com.ar\/beat\/wp-json\/wp\/v2\/media\/5617"}],"wp:attachment":[{"href":"https:\/\/radiobeat97.com.ar\/beat\/wp-json\/wp\/v2\/media?parent=5616"}],"wp:term":[{"taxonomy":"category","embeddable":true,"href":"https:\/\/radiobeat97.com.ar\/beat\/wp-json\/wp\/v2\/categories?post=5616"},{"taxonomy":"post_tag","embeddable":true,"href":"https:\/\/radiobeat97.com.ar\/beat\/wp-json\/wp\/v2\/tags?post=5616"}],"curies":[{"name":"wp","href":"https:\/\/api.w.org\/{rel}","templated":true}]}}