{"id":5697,"date":"2023-05-04T12:33:17","date_gmt":"2023-05-04T12:33:17","guid":{"rendered":"http:\/\/www.radiobeat97.com.ar\/beat\/?p=5697"},"modified":"2023-05-29T11:48:57","modified_gmt":"2023-05-29T11:48:57","slug":"crece-la-participacion-en-el-consejo-provincial-de-adolescentes","status":"publish","type":"post","link":"https:\/\/radiobeat97.com.ar\/beat\/crece-la-participacion-en-el-consejo-provincial-de-adolescentes\/","title":{"rendered":"Crece la participaci\u00f3n en el Consejo Provincial de Adolescentes"},"content":{"rendered":"<ul>\n<li><strong>En su primera sesi\u00f3n del a\u00f1o, se increment\u00f3 la participaci\u00f3n en un 50%, que se traduce en 280 chicos y chicas de todo el territorio provincial.<\/strong><\/li>\n<li><strong>Este espacio deliberativo reafirma sus proyectos e iniciativas que surgen a trav\u00e9s de la participaci\u00f3n democr\u00e1tica.<\/strong><\/li>\n<\/ul>\n<p>El pasado 28 de abril se realiz\u00f3 la primera sesi\u00f3n 2023 del Consejo Provincial de Adolescentes (CPA), un espacio participativo y deliberativo de la SeNAF, que re\u00fane a chicos y chicas de 13 a 19 a\u00f1os de todo el territorio provincial.<\/p>\n<p>Este proyecto crece a\u00f1o a a\u00f1o, cada vez son m\u00e1s los que se acercan con intenci\u00f3n de sumar miradas, problem\u00e1ticas y temas para generar iniciativas concretas que impacten en las pol\u00edticas p\u00fablicas. Vienen de localidades del interior, de los colegios o de los barrios.<\/p>\n<p>Los propios chicos y chicas son los promotores y difusores de esta iniciativa que instala en agenda temas como: primeros auxilios psico-emocionales en las escuelas, Educaci\u00f3n Sexual Integral (ESI), cuidado del medio ambiente, desarrollo personal e inserci\u00f3n en el \u00e1mbito laboral, entre otros.<\/p>\n<p>El 2022 cerr\u00f3 con una participaci\u00f3n de 180 j\u00f3venes y esta primera sesi\u00f3n abri\u00f3 con casi 280 inscriptos. El crecimiento de casi el 50% da cuenta del inter\u00e9s que tienen los y las adolescentes de ser escuchados y trabajar entre pares.<\/p>\n<figure class=\"wp-container-2 wp-block-gallery-1 wp-block-gallery has-nested-images columns-default is-cropped\">\n<figure class=\"wp-block-image size-large\"><img fetchpriority=\"high\" decoding=\"async\" class=\"wp-image-548698\" src=\"https:\/\/prensa.cba.gov.ar\/wp-content\/uploads\/2023\/05\/444.jpg\" alt=\"\" width=\"990\" height=\"660\" data-id=\"548698\" \/><\/figure>\n<figure class=\"wp-block-image size-large\"><img decoding=\"async\" class=\"wp-image-548699\" src=\"https:\/\/prensa.cba.gov.ar\/wp-content\/uploads\/2023\/05\/22.jpg\" alt=\"\" width=\"990\" height=\"660\" data-id=\"548699\" \/><\/figure>\n<\/figure>\n<p>\u201c<em>Este crecimiento se da por distintas variables. En primer lugar porque el CPA est\u00e1 acompa\u00f1ado por un grupo de adultos que entendi\u00f3 a los j\u00f3venes, se comprometi\u00f3 con ellos. Y por otra parte, porque funcion\u00f3 el boca en boca, son los propios adolescentes los que traen a sus pares\u00bb,\u00a0<\/em>afirm\u00f3 Georgina Tavella secretaria de Ni\u00f1ez, Adolescencia y Familia.<\/p>\n<p>\u00ab<em>El a\u00f1o pasado -continu\u00f3- cerramos con propuestas concretas, las autoridades participamos para conocer lo que los chicos ped\u00edan y necesitaban. Eso hizo que ellos mismos contagiaran el inter\u00e9s en otros. Nosotros habitamos este espacio para que ellos lo habiten. Por otra parte, un punto importante es que el Consejo no es solo para chicos y chicas escolarizados, tambi\u00e9n queremos que tengan voz aquellos que est\u00e1n fuera del sistema educativo. Buscamos que en este espacio todos sean escuchados<\/em>\u201d.<\/p>\n<p>En esta primera sesi\u00f3n del a\u00f1o los y las participantes comenzaron a dise\u00f1ar el trabajo en las comisiones de Educaci\u00f3n, Deporte, Desarrollo Personal, Salud y Ambiente.\u00a0Las propuestas, las ideas y los proyectos est\u00e1n en marcha para este 2023.<\/p>\n<h3><strong>Experiencia joven<\/strong><\/h3>\n<figure class=\"wp-container-4 wp-block-gallery-3 wp-block-gallery has-nested-images columns-default is-cropped\">\n<figure class=\"wp-block-image size-large\"><img decoding=\"async\" class=\"wp-image-548702\" src=\"https:\/\/prensa.cba.gov.ar\/wp-content\/uploads\/2023\/05\/DSC_2879.jpg\" alt=\"\" width=\"990\" height=\"660\" data-id=\"548702\" \/><\/figure>\n<figure class=\"wp-block-image size-large\"><img loading=\"lazy\" decoding=\"async\" class=\"wp-image-548700\" src=\"https:\/\/prensa.cba.gov.ar\/wp-content\/uploads\/2023\/05\/66.jpg\" alt=\"\" width=\"990\" height=\"660\" data-id=\"548700\" \/><\/figure>\n<figure class=\"wp-block-image size-large\"><img loading=\"lazy\" decoding=\"async\" class=\"wp-image-548701\" src=\"https:\/\/prensa.cba.gov.ar\/wp-content\/uploads\/2023\/05\/333.jpg\" alt=\"\" width=\"990\" height=\"660\" data-id=\"548701\" \/><\/figure>\n<\/figure>\n<p>En la sesi\u00f3n estuvieron tanto aquellos que ya vienen participando activamente en ediciones anteriores como los que se sumaron por primera vez.<\/p>\n<p>Isabella de 15 a\u00f1os y oriunda de Villa San Isidro, ya tiene experiencia en el CPA y reafirma la importancia de ser parte de este espacio.\u00a0<em>\u201cEl CPA creci\u00f3 much\u00edsimo, participar es hermoso. Yo creo que esto se da porque los adolescentes y j\u00f3venes nos interesamos un mont\u00f3n en las problem\u00e1ticas, nos sentimos identificados<\/em>\u00ab.<\/p>\n<p>Y agreg\u00f3: \u00ab<em>En mi caso decid\u00ed quedarme en la comisi\u00f3n de salud. El a\u00f1o pasado surgieron muchas propuestas re interesantes, por ejemplo, hicimos un folleto sobre primeros auxilios psico-emocionales para ayudar a que los profes en las escuelas sepan c\u00f3mo resolver situaciones de sus alumnos (ataques de p\u00e1nico, ansiedad, etc.). Ahora estuvimos hablando sobre ESI y trastornos alimentarios. Pero son proyectos que tenemos que votar, el funcionamiento del CPA es democr\u00e1tico\u201d.<\/em><\/p>\n<p>Por su parte Taylor, tambi\u00e9n de 15 a\u00f1os y oriunda de Colonia, se integr\u00f3 por primera vez al Consejo.<em>\u00a0\u201cEst\u00e1 muy bueno, tuve un par de intercambios muy lindos con los chicos de la comisi\u00f3n a la que me sum\u00e9. Todos tenemos experiencias distintas pero de alguna forma nos unen las mismas cosas\u201d<\/em>, relat\u00f3.<\/p>\n<p>Coty y Tom\u00e1s, de C\u00f3rdoba capital, tambi\u00e9n son nuevos en el CPA y llegaron a partir de una convocatoria que le hicieron desde su colegio.\u00a0<em>\u201cEs muy lindo poder compartir y sumar ideas. Para nosotros es importante tener un espacio para hablar de las cosas que nos preocupan e interesan<\/em>\u201d, afirmaron.<\/p>\n","protected":false},"excerpt":{"rendered":"<p>En su primera sesi\u00f3n del a\u00f1o, se increment\u00f3 la participaci\u00f3n en un 50%, que se traduce en 280 chicos y chicas de todo el territorio provincial. Este espacio deliberativo reafirma sus proyectos e iniciativas que surgen a trav\u00e9s de la participaci\u00f3n democr\u00e1tica. El pasado 28 de abril se realiz\u00f3 la primera sesi\u00f3n 2023 del Consejo &hellip;<\/p>\n","protected":false},"author":5,"featured_media":5698,"comment_status":"open","ping_status":"open","sticky":false,"template":"","format":"standard","meta":{"footnotes":""},"categories":[48],"tags":[],"class_list":["post-5697","post","type-post","status-publish","format-standard","has-post-thumbnail","hentry","category-info-general"],"_links":{"self":[{"href":"https:\/\/radiobeat97.com.ar\/beat\/wp-json\/wp\/v2\/posts\/5697","targetHints":{"allow":["GET"]}}],"collection":[{"href":"https:\/\/radiobeat97.com.ar\/beat\/wp-json\/wp\/v2\/posts"}],"about":[{"href":"https:\/\/radiobeat97.com.ar\/beat\/wp-json\/wp\/v2\/types\/post"}],"author":[{"embeddable":true,"href":"https:\/\/radiobeat97.com.ar\/beat\/wp-json\/wp\/v2\/users\/5"}],"replies":[{"embeddable":true,"href":"https:\/\/radiobeat97.com.ar\/beat\/wp-json\/wp\/v2\/comments?post=5697"}],"version-history":[{"count":1,"href":"https:\/\/radiobeat97.com.ar\/beat\/wp-json\/wp\/v2\/posts\/5697\/revisions"}],"predecessor-version":[{"id":5699,"href":"https:\/\/radiobeat97.com.ar\/beat\/wp-json\/wp\/v2\/posts\/5697\/revisions\/5699"}],"wp:featuredmedia":[{"embeddable":true,"href":"https:\/\/radiobeat97.com.ar\/beat\/wp-json\/wp\/v2\/media\/5698"}],"wp:attachment":[{"href":"https:\/\/radiobeat97.com.ar\/beat\/wp-json\/wp\/v2\/media?parent=5697"}],"wp:term":[{"taxonomy":"category","embeddable":true,"href":"https:\/\/radiobeat97.com.ar\/beat\/wp-json\/wp\/v2\/categories?post=5697"},{"taxonomy":"post_tag","embeddable":true,"href":"https:\/\/radiobeat97.com.ar\/beat\/wp-json\/wp\/v2\/tags?post=5697"}],"curies":[{"name":"wp","href":"https:\/\/api.w.org\/{rel}","templated":true}]}}