{"id":5721,"date":"2023-05-10T10:54:50","date_gmt":"2023-05-10T10:54:50","guid":{"rendered":"http:\/\/www.radiobeat97.com.ar\/beat\/?p=5721"},"modified":"2023-05-29T11:48:17","modified_gmt":"2023-05-29T11:48:17","slug":"el-estadio-mario-alberto-kempes-cumple-45-anos-y-prepara-un-evento-especial","status":"publish","type":"post","link":"https:\/\/radiobeat97.com.ar\/beat\/el-estadio-mario-alberto-kempes-cumple-45-anos-y-prepara-un-evento-especial\/","title":{"rendered":"El Estadio Mario Alberto Kempes cumple 45 a\u00f1os y prepara un evento especial"},"content":{"rendered":"<p>El\u00a0<strong>espacio deportivo m\u00e1s emblem\u00e1tico de la provincia cumple 45 a\u00f1os<\/strong>. Fue construido para ser sede del Mundial 1978 disputado en nuestro pa\u00eds y se transform\u00f3 en uno de los escenarios m\u00e1s importantes del interior.<\/p>\n<p>En este marco, el<strong>\u00a0martes 16 de mayo a las 16:30<\/strong>\u00a0realizar\u00e1\u00a0<strong>una visita guiada tem\u00e1tica<\/strong>\u00a0denominada \u00abConstrucci\u00f3n del Estadio C\u00f3rdoba y partido inaugural\u00bb. El evento es gratuito y cuenta con cupos limitados, con inscripci\u00f3n previa.<\/p>\n<p>Solamente\u00a0<strong>ser\u00e1n 40 las personas que podr\u00e1n disfrutar de este gran momento<\/strong>, donde se destacar\u00e1n detalles de la construcci\u00f3n del estadio ol\u00edmpico de C\u00f3rdoba, nombre que recibi\u00f3 en su inauguraci\u00f3n. Adem\u00e1s, servir\u00e1 para\u00a0<strong>rememorar el partido inaugural\u00a0<\/strong>disputado por las selecciones de C\u00f3rdoba y Argentina.<\/p>\n<p>Se trata de la apertura de\u00a0<strong>una serie de visitas tem\u00e1ticas que se desarrollar\u00e1n durante el a\u00f1o<\/strong>, que abordar\u00e1n diferentes aspectos del Estadio Kempes. Para mayor informaci\u00f3n y acceder al formulario de inscripci\u00f3n, ingresar\u00a0<a href=\"https:\/\/docs.google.com\/forms\/d\/e\/1FAIpQLSebGHZlUnNAPX2ocbT4La4cz9FkRY-ZMxaoDKDaMgfPC1X44Q\/viewform\" target=\"_blank\" rel=\"noopener\">aqu\u00ed<\/a>.<\/p>\n","protected":false},"excerpt":{"rendered":"<p>El\u00a0espacio deportivo m\u00e1s emblem\u00e1tico de la provincia cumple 45 a\u00f1os. Fue construido para ser sede del Mundial 1978 disputado en nuestro pa\u00eds y se transform\u00f3 en uno de los escenarios m\u00e1s importantes del interior. En este marco, el\u00a0martes 16 de mayo a las 16:30\u00a0realizar\u00e1\u00a0una visita guiada tem\u00e1tica\u00a0denominada \u00abConstrucci\u00f3n del Estadio C\u00f3rdoba y partido inaugural\u00bb. El &hellip;<\/p>\n","protected":false},"author":5,"featured_media":5722,"comment_status":"open","ping_status":"open","sticky":false,"template":"","format":"standard","meta":{"footnotes":""},"categories":[47],"tags":[],"class_list":["post-5721","post","type-post","status-publish","format-standard","has-post-thumbnail","hentry","category-deportes"],"_links":{"self":[{"href":"https:\/\/radiobeat97.com.ar\/beat\/wp-json\/wp\/v2\/posts\/5721","targetHints":{"allow":["GET"]}}],"collection":[{"href":"https:\/\/radiobeat97.com.ar\/beat\/wp-json\/wp\/v2\/posts"}],"about":[{"href":"https:\/\/radiobeat97.com.ar\/beat\/wp-json\/wp\/v2\/types\/post"}],"author":[{"embeddable":true,"href":"https:\/\/radiobeat97.com.ar\/beat\/wp-json\/wp\/v2\/users\/5"}],"replies":[{"embeddable":true,"href":"https:\/\/radiobeat97.com.ar\/beat\/wp-json\/wp\/v2\/comments?post=5721"}],"version-history":[{"count":1,"href":"https:\/\/radiobeat97.com.ar\/beat\/wp-json\/wp\/v2\/posts\/5721\/revisions"}],"predecessor-version":[{"id":5723,"href":"https:\/\/radiobeat97.com.ar\/beat\/wp-json\/wp\/v2\/posts\/5721\/revisions\/5723"}],"wp:featuredmedia":[{"embeddable":true,"href":"https:\/\/radiobeat97.com.ar\/beat\/wp-json\/wp\/v2\/media\/5722"}],"wp:attachment":[{"href":"https:\/\/radiobeat97.com.ar\/beat\/wp-json\/wp\/v2\/media?parent=5721"}],"wp:term":[{"taxonomy":"category","embeddable":true,"href":"https:\/\/radiobeat97.com.ar\/beat\/wp-json\/wp\/v2\/categories?post=5721"},{"taxonomy":"post_tag","embeddable":true,"href":"https:\/\/radiobeat97.com.ar\/beat\/wp-json\/wp\/v2\/tags?post=5721"}],"curies":[{"name":"wp","href":"https:\/\/api.w.org\/{rel}","templated":true}]}}