{"id":5725,"date":"2023-05-15T12:11:47","date_gmt":"2023-05-15T12:11:47","guid":{"rendered":"http:\/\/www.radiobeat97.com.ar\/beat\/?p=5725"},"modified":"2023-06-21T13:34:54","modified_gmt":"2023-06-21T13:34:54","slug":"comienza-la-semana-del-parto-respetado","status":"publish","type":"post","link":"https:\/\/radiobeat97.com.ar\/beat\/comienza-la-semana-del-parto-respetado\/","title":{"rendered":"Comienza la Semana del parto respetado"},"content":{"rendered":"<ul>\n<li><strong>La Direcci\u00f3n de Salud del Embarazo, Perinatal y de la Ni\u00f1ez ofrecer\u00e1 actividades en distintos hospitales, dirigidas a equipos de salud.\u00a0<\/strong><\/li>\n<li><strong>El mi\u00e9rcoles se realizar\u00e1 el encuentro \u201cProyecto Parto de Oro\u201d junto a UNICEF.<\/strong><\/li>\n<li><strong>C\u00f3rdoba adhiere a la Ley Nacional que promueve el respeto a los derechos de personas gestantes y sus beb\u00e9s durante el parto y puerperio.<\/strong><\/li>\n<\/ul>\n<p>Del 15 al 21 de mayo, se lleva adelante la\u00a0<strong>Semana mundial del parto respetado<\/strong>, que tiene el objetivo de visibilizar los derechos de las personas gestantes y sus beb\u00e9s al momento del parto y el puerperio.<\/p>\n<p>En este marco, la Direcci\u00f3n de Salud del Embarazo, Perinatal y de la Ni\u00f1ez del Ministerio de Salud ofrecer\u00e1 en distintos hospitales la charla \u201cSalud es parir libres de violencias: parto de oro y hora de oro\u201d, en l\u00ednea con la consigna que propone la OMS. La iniciativa est\u00e1\u00a0<strong>dirigida a los equipos de salud<\/strong>\u00a0de cada centro.<\/p>\n<p>La actividad se realizar\u00e1 en los hospitales: Florencio D\u00edaz, el lunes; Eva Per\u00f3n de Santa Rosa de Calamuchita, el martes; Materno Neonatal, el jueves; y en la Nueva Maternidad, el viernes. La propuesta se llevar\u00e1 a cabo a las 10.30, con excepci\u00f3n del Hospital Eva Per\u00f3n, que ser\u00e1 a las 11.30. No se requiere inscripci\u00f3n previa.<\/p>\n<p>Adem\u00e1s, el d\u00eda mi\u00e9rcoles se realizar\u00e1 la reuni\u00f3n central virtual \u201cProyecto Parto de Oro\u201d, una iniciativa organizada junto a UNICEF, para compartir y desarrollar lineamientos en materia de parto respetado. Esto incluye aspectos vinculados a equipamiento y tambi\u00e9n lo relacionado a la formaci\u00f3n de los equipos de salud, para continuar mejorando las salas de parto de cada instituci\u00f3n.<\/p>\n<p>Al respecto, cabe se\u00f1alar que la\u00a0<a href=\"https:\/\/prensa.cba.gov.ar\/informacion-general\/schiaretti-inaugura-hoy-la-nueva-maternidad-provincial\/\" target=\"_blank\" rel=\"noreferrer noopener\">Nueva Maternidad Provincial<\/a>\u00a0cuenta con 10 UTPR (Unidades de trabajo de parto y recuperaci\u00f3n), que permiten que las gestantes cuenten con el espacio, la comodidad y la intimidad para atravesar con tranquilidad todo el proceso del parto, acompa\u00f1adas siempre por la persona que decidan.<\/p>\n<p>En este marco, Mariana Van Ooteghem, a cargo de la mencionada Direcci\u00f3n, expres\u00f3:\u00a0<em>\u201cEstamos trabajando para fortalecer todas las estrategias de atenci\u00f3n perinatal que garanticen un parto respetado, libre de violencias. Queremos las mejores experiencias para personas gestantes, sus beb\u00e9s y sus afectos, en entornos seguros y con atenci\u00f3n de calidad. El proyecto \u201cParto de Oro\u201d que estamos desarrollando junto a UNICEF tiene ese objetivo\u201d.<\/em><\/p>\n<p>Vale destacar que estas jornadas cuentan con el apoyo de la Asociaci\u00f3n Cordobesa de Puericultura (PRIMAL).<\/p>\n<h3><strong>Parto respetado y normativas<\/strong><\/h3>\n<p>El parto respetado es una modalidad de atenci\u00f3n caracterizada por el\u00a0<strong>respeto a los derechos de las personas embarazadas y sus hijos e hijas en el momento del nacimiento y puerperio.\u00a0<\/strong>La misma implica el protagonismo de la mam\u00e1, el beb\u00e9 y los v\u00ednculos afectivos en todo ese momento<strong>.<\/strong><\/p>\n<p>En Argentina, desde el a\u00f1o 2004, existe la Ley Nacional 25.929 de Derechos de Padres e hijos\/as al momento del nacimiento. En 2005, C\u00f3rdoba adhiri\u00f3 a la Ley Nacional mediante la Ley 9.227.<\/p>\n<p>Asimismo, a partir de la sanci\u00f3n de la Ley Nacional 26.485, de protecci\u00f3n y prevenci\u00f3n de la violencia hacia las mujeres, la violaci\u00f3n a los derechos emanados por la Ley Nacional 25.929 constituyen violencia obst\u00e9trica.<\/p>\n<h4><strong>De acuerdo a la Ley Nacional, las personas embarazadas tienen derecho<\/strong>:<\/h4>\n<ul>\n<li>A ser informadas sobre las diferentes intervenciones m\u00e9dicas que pueden tener lugar durante el parto y pos-parto, y a participar activamente en las decisiones acerca de las distintas alternativas.<\/li>\n<li>A ser consideradas como personas sanas, de modo que se facilite su participaci\u00f3n como protagonista de su propio parto.<\/li>\n<li>A un parto respetuoso de los tiempos biol\u00f3gicos y psicol\u00f3gicos, evitando pr\u00e1cticas invasivas y suministro de medicaci\u00f3n que no est\u00e9n justificados.<\/li>\n<li>A ser informadas sobre la evoluci\u00f3n de su parto, el estado de su hijo o hija y, en general, a que se les haga part\u00edcipes de las diferentes actuaciones de los profesionales.<\/li>\n<li>A no ser sometidas a ning\u00fan examen o intervenci\u00f3n cuyo prop\u00f3sito sea de investigaci\u00f3n.<\/li>\n<li>A elegir qui\u00e9n las acompa\u00f1e durante el trabajo de parto, parto y pos-parto.<\/li>\n<li>A tener a su lado a su hijo o hija durante la permanencia en el establecimiento sanitario, siempre que la persona reci\u00e9n nacida no requiera de cuidados especiales.<\/li>\n<li>A ser informadas, desde el embarazo, sobre los beneficios de la lactancia materna y recibir apoyo para amamantar.<\/li>\n<li>A recibir asesoramiento e informaci\u00f3n sobre los cuidados de s\u00ed misma y del beb\u00e9.<\/li>\n<\/ul>\n<h4><strong>En tanto, toda persona reci\u00e9n nacida tiene derecho:<\/strong><\/h4>\n<ul>\n<li>A ser tratada en forma respetuosa y digna.<\/li>\n<li>A su inequ\u00edvoca identificaci\u00f3n.<\/li>\n<li>A no ser sometida a ning\u00fan examen o intervenci\u00f3n cuyo prop\u00f3sito sea solo de investigaci\u00f3n o docencia.<\/li>\n<li>A la internaci\u00f3n conjunta con su madre en la sala.<\/li>\n<li>A que sus padres reciban adecuado asesoramiento e informaci\u00f3n sobre los cuidados para su crecimiento y desarrollo, as\u00ed como de su plan de vacunaci\u00f3n.<\/li>\n<li>Adem\u00e1s, se promueven otras pr\u00e1cticas beneficiosas como el \u201ccontacto piel a piel\u201d, el corte tard\u00edo del cord\u00f3n umbilical y la lactancia materna exclusiva, entre otras.<\/li>\n<\/ul>\n<p><strong>Contacto:\u00a0<\/strong>Las personas interesadas en obtener m\u00e1s\u00a0<strong>informaci\u00f3n<\/strong>\u00a0o realizar alguna\u00a0<strong>consulta<\/strong>\u00a0pueden comunicarse con la Direcci\u00f3n de Salud del embarazo, perinatal y de la ni\u00f1ez al mail: disepen.cba@gmail.com.<\/p>\n","protected":false},"excerpt":{"rendered":"<p>La Direcci\u00f3n de Salud del Embarazo, Perinatal y de la Ni\u00f1ez ofrecer\u00e1 actividades en distintos hospitales, dirigidas a equipos de salud.\u00a0 El mi\u00e9rcoles se realizar\u00e1 el encuentro \u201cProyecto Parto de Oro\u201d junto a UNICEF. C\u00f3rdoba adhiere a la Ley Nacional que promueve el respeto a los derechos de personas gestantes y sus beb\u00e9s durante el &hellip;<\/p>\n","protected":false},"author":5,"featured_media":5726,"comment_status":"open","ping_status":"open","sticky":false,"template":"","format":"standard","meta":{"footnotes":""},"categories":[48],"tags":[],"class_list":["post-5725","post","type-post","status-publish","format-standard","has-post-thumbnail","hentry","category-info-general"],"_links":{"self":[{"href":"https:\/\/radiobeat97.com.ar\/beat\/wp-json\/wp\/v2\/posts\/5725","targetHints":{"allow":["GET"]}}],"collection":[{"href":"https:\/\/radiobeat97.com.ar\/beat\/wp-json\/wp\/v2\/posts"}],"about":[{"href":"https:\/\/radiobeat97.com.ar\/beat\/wp-json\/wp\/v2\/types\/post"}],"author":[{"embeddable":true,"href":"https:\/\/radiobeat97.com.ar\/beat\/wp-json\/wp\/v2\/users\/5"}],"replies":[{"embeddable":true,"href":"https:\/\/radiobeat97.com.ar\/beat\/wp-json\/wp\/v2\/comments?post=5725"}],"version-history":[{"count":1,"href":"https:\/\/radiobeat97.com.ar\/beat\/wp-json\/wp\/v2\/posts\/5725\/revisions"}],"predecessor-version":[{"id":5727,"href":"https:\/\/radiobeat97.com.ar\/beat\/wp-json\/wp\/v2\/posts\/5725\/revisions\/5727"}],"wp:featuredmedia":[{"embeddable":true,"href":"https:\/\/radiobeat97.com.ar\/beat\/wp-json\/wp\/v2\/media\/5726"}],"wp:attachment":[{"href":"https:\/\/radiobeat97.com.ar\/beat\/wp-json\/wp\/v2\/media?parent=5725"}],"wp:term":[{"taxonomy":"category","embeddable":true,"href":"https:\/\/radiobeat97.com.ar\/beat\/wp-json\/wp\/v2\/categories?post=5725"},{"taxonomy":"post_tag","embeddable":true,"href":"https:\/\/radiobeat97.com.ar\/beat\/wp-json\/wp\/v2\/tags?post=5725"}],"curies":[{"name":"wp","href":"https:\/\/api.w.org\/{rel}","templated":true}]}}