{"id":5734,"date":"2023-05-16T15:33:34","date_gmt":"2023-05-16T15:33:34","guid":{"rendered":"http:\/\/www.radiobeat97.com.ar\/beat\/?p=5734"},"modified":"2023-06-21T13:34:44","modified_gmt":"2023-06-21T13:34:44","slug":"mitos-y-verdades-sobre-la-vacunacion-antigripal","status":"publish","type":"post","link":"https:\/\/radiobeat97.com.ar\/beat\/mitos-y-verdades-sobre-la-vacunacion-antigripal\/","title":{"rendered":"Mitos y verdades sobre la vacunaci\u00f3n antigripal"},"content":{"rendered":"<ul>\n<li><strong>La vacuna es la principal medida para prevenir la gripe.<\/strong><\/li>\n<li><strong>Sin embargo, existen algunas dudas y mitos en torno a ella: \u00bfPuede causar la enfermedad? \u00bfSi no se aplica antes del invierno, sirve?<\/strong><\/li>\n<li><strong>Desde el Departamento de Inmunizaciones despejan estas dudas y recuerdan la importancia de acudir a cualquiera de los 800 vacunatorios a completar esquemas.<\/strong><\/li>\n<\/ul>\n<p>La vacuna antigripal es la principal medida para prevenir la influenza, ya que es una forma segura de producir una respuesta inmune a esta enfermedad.\u00a0 Sin embargo,\u00a0<strong>existen algunos mitos que pueden generar<\/strong><strong>\u00a0<\/strong>desconfianza sobre los efectos y beneficios que tiene esta protecci\u00f3n.<\/p>\n<p>Desde el Departamento de Inmunizaciones del Ministerio de Salud brindan informaci\u00f3n y despejan algunos de estos mitos:<\/p>\n<p><strong><em>\u201cLa vacuna de la gripe causa la enfermedad\u201d.<\/em><\/strong><\/p>\n<ul>\n<li><strong>Falso.<\/strong>\u00a0La vacuna contiene virus muertos que no transmiten la enfermedad. Puede provocar en el cuerpo alg\u00fan efecto adverso, pero no enfermar. En esta l\u00ednea, cabe destacar que menos del 1 por ciento de las personas vacunadas desarrollan s\u00edntomas gripales, como fiebre leve y dolores musculares. Adem\u00e1s, estos efectos secundarios no son los mismos que tiene la enfermedad real.<\/li>\n<\/ul>\n<p>Cabe aclarar tambi\u00e9n que la inmunidad protectora se desarrolla en el periodo comprendido entre la primera y la segunda semana despu\u00e9s de la vacunaci\u00f3n. Siempre es posible que una persona recientemente vacunada pueda estar expuesta a la enfermedad antes de que sus anticuerpos se formen y, por consiguiente, desarrolle una gripe. Esto puede dar lugar a que alguien crea err\u00f3neamente que se ha enfermado a partir de la vacunaci\u00f3n, pero en realidad no es de esta manera.<\/p>\n<p><strong><em>\u201cSi no me vacun\u00e9 antes del invierno, ya no tiene sentido aplicarme la dosis\u201d.<\/em><\/strong><\/p>\n<ul>\n<li><strong>Falso.<\/strong>\u00a0Si bien lo \u00f3ptimo es vacunarse antes del inicio del invierno, mientras haya circulaci\u00f3n del virus, aquellas personas pertenecientes a los grupos de riesgo que no hayan sido vacunadas deber\u00e1n recibir su dosis para estar protegidas.<\/li>\n<\/ul>\n<p><strong><em>\u201c<\/em><\/strong><strong><em>La vacuna antigripal debe colocarse una vez en la vida\u201d.<\/em><\/strong><\/p>\n<ul>\n<li><strong>Falso. Es importante aplicarse la vacuna anualmente, ya que las cepas del virus de la gripe mutan de a\u00f1o a a\u00f1o.\u00a0<\/strong>Por lo tanto, su formulaci\u00f3n cambia en cada campa\u00f1a, de acuerdo a las cepas del virus circulante. Adem\u00e1s, los anticuerpos que se originan a consecuencia de la vacunaci\u00f3n pierden el efecto protector a medida que pasa el tiempo.<\/li>\n<\/ul>\n<p><strong><em>\u201cLa vacuna antigripal puede colocarse junto a otras vacunas\u201d.<\/em><\/strong><\/p>\n<ul>\n<li><strong>Verdadero.<\/strong>\u00a0Se puede aplicar junto con cualquier otra, incluyendo las dosis para Covid-19.<\/li>\n<\/ul>\n<p><strong><em>\u00a0\u201cLas personas embarazadas no se pueden vacunar contra la gripe\u201d.<\/em><\/strong><\/p>\n<ul>\n<li><strong>Falso.<\/strong>\u00a0Las personas embarazadas tienen mayor riesgo de enfermedad grave, hospitalizaciones y muerte por influenza, y tambi\u00e9n hay mayor riesgo de muerte fetal, perinatal, parto prematuro y retardo de crecimiento del beb\u00e9. Por lo tanto,\u00a0<strong>es fundamental que se vacunen en cualquier trimestre de la gestaci\u00f3n<\/strong>.<\/li>\n<\/ul>\n<p>La inmunizaci\u00f3n durante el embarazo\u00a0<strong>brinda protecci\u00f3n a la persona gestante y al beb\u00e9<\/strong>\u00a0mediante el pasaje de anticuerpos a trav\u00e9s de la placenta, siendo segura para ambos.<\/p>\n<p><strong><em>\u00bfQui\u00e9nes deben recibir la vacuna?<\/em><\/strong><\/p>\n<p>La vacuna antigripal est\u00e1 indicada para los siguientes grupos objetivo: ni\u00f1os y ni\u00f1as de 6 a 24 meses de edad;\u00a0<strong>personas embarazadas<\/strong>\u00a0<strong>\u2013<\/strong>\u00a0en cualquier trimestre de la gestaci\u00f3n \u2013 y\u00a0<strong>pu\u00e9rperas<\/strong>\u00a0(hasta 10 d\u00edas desde el egreso de la maternidad), mayores de 65 a\u00f1os, equipos de salud, personas de 2 a\u00f1os a 64 a\u00f1os que tengan factores de riesgo (*) y personal estrat\u00e9gico.<\/p>\n<p>Esto es debido a que la vacunaci\u00f3n antigripal tiene como objetivo prevenir las complicaciones y reducir el riesgo de internaci\u00f3n y muerte en los grupos que presentan mayor vulnerabilidad ante este virus.<\/p>\n<p>Las personas comprendidas en estos grupos objetivo que no se hayan vacunado a\u00fan pueden hacerlo de forma gratuita en los m\u00e1s de\u00a0<a href=\"https:\/\/ministeriodesalud.cba.gov.ar\/centros-de-vacunacion\/\"><strong>800 vacunatorios<\/strong><\/a>\u00a0con los que cuenta la provincia.<\/p>\n<p><em>(*) Factores de riesgo: obesidad, diabetes, enfermedades respiratorias, enfermedades card\u00edacas, inmunodeficiencias cong\u00e9nitas o adquiridas, pacientes oncohematol\u00f3gicos, trasplantados o personas con insuficiencia renal cr\u00f3nica en di\u00e1lisis. Personas con retraso madurativo grave en menores de 18 a\u00f1os de edad, s\u00edndromes gen\u00e9ticos, enfermedades neuromusculares con compromiso respiratorio y malformaciones cong\u00e9nitas graves, tratamiento cr\u00f3nico con \u00e1cido acetilsalic\u00edlico en menores de 18 a\u00f1os, convivientes de personas con enfermedad oncohematol\u00f3gica y convivientes de reci\u00e9n nacidos prematuros menores de 1.500 g.<\/em><\/p>\n","protected":false},"excerpt":{"rendered":"<p>La vacuna es la principal medida para prevenir la gripe. Sin embargo, existen algunas dudas y mitos en torno a ella: \u00bfPuede causar la enfermedad? \u00bfSi no se aplica antes del invierno, sirve? Desde el Departamento de Inmunizaciones despejan estas dudas y recuerdan la importancia de acudir a cualquiera de los 800 vacunatorios a completar &hellip;<\/p>\n","protected":false},"author":5,"featured_media":5735,"comment_status":"open","ping_status":"open","sticky":false,"template":"","format":"standard","meta":{"footnotes":""},"categories":[48],"tags":[],"class_list":["post-5734","post","type-post","status-publish","format-standard","has-post-thumbnail","hentry","category-info-general"],"_links":{"self":[{"href":"https:\/\/radiobeat97.com.ar\/beat\/wp-json\/wp\/v2\/posts\/5734","targetHints":{"allow":["GET"]}}],"collection":[{"href":"https:\/\/radiobeat97.com.ar\/beat\/wp-json\/wp\/v2\/posts"}],"about":[{"href":"https:\/\/radiobeat97.com.ar\/beat\/wp-json\/wp\/v2\/types\/post"}],"author":[{"embeddable":true,"href":"https:\/\/radiobeat97.com.ar\/beat\/wp-json\/wp\/v2\/users\/5"}],"replies":[{"embeddable":true,"href":"https:\/\/radiobeat97.com.ar\/beat\/wp-json\/wp\/v2\/comments?post=5734"}],"version-history":[{"count":1,"href":"https:\/\/radiobeat97.com.ar\/beat\/wp-json\/wp\/v2\/posts\/5734\/revisions"}],"predecessor-version":[{"id":5736,"href":"https:\/\/radiobeat97.com.ar\/beat\/wp-json\/wp\/v2\/posts\/5734\/revisions\/5736"}],"wp:featuredmedia":[{"embeddable":true,"href":"https:\/\/radiobeat97.com.ar\/beat\/wp-json\/wp\/v2\/media\/5735"}],"wp:attachment":[{"href":"https:\/\/radiobeat97.com.ar\/beat\/wp-json\/wp\/v2\/media?parent=5734"}],"wp:term":[{"taxonomy":"category","embeddable":true,"href":"https:\/\/radiobeat97.com.ar\/beat\/wp-json\/wp\/v2\/categories?post=5734"},{"taxonomy":"post_tag","embeddable":true,"href":"https:\/\/radiobeat97.com.ar\/beat\/wp-json\/wp\/v2\/tags?post=5734"}],"curies":[{"name":"wp","href":"https:\/\/api.w.org\/{rel}","templated":true}]}}