{"id":5802,"date":"2023-06-21T12:52:20","date_gmt":"2023-06-21T12:52:20","guid":{"rendered":"http:\/\/www.radiobeat97.com.ar\/beat\/?p=5802"},"modified":"2023-06-21T13:30:45","modified_gmt":"2023-06-21T13:30:45","slug":"el-26-de-junio-arranca-la-entrega-de-modulos-de-paicor-para-el-receso-de-invierno","status":"publish","type":"post","link":"https:\/\/radiobeat97.com.ar\/beat\/el-26-de-junio-arranca-la-entrega-de-modulos-de-paicor-para-el-receso-de-invierno\/","title":{"rendered":"El 26 de junio arranca la entrega de m\u00f3dulos de PAICor para el receso de invierno"},"content":{"rendered":"<ul>\n<li><strong>Ser\u00e1n 325 mil m\u00f3dulos para alumnos de los niveles inicial, primario y secundario, en todo el territorio provincial.\u00a0<\/strong><\/li>\n<li><strong>Los directivos escolares informar\u00e1n a las familias beneficiarias el cronograma para retirarlos del establecimiento educativo.\u00a0<\/strong><\/li>\n<\/ul>\n<p>El lunes 26 de junio comenzar\u00e1 la entrega de los m\u00f3dulos alimentarios para alumnos titulares del Programa de Asistencia Integral de C\u00f3rdoba (PAICor) de Capital e interior.<\/p>\n<p>El operativo se extender\u00e1 hasta el viernes 7 de julio, antes del comienzo de las vacaciones escolares, y los directivos escolares informar\u00e1n a las familias beneficiarias el cronograma para retirar los alimentos.<\/p>\n<p>Asimismo, como parte de las acciones que lleva adelante la Secretar\u00eda General de la Gobernaci\u00f3n para garantizar el buen funcionamiento de los comedores escolares, se entregar\u00e1 nuevo equipamiento a las escuelas: 733 heladeras, 331 freezers, 40 cocinas industriales, adem\u00e1s de vajilla y utensilios necesarios para la preparaci\u00f3n de los alimentos.<\/p>\n<p>El operativo alcanza, en una primera instancia, a 670 instituciones escolares de toda la provincia que llevan adelante el Programa bajo la modalidad tradicional, que consiste en preparar los alimentos en las propias cocinas de los establecimientos educativos, y cubre la mayor parte del territorio provincial.<\/p>\n<p>Estas acciones refuerzan una de las pol\u00edticas sociales con mayor alcance en toda la provincia como es el programa PAICor, a trav\u00e9s de la cual se asiste con alimentaci\u00f3n a m\u00e1s de 325 mil ni\u00f1os, ni\u00f1as y adolescentes buscando contribuir a la inclusi\u00f3n y permanencia en el sistema educativo formal, promoviendo una nutrici\u00f3n saludable y propiciando un adecuado crecimiento y desarrollo de la poblaci\u00f3n en edad escolar en condici\u00f3n de vulnerabilidad.<\/p>\n","protected":false},"excerpt":{"rendered":"<p>Ser\u00e1n 325 mil m\u00f3dulos para alumnos de los niveles inicial, primario y secundario, en todo el territorio provincial.\u00a0 Los directivos escolares informar\u00e1n a las familias beneficiarias el cronograma para retirarlos del establecimiento educativo.\u00a0 El lunes 26 de junio comenzar\u00e1 la entrega de los m\u00f3dulos alimentarios para alumnos titulares del Programa de Asistencia Integral de C\u00f3rdoba &hellip;<\/p>\n","protected":false},"author":5,"featured_media":5803,"comment_status":"open","ping_status":"open","sticky":false,"template":"","format":"standard","meta":{"footnotes":""},"categories":[48],"tags":[],"class_list":["post-5802","post","type-post","status-publish","format-standard","has-post-thumbnail","hentry","category-info-general"],"_links":{"self":[{"href":"https:\/\/radiobeat97.com.ar\/beat\/wp-json\/wp\/v2\/posts\/5802","targetHints":{"allow":["GET"]}}],"collection":[{"href":"https:\/\/radiobeat97.com.ar\/beat\/wp-json\/wp\/v2\/posts"}],"about":[{"href":"https:\/\/radiobeat97.com.ar\/beat\/wp-json\/wp\/v2\/types\/post"}],"author":[{"embeddable":true,"href":"https:\/\/radiobeat97.com.ar\/beat\/wp-json\/wp\/v2\/users\/5"}],"replies":[{"embeddable":true,"href":"https:\/\/radiobeat97.com.ar\/beat\/wp-json\/wp\/v2\/comments?post=5802"}],"version-history":[{"count":1,"href":"https:\/\/radiobeat97.com.ar\/beat\/wp-json\/wp\/v2\/posts\/5802\/revisions"}],"predecessor-version":[{"id":5804,"href":"https:\/\/radiobeat97.com.ar\/beat\/wp-json\/wp\/v2\/posts\/5802\/revisions\/5804"}],"wp:featuredmedia":[{"embeddable":true,"href":"https:\/\/radiobeat97.com.ar\/beat\/wp-json\/wp\/v2\/media\/5803"}],"wp:attachment":[{"href":"https:\/\/radiobeat97.com.ar\/beat\/wp-json\/wp\/v2\/media?parent=5802"}],"wp:term":[{"taxonomy":"category","embeddable":true,"href":"https:\/\/radiobeat97.com.ar\/beat\/wp-json\/wp\/v2\/categories?post=5802"},{"taxonomy":"post_tag","embeddable":true,"href":"https:\/\/radiobeat97.com.ar\/beat\/wp-json\/wp\/v2\/tags?post=5802"}],"curies":[{"name":"wp","href":"https:\/\/api.w.org\/{rel}","templated":true}]}}