{"id":5852,"date":"2023-07-15T12:34:24","date_gmt":"2023-07-15T12:34:24","guid":{"rendered":"http:\/\/www.radiobeat97.com.ar\/beat\/?p=5852"},"modified":"2023-08-14T12:11:48","modified_gmt":"2023-08-14T12:11:48","slug":"la-serie-de-terror-escrita-por-stephen-king-que-el-quiere-que-veas","status":"publish","type":"post","link":"https:\/\/radiobeat97.com.ar\/beat\/la-serie-de-terror-escrita-por-stephen-king-que-el-quiere-que-veas\/","title":{"rendered":"La serie de terror escrita por Stephen King que \u00e9l quiere que veas"},"content":{"rendered":"<p>Cada vez que\u00a0<strong>Stephen King\u00a0<\/strong>toma su cuenta de Twitter para recomendar o criticar una serie o pel\u00edcula, se vuelve noticia. Y es que el maestro del terror es palabra m\u00e1s que autorizada para hablar de las producciones de suspenso y misterio que llegan a las salas y las plataformas de streaming. En el pasado,\u00a0el autor\u00a0<a href=\"https:\/\/indiehoy.com\/series\/misa-de-medianoche-la-nueva-serie-de-terror-de-netflix-elogiada-por-stephen-king\/\" target=\"_blank\" rel=\"noreferrer noopener\">elogi\u00f3\u00a0la serie\u00a0<em>Misa de medianoche<\/em><\/a>, la pel\u00edcula brit\u00e1nica\u00a0<em><a href=\"https:\/\/indiehoy.com\/cine\/yo-estuve-aqui-5-datos-sobre-el-thriller-britanico-de-netflix\/\" target=\"_blank\" rel=\"noreferrer noopener\">Yo estuve aqu\u00ed<\/a><\/em>,\u00a0<a href=\"https:\/\/indiehoy.com\/series\/los-guionistas-de-stranger-hings-responden-a-la-critica-de-stephen-king\/\" target=\"_blank\" rel=\"noreferrer noopener\">la cuarta temporada de\u00a0<em>Stranger Things<\/em><\/a>\u00a0y\u00a0<a href=\"https:\/\/indiehoy.com\/series\/serie-terror-ciencia-ficcion-stephen-king\/\" target=\"_blank\" rel=\"noreferrer noopener\">la serie\u00a0<em>From<\/em>\u00a0de HBO Max<\/a>. Ahora,\u00a0<strong>recomend\u00f3 una serie de ocho cap\u00edtulos escrita por \u00e9l y dirigida por el chileno\u00a0<a href=\"https:\/\/indiehoy.com\/tag\/pablo-larrain\/\" target=\"_blank\" rel=\"noreferrer noopener\">Pablo Larra\u00edn<\/a><\/strong>.<\/p>\n<p>La serie en cuesti\u00f3n es\u00a0<em><strong><a href=\"https:\/\/indiehoy.com\/series\/liseys-story-pablo-larrain-dirige-una-nueva-adaptacion-de-stephen-king-trailer\/\" target=\"_blank\" rel=\"noreferrer noopener\">Lisey&#8217;s Story<\/a><\/strong><\/em>, una producci\u00f3n de\u00a0<strong>Apple TV+<\/strong>\u00a0basada en la novela hom\u00f3nima de\u00a0<a href=\"https:\/\/indiehoy.com\/tag\/stephen-king\/\" target=\"_blank\" rel=\"noreferrer noopener\">King<\/a>\u00a0que fue publicada en 2006.\u00a0La misma lleg\u00f3 a la plataforma el 4 de junio de 2021 y est\u00e1 protagonizada por dos actores de lujo:\u00a0<strong>Julianne Moore<\/strong>\u00a0y\u00a0<strong>Clive Owen<\/strong>. La historia\u00a0<strong>gira en torno a un conjunto de eventos extra\u00f1os que vive Lisey Landon, una viuda que comienza a revivir situaciones con su difunto marido, el escritor Scott Landon, y la oscuridad que lo rodeaba<\/strong>.<\/p>\n<figure class=\"wp-block-embed is-type-rich is-provider-twitter wp-block-embed-twitter\">\n<div class=\"wp-block-embed__wrapper\"><iframe class=\"i-amphtml-fill-content\" title=\"Twitter\" src=\"https:\/\/d-28258237252954213832.ampproject.net\/2306202201000\/frame.html\" name=\"{&quot;host&quot;:&quot;d-28258237252954213832.ampproject.net&quot;,&quot;bootstrap&quot;:&quot;https:\/\/3p.ampproject.net\/2306202201000\/vendor\/twitter.mjs&quot;,&quot;type&quot;:&quot;twitter&quot;,&quot;count&quot;:1,&quot;attributes&quot;:{&quot;tweetid&quot;:&quot;1677845635897208833&quot;,&quot;width&quot;:600,&quot;height&quot;:480,&quot;_context&quot;:{&quot;ampcontextVersion&quot;:&quot;2306202201000&quot;,&quot;ampcontextFilepath&quot;:&quot;https:\/\/3p.ampproject.net\/2306202201000\/ampcontext-v0.js&quot;,&quot;sourceUrl&quot;:&quot;https:\/\/indiehoy.com\/series\/serie-terror-escrita-por-stephen-king-que-el-quiere-que-veas\/&quot;,&quot;referrer&quot;:&quot;https:\/\/indiehoy.com\/&quot;,&quot;canonicalUrl&quot;:&quot;https:\/\/indiehoy.com\/series\/serie-terror-escrita-por-stephen-king-que-el-quiere-que-veas\/&quot;,&quot;pageViewId&quot;:&quot;5411&quot;,&quot;location&quot;:{&quot;href&quot;:&quot;https:\/\/indiehoy.com\/series\/serie-terror-escrita-por-stephen-king-que-el-quiere-que-veas\/&quot;},&quot;startTime&quot;:1689165238703,&quot;tagName&quot;:&quot;AMP-TWITTER&quot;,&quot;mode&quot;:{&quot;localDev&quot;:false,&quot;development&quot;:false,&quot;esm&quot;:true,&quot;test&quot;:false,&quot;rtvVersion&quot;:&quot;012306202201000&quot;},&quot;canary&quot;:false,&quot;hidden&quot;:false,&quot;initialLayoutRect&quot;:{&quot;left&quot;:92,&quot;top&quot;:1377,&quot;width&quot;:723,&quot;height&quot;:579},&quot;domFingerprint&quot;:&quot;1628558472&quot;,&quot;experimentToggles&quot;:{&quot;canary&quot;:false,&quot;a4aProfilingRate&quot;:false,&quot;doubleclickSraExp&quot;:false,&quot;doubleclickSraReportExcludedBlock&quot;:true,&quot;flexAdSlots&quot;:false,&quot;flexible-bitrate&quot;:false,&quot;ios-fixed-no-transfer&quot;:false,&quot;story-ad-placements&quot;:false,&quot;story-disable-animations-first-page&quot;:true,&quot;story-load-inactive-outside-viewport&quot;:true,&quot;amp-sticky-ad-to-amp-ad-v4&quot;:false,&quot;story-video-cache-apply-audio&quot;:false,&quot;amp-story-subscriptions&quot;:true,&quot;esm&quot;:true,&quot;amp-story-first-page-max-bitrate&quot;:true,&quot;story-load-first-page-only&quot;:true,&quot;story-ad-page-outlink&quot;:false,&quot;amp-geo-ssr&quot;:true,&quot;story-remote-localization&quot;:true,&quot;attribution-reporting&quot;:false},&quot;sentinel&quot;:&quot;0-4058314602881569762&quot;},&quot;type&quot;:&quot;twitter&quot;}}\" width=\"600\" height=\"480\" scrolling=\"no\" sandbox=\"allow-top-navigation-by-user-activation allow-popups-to-escape-sandbox allow-forms allow-modals allow-pointer-lock allow-popups allow-same-origin allow-scripts\" allowfullscreen=\"allowfullscreen\" data-amp-3p-sentinel=\"0-4058314602881569762\" data-mce-fragment=\"1\"><\/iframe><\/div>\n<\/figure>\n<p>\u00ab<em>Lisey&#8217;s Story<\/em>\u00a0significa mucho para m\u00ed porque es una de mis preferidas. Es una historia sobre el amor, el matrimonio y el impulso creativo, adem\u00e1s tiene un villano espectacular\u00bb, hab\u00eda dicho King tiempo atr\u00e1s. Ahora, a trav\u00e9s de su cuenta de Twitter, invit\u00f3 al p\u00fablico a verla: \u00ab<strong>Julio puede ser un buen momento para disfrutar de\u00a0<\/strong><em><strong>Lisey&#8217;s Story<\/strong><\/em><strong>\u00a0en Apple+<\/strong>.\u00a0<strong>Todos los episodios est\u00e1n<\/strong>\u00a0<strong>dirigidos por Pablo Larra\u00edn<\/strong>\u00a0<strong>y escritos por m\u00ed<\/strong>\u00ab.<\/p>\n<p>Esta serie no solo es especial por estar basada en una novela suya sino tambi\u00e9n porque toma inspiraci\u00f3n de hechos reales que le sucedieron a \u00e9l. \u201cLisey es muy cercana a mi coraz\u00f3n. Yo enferm\u00e9 de neumon\u00eda, all\u00e1 por el a\u00f1o 2000, y estuve muy cerca de la muerte. Cuando volv\u00ed a mi casa, me di cuenta de que mi mujer, en mi ausencia, limpi\u00f3 mi estudio. Y pens\u00e9: \u2018Estoy muerto. Soy un fantasma\u2019. Y la idea de\u00a0<em>La historia de Lisey<\/em>\u00a0viene de ah\u00ed\u201d, coment\u00f3 King.<\/p>\n<p>Mir\u00e1 el tr\u00e1iler de\u00a0<em>Lisey&#8217;s Story<\/em>\u00a0a continuaci\u00f3n.<\/p>\n<figure class=\"wp-block-embed is-type-video is-provider-youtube wp-block-embed-youtube wp-embed-aspect-16-9 wp-has-aspect-ratio\">\n<div class=\"wp-block-embed__wrapper\"><img decoding=\"async\" class=\"i-amphtml-fill-content amp-hidden\" src=\"https:\/\/i.ytimg.com\/vi\/CPghJHkLDkw\/sddefault.jpg#404_is_fine\" alt=\"Loading video\" \/><iframe class=\"i-amphtml-fill-content\" title=\"YouTube video\" src=\"https:\/\/www.youtube.com\/embed\/CPghJHkLDkw?enablejsapi=1&amp;amp=1&amp;playsinline=1\" frameborder=\"0\" allowfullscreen=\"allowfullscreen\" data-mce-fragment=\"1\"><\/iframe><\/div>\n<\/figure>\n","protected":false},"excerpt":{"rendered":"<p>Cada vez que\u00a0Stephen King\u00a0toma su cuenta de Twitter para recomendar o criticar una serie o pel\u00edcula, se vuelve noticia. Y es que el maestro del terror es palabra m\u00e1s que autorizada para hablar de las producciones de suspenso y misterio que llegan a las salas y las plataformas de streaming. En el pasado,\u00a0el autor\u00a0elogi\u00f3\u00a0la serie\u00a0Misa &hellip;<\/p>\n","protected":false},"author":5,"featured_media":5853,"comment_status":"open","ping_status":"open","sticky":false,"template":"","format":"standard","meta":{"footnotes":""},"categories":[51],"tags":[],"class_list":["post-5852","post","type-post","status-publish","format-standard","has-post-thumbnail","hentry","category-series-y-peliculas"],"_links":{"self":[{"href":"https:\/\/radiobeat97.com.ar\/beat\/wp-json\/wp\/v2\/posts\/5852","targetHints":{"allow":["GET"]}}],"collection":[{"href":"https:\/\/radiobeat97.com.ar\/beat\/wp-json\/wp\/v2\/posts"}],"about":[{"href":"https:\/\/radiobeat97.com.ar\/beat\/wp-json\/wp\/v2\/types\/post"}],"author":[{"embeddable":true,"href":"https:\/\/radiobeat97.com.ar\/beat\/wp-json\/wp\/v2\/users\/5"}],"replies":[{"embeddable":true,"href":"https:\/\/radiobeat97.com.ar\/beat\/wp-json\/wp\/v2\/comments?post=5852"}],"version-history":[{"count":1,"href":"https:\/\/radiobeat97.com.ar\/beat\/wp-json\/wp\/v2\/posts\/5852\/revisions"}],"predecessor-version":[{"id":5854,"href":"https:\/\/radiobeat97.com.ar\/beat\/wp-json\/wp\/v2\/posts\/5852\/revisions\/5854"}],"wp:featuredmedia":[{"embeddable":true,"href":"https:\/\/radiobeat97.com.ar\/beat\/wp-json\/wp\/v2\/media\/5853"}],"wp:attachment":[{"href":"https:\/\/radiobeat97.com.ar\/beat\/wp-json\/wp\/v2\/media?parent=5852"}],"wp:term":[{"taxonomy":"category","embeddable":true,"href":"https:\/\/radiobeat97.com.ar\/beat\/wp-json\/wp\/v2\/categories?post=5852"},{"taxonomy":"post_tag","embeddable":true,"href":"https:\/\/radiobeat97.com.ar\/beat\/wp-json\/wp\/v2\/tags?post=5852"}],"curies":[{"name":"wp","href":"https:\/\/api.w.org\/{rel}","templated":true}]}}