{"id":5889,"date":"2023-08-01T10:56:12","date_gmt":"2023-08-01T10:56:12","guid":{"rendered":"http:\/\/www.radiobeat97.com.ar\/beat\/?p=5889"},"modified":"2023-08-14T12:08:03","modified_gmt":"2023-08-14T12:08:03","slug":"donacion-de-organos-comienza-la-inscripcion-al-2-curso-virtual-para-toda-la-comunidad","status":"publish","type":"post","link":"https:\/\/radiobeat97.com.ar\/beat\/donacion-de-organos-comienza-la-inscripcion-al-2-curso-virtual-para-toda-la-comunidad\/","title":{"rendered":"Donaci\u00f3n de \u00f3rganos: comienza la inscripci\u00f3n al 2\u00b0 curso virtual para toda la comunidad"},"content":{"rendered":"<ul>\n<li><strong>Las personas interesadas pueden inscribirse desde hoy 31 de julio al 14 de agosto desde la plataforma Ciudadano Digital.<\/strong><\/li>\n<li><strong>La propuesta busca promover que la ciudadan\u00eda conozca m\u00e1s sobre la tem\u00e1tica y sensibilizar sobre la importancia de construir una sociedad donante.<\/strong><\/li>\n<li><strong>La modalidad del cursado es on-line, y tiene una duraci\u00f3n de tres semanas y una carga de 10 horas.<\/strong><\/li>\n<\/ul>\n<p>El Ecodaic -Ente Coordinador de Ablaci\u00f3n e Implante de C\u00f3rdoba- informa que hoy\u00a0<strong>abren las inscripciones<\/strong>\u00a0para la 2\u00aa edici\u00f3n de la\u00a0<strong>capacitaci\u00f3n<\/strong>\u201c<strong>Donaci\u00f3n y trasplante, una pr\u00e1ctica m\u00e9dico-social\u201d<\/strong>, dirigida a\u00a0<strong>la\u00a0<\/strong><strong>comunidad en general<\/strong><strong>.<\/strong><\/p>\n<p>El curso\u00a0<strong>tiene como objetivo\u00a0<\/strong><strong>visibilizar esta tem\u00e1tica<\/strong><strong>\u00a0y estimular la conversaci\u00f3n social necesaria para\u00a0<\/strong><strong>construir una sociedad donante<\/strong><strong>.<\/strong><strong>\u00a0<\/strong>La formaci\u00f3n se da en el marco de la implementaci\u00f3n de la Ley 27.447, conocida como Ley Justina.<\/p>\n<p>Al respecto, el director del Ecodaic, Marcial Ang\u00f3s, explic\u00f3 que lo que diferencia al trasplante de otras pr\u00e1cticas m\u00e9dicas\u00a0<em>es que se trata de un recurso que necesariamente requiere del aporte solidario de la sociedad a trav\u00e9s de la donaci\u00f3n de \u00f3rganos y tejidos despu\u00e9s de la muerte<\/em><em>.<\/em><\/p>\n<p><em>\u201cDurante el mes de junio, realizamos una prueba piloto de este curso, y las encuestas que hicimos a las y los ciudadanos que lo completaron fueron muy alentadoras. Estamos ante un p\u00fablico que nos sugiere nuevas din\u00e1micas de aprendizaje, nos interpela ante algunos contenidos y ello nos motiva a seguir convocando a que conozcan, no solo sobre el procedimiento de una donaci\u00f3n hasta llegar al trasplante, sino tambi\u00e9n a que sean promotores de esta tem\u00e1tica, que necesita de cada uno de nosotros\u201d,<\/em>\u00a0agreg\u00f3 Ang\u00f3s.<\/p>\n<p>Por otro lado, Ana Carolina Sosa, participante de la prueba piloto, se refiri\u00f3 a su experiencia al cursar la capacitaci\u00f3n: \u201c<em>La informaci\u00f3n fue muy \u00fatil para conocer sobre esta problem\u00e1tica y aprender sobre el procedimiento, que es complejo. Es importante porque nos invita a reflexionar sobre la toma decisiones que pueden salvar vidas y a dimensionar que cualquiera de nosotros podr\u00eda necesitar un trasplante\u201d,\u00a0<\/em>sostuvo.<\/p>\n<p>Las personas interesadas pueden\u00a0<strong>inscribirse\u00a0<\/strong>desde hoy 31 de julio hasta el 14 de agosto desde la plataforma\u00a0<a href=\"https:\/\/cidi.cba.gov.ar\/portal-publico\/\"><strong>CIDI<\/strong><\/a>, a trav\u00e9s de la opci\u00f3n de capacitaciones ubicada en el apartado\u00a0<strong>Campus C\u00f3rdoba<\/strong>.<\/p>\n<p>El curso comienza el 15 de agosto y se organiza en m\u00f3dulos que abarcan las siguientes tem\u00e1ticas:\u00a0<strong>donaci\u00f3n y trasplante<\/strong>\u00a0en Argentina; del<strong>\u00a0proceso de donaci\u00f3n al trasplante<\/strong>\u00a0de \u00f3rganos, tejidos y c\u00e9lulas, y\u00a0<strong>comunicaci\u00f3n y salud<\/strong>. Tiene una\u00a0<strong>duraci\u00f3n de\u00a0<\/strong><strong>tres semanas<\/strong><strong>;<\/strong>\u00a0contempla\u00a0<strong>tres evaluaciones<\/strong>\u00a0que deben aprobarse con una nota m\u00ednima de seis, y otorga una<strong>\u00a0<\/strong><strong>certificaci\u00f3n<\/strong>\u00a0con una carga de 10 horas.<\/p>\n","protected":false},"excerpt":{"rendered":"<p>Las personas interesadas pueden inscribirse desde hoy 31 de julio al 14 de agosto desde la plataforma Ciudadano Digital. La propuesta busca promover que la ciudadan\u00eda conozca m\u00e1s sobre la tem\u00e1tica y sensibilizar sobre la importancia de construir una sociedad donante. La modalidad del cursado es on-line, y tiene una duraci\u00f3n de tres semanas y &hellip;<\/p>\n","protected":false},"author":5,"featured_media":5891,"comment_status":"open","ping_status":"open","sticky":false,"template":"","format":"standard","meta":{"footnotes":""},"categories":[48],"tags":[],"class_list":["post-5889","post","type-post","status-publish","format-standard","has-post-thumbnail","hentry","category-info-general"],"_links":{"self":[{"href":"https:\/\/radiobeat97.com.ar\/beat\/wp-json\/wp\/v2\/posts\/5889","targetHints":{"allow":["GET"]}}],"collection":[{"href":"https:\/\/radiobeat97.com.ar\/beat\/wp-json\/wp\/v2\/posts"}],"about":[{"href":"https:\/\/radiobeat97.com.ar\/beat\/wp-json\/wp\/v2\/types\/post"}],"author":[{"embeddable":true,"href":"https:\/\/radiobeat97.com.ar\/beat\/wp-json\/wp\/v2\/users\/5"}],"replies":[{"embeddable":true,"href":"https:\/\/radiobeat97.com.ar\/beat\/wp-json\/wp\/v2\/comments?post=5889"}],"version-history":[{"count":1,"href":"https:\/\/radiobeat97.com.ar\/beat\/wp-json\/wp\/v2\/posts\/5889\/revisions"}],"predecessor-version":[{"id":5892,"href":"https:\/\/radiobeat97.com.ar\/beat\/wp-json\/wp\/v2\/posts\/5889\/revisions\/5892"}],"wp:featuredmedia":[{"embeddable":true,"href":"https:\/\/radiobeat97.com.ar\/beat\/wp-json\/wp\/v2\/media\/5891"}],"wp:attachment":[{"href":"https:\/\/radiobeat97.com.ar\/beat\/wp-json\/wp\/v2\/media?parent=5889"}],"wp:term":[{"taxonomy":"category","embeddable":true,"href":"https:\/\/radiobeat97.com.ar\/beat\/wp-json\/wp\/v2\/categories?post=5889"},{"taxonomy":"post_tag","embeddable":true,"href":"https:\/\/radiobeat97.com.ar\/beat\/wp-json\/wp\/v2\/tags?post=5889"}],"curies":[{"name":"wp","href":"https:\/\/api.w.org\/{rel}","templated":true}]}}