{"id":5954,"date":"2023-09-04T11:13:28","date_gmt":"2023-09-04T11:13:28","guid":{"rendered":"http:\/\/www.radiobeat97.com.ar\/beat\/?p=5954"},"modified":"2023-09-20T13:36:53","modified_gmt":"2023-09-20T13:36:53","slug":"esta-semana-continuan-los-recorridos-de-vacunadores","status":"publish","type":"post","link":"https:\/\/radiobeat97.com.ar\/beat\/esta-semana-continuan-los-recorridos-de-vacunadores\/","title":{"rendered":"Esta semana contin\u00faan los recorridos de vacunadores"},"content":{"rendered":"<ul>\n<li><strong>Estar\u00e1n colocando dosis del carn\u00e9 nacional, Covid-19 y antigripal.<\/strong><\/li>\n<li><strong>Se ofrecer\u00e1n en Salas cuna, residencias de adultos mayores y distintos puntos estrat\u00e9gicos.<\/strong><\/li>\n<li><strong>Quienes deban completar esquemas, tambi\u00e9n pueden acercarse a los vacunatorios distribuidos en toda la provincia.<\/strong><\/li>\n<\/ul>\n<p>Esta semana los equipos de vacunadores de la Direcci\u00f3n de Epidemiolog\u00eda recorrer\u00e1n distintos puntos estrat\u00e9gicos para completar esquemas del\u00a0<strong>carn\u00e9 nacional, Covid-19, y de vacunaci\u00f3n antigripal<\/strong>. Cabe recordar que las distintas dosis se pueden colocar en simult\u00e1neo sin que esto represente alg\u00fan inconveniente.<\/p>\n<p>Todas las vacunas que se colocan tienen comprobada su\u00a0<strong>eficacia y seguridad<\/strong>, y son parte de pol\u00edticas sanitarias para\u00a0<strong>prevenir enfermedades y evitar sus complicaciones<\/strong>. Para conocer las dosis correspondientes seg\u00fan cada edad, se puede ingresar\u00a0<a href=\"https:\/\/ministeriodesalud.cba.gov.ar\/prevencion-y-cuidados\/inmunizaciones\/\" target=\"_blank\" rel=\"noreferrer noopener\">aqu\u00ed<\/a>.<\/p>\n<p><strong>Cronograma de la semana<\/strong><\/p>\n<p><strong>Lunes 4<\/strong><\/p>\n<ul>\n<li>Sanatorio Franc\u00e9s \u2013 B\u00b0 Alta C\u00f3rdoba, Jos\u00e9 Baigorr\u00ed 749, de 11:00 a 13:00.<\/li>\n<li>Sala cuna Pasitos de ternura \u2013 B\u00b0 La Floresta, manzana 120 \u2013 Lote 6, de 9:30 a 14:30.<\/li>\n<\/ul>\n<p><strong>Martes 5<\/strong><\/p>\n<ul>\n<li>Sala cuna Pecositos \u2013 B\u00b0 Remedios de Escalada, Margarita Puch de G\u00fcemes n\u00b0 181 Dpto 2 (ex Calle n\u00b0 5 esq n\u00b014), de 9:30 a 14:30.<\/li>\n<li>Geri\u00e1trico Los duendes alegres \u2013 B\u00b0 Crisol Sur, Monserrat n\u00b0 2267, de 10:00 a 14:00.<\/li>\n<\/ul>\n<p><strong>Mi\u00e9rcoles 6<\/strong><\/p>\n<ul>\n<li>Sanatorio Franc\u00e9s \u2013 B\u00b0 Alta C\u00f3rdoba, Jos\u00e9 Baigorr\u00ed 749, de 11:00 a 13:00.<\/li>\n<li>Sala cuna Trigo y miel \u2013 B\u00b0 Parque Rep\u00fablica, Chocori 1194, de 9:30 a 14:30.<\/li>\n<\/ul>\n<p><strong>Jueves 7<\/strong><\/p>\n<ul>\n<li>Sala cuna Peque\u00f1os corazones \u2013 B\u00b0 San Vicente, Obispo Castellano n\u00b0 1140, de 9:30 a 14:30.<\/li>\n<li>Asociaci\u00f3n de travestis, transexuales y transg\u00e9neros de Argentina \u2013 ATTTA\u2013 B\u00b0 Centro, Igualdad 120, de 15:00 a 18:00.<\/li>\n<\/ul>\n<p><strong>Viernes 8<\/strong><\/p>\n<ul>\n<li>Sanatorio Franc\u00e9s \u2013 B\u00b0 Alta C\u00f3rdoba, Jos\u00e9 Baigorr\u00ed 749, de 11:00 a 13:00.<\/li>\n<li>Jornada de veterinarios \u2013 Villa Giardino, de 10:00 a 17:00.<\/li>\n<\/ul>\n<p><strong>S\u00e1bado 9<\/strong><\/p>\n<ul>\n<li>Jornada de veterinarios \u2013 Villa Giardino, de 10:00 a 17:00.<\/li>\n<\/ul>\n<p>Cabe mencionar que los recorridos por Salas Cuna se llevan a cabo en articulaci\u00f3n con el\u00a0Ministerio de Desarrollo Social.<\/p>\n<p>Se recuerda que todas las vacunas se encuentran disponibles todo el a\u00f1o en los m\u00e1s de\u00a0800\u00a0<a href=\"https:\/\/ministeriodesalud.cba.gov.ar\/centros-de-vacunacion\/\" target=\"_blank\" rel=\"noreferrer noopener\"><strong>vacunatorios<\/strong><\/a><strong>\u00a0<\/strong>distribuidos en la provincia.<\/p>\n","protected":false},"excerpt":{"rendered":"<p>Estar\u00e1n colocando dosis del carn\u00e9 nacional, Covid-19 y antigripal. Se ofrecer\u00e1n en Salas cuna, residencias de adultos mayores y distintos puntos estrat\u00e9gicos. Quienes deban completar esquemas, tambi\u00e9n pueden acercarse a los vacunatorios distribuidos en toda la provincia. Esta semana los equipos de vacunadores de la Direcci\u00f3n de Epidemiolog\u00eda recorrer\u00e1n distintos puntos estrat\u00e9gicos para completar esquemas &hellip;<\/p>\n","protected":false},"author":5,"featured_media":5955,"comment_status":"open","ping_status":"open","sticky":false,"template":"","format":"standard","meta":{"footnotes":""},"categories":[48],"tags":[],"class_list":["post-5954","post","type-post","status-publish","format-standard","has-post-thumbnail","hentry","category-info-general"],"_links":{"self":[{"href":"https:\/\/radiobeat97.com.ar\/beat\/wp-json\/wp\/v2\/posts\/5954","targetHints":{"allow":["GET"]}}],"collection":[{"href":"https:\/\/radiobeat97.com.ar\/beat\/wp-json\/wp\/v2\/posts"}],"about":[{"href":"https:\/\/radiobeat97.com.ar\/beat\/wp-json\/wp\/v2\/types\/post"}],"author":[{"embeddable":true,"href":"https:\/\/radiobeat97.com.ar\/beat\/wp-json\/wp\/v2\/users\/5"}],"replies":[{"embeddable":true,"href":"https:\/\/radiobeat97.com.ar\/beat\/wp-json\/wp\/v2\/comments?post=5954"}],"version-history":[{"count":1,"href":"https:\/\/radiobeat97.com.ar\/beat\/wp-json\/wp\/v2\/posts\/5954\/revisions"}],"predecessor-version":[{"id":5956,"href":"https:\/\/radiobeat97.com.ar\/beat\/wp-json\/wp\/v2\/posts\/5954\/revisions\/5956"}],"wp:featuredmedia":[{"embeddable":true,"href":"https:\/\/radiobeat97.com.ar\/beat\/wp-json\/wp\/v2\/media\/5955"}],"wp:attachment":[{"href":"https:\/\/radiobeat97.com.ar\/beat\/wp-json\/wp\/v2\/media?parent=5954"}],"wp:term":[{"taxonomy":"category","embeddable":true,"href":"https:\/\/radiobeat97.com.ar\/beat\/wp-json\/wp\/v2\/categories?post=5954"},{"taxonomy":"post_tag","embeddable":true,"href":"https:\/\/radiobeat97.com.ar\/beat\/wp-json\/wp\/v2\/tags?post=5954"}],"curies":[{"name":"wp","href":"https:\/\/api.w.org\/{rel}","templated":true}]}}