{"id":5957,"date":"2023-09-04T11:15:46","date_gmt":"2023-09-04T11:15:46","guid":{"rendered":"http:\/\/www.radiobeat97.com.ar\/beat\/?p=5957"},"modified":"2023-09-20T13:36:44","modified_gmt":"2023-09-20T13:36:44","slug":"primavera-en-cordoba-que-hacer-en-septiembre-en-la-provincia","status":"publish","type":"post","link":"https:\/\/radiobeat97.com.ar\/beat\/primavera-en-cordoba-que-hacer-en-septiembre-en-la-provincia\/","title":{"rendered":"Primavera en C\u00f3rdoba: qu\u00e9 hacer en septiembre en la provincia"},"content":{"rendered":"<ul>\n<li><strong>Desde exposiciones rurales, peregrinaciones y festividades locales, el noveno mes del a\u00f1o propone actividades en cada departamento.<\/strong><\/li>\n<\/ul>\n<p>La provincia de C\u00f3rdoba se caracteriza por sus festivales y oferta de eventos que se llevan a cabo durante todo el a\u00f1o, m\u00e1s all\u00e1 de la destacada agenda festivalera que propone el verano.<\/p>\n<p>Es por eso que, la primavera, es adem\u00e1s de la estaci\u00f3n que se anticipa en propuestas para que tanto grandes como ni\u00f1os, disfruten de actividades en cada rinc\u00f3n de la provincia.<\/p>\n<h4 class=\"wp-block-heading\"><strong>Calendario<\/strong><\/h4>\n<p>\u20227 al 10 de septiembre: 76\u00b0 Expo Rural Jes\u00fas Mar\u00eda \u2013 Jes\u00fas Mar\u00eda<\/p>\n<p>\u2022 8 al 10 de septiembre: 4\u00b0 Encuentro Nacional de Pintores \u201cPintamos en la cuenca del Sol\u201d \u2013 Cruz del Eje<\/p>\n<p>\u2022 8 al 10 de septiembre: 13\u00b0 Torneo Nacional de ciegos y disminuidos visuales \u2013 La Paquita.<\/p>\n<p>\u2022 9 de septiembre: Septiembre en Sierras Chicas \u2013 Villa Allende<\/p>\n<p>\u2022 9 y 10 de septiembre: Festival Cabrera \u2013 General Cabrera<\/p>\n<p>\u2022 15 al 17 de septiembre: 39\u00b0 Expo Villa Santa Rosa \u2013 Villa Santa Rosa<\/p>\n<p>\u2022 16 de septiembre: 10\u00b0 Peregrinaci\u00f3n Camino del Peregrino \u2013 ciudad de C\u00f3rdoba \u2013 Giulio C\u00e9sare<\/p>\n<p>\u2022 16 y 17 de septiembre: 19\u00b0 Fiesta de Fe y Coraje \u2013 Pasco<\/p>\n<p>\u2022 21 de septiembre: Fiesta de la Primavera \u2013 Villa Carlos Paz<\/p>\n<p>\u2022 22 al 24 de septiembre: Primavera en Embalse \u2013 Embalse.<\/p>\n","protected":false},"excerpt":{"rendered":"<p>Desde exposiciones rurales, peregrinaciones y festividades locales, el noveno mes del a\u00f1o propone actividades en cada departamento. La provincia de C\u00f3rdoba se caracteriza por sus festivales y oferta de eventos que se llevan a cabo durante todo el a\u00f1o, m\u00e1s all\u00e1 de la destacada agenda festivalera que propone el verano. Es por eso que, la &hellip;<\/p>\n","protected":false},"author":5,"featured_media":5958,"comment_status":"open","ping_status":"open","sticky":false,"template":"","format":"standard","meta":{"footnotes":""},"categories":[50,46],"tags":[],"class_list":["post-5957","post","type-post","status-publish","format-standard","has-post-thumbnail","hentry","category-entretenimiento","category-musica"],"_links":{"self":[{"href":"https:\/\/radiobeat97.com.ar\/beat\/wp-json\/wp\/v2\/posts\/5957","targetHints":{"allow":["GET"]}}],"collection":[{"href":"https:\/\/radiobeat97.com.ar\/beat\/wp-json\/wp\/v2\/posts"}],"about":[{"href":"https:\/\/radiobeat97.com.ar\/beat\/wp-json\/wp\/v2\/types\/post"}],"author":[{"embeddable":true,"href":"https:\/\/radiobeat97.com.ar\/beat\/wp-json\/wp\/v2\/users\/5"}],"replies":[{"embeddable":true,"href":"https:\/\/radiobeat97.com.ar\/beat\/wp-json\/wp\/v2\/comments?post=5957"}],"version-history":[{"count":1,"href":"https:\/\/radiobeat97.com.ar\/beat\/wp-json\/wp\/v2\/posts\/5957\/revisions"}],"predecessor-version":[{"id":5959,"href":"https:\/\/radiobeat97.com.ar\/beat\/wp-json\/wp\/v2\/posts\/5957\/revisions\/5959"}],"wp:featuredmedia":[{"embeddable":true,"href":"https:\/\/radiobeat97.com.ar\/beat\/wp-json\/wp\/v2\/media\/5958"}],"wp:attachment":[{"href":"https:\/\/radiobeat97.com.ar\/beat\/wp-json\/wp\/v2\/media?parent=5957"}],"wp:term":[{"taxonomy":"category","embeddable":true,"href":"https:\/\/radiobeat97.com.ar\/beat\/wp-json\/wp\/v2\/categories?post=5957"},{"taxonomy":"post_tag","embeddable":true,"href":"https:\/\/radiobeat97.com.ar\/beat\/wp-json\/wp\/v2\/tags?post=5957"}],"curies":[{"name":"wp","href":"https:\/\/api.w.org\/{rel}","templated":true}]}}