{"id":5987,"date":"2023-09-20T13:33:56","date_gmt":"2023-09-20T13:33:56","guid":{"rendered":"http:\/\/www.radiobeat97.com.ar\/beat\/?p=5987"},"modified":"2023-09-20T13:35:38","modified_gmt":"2023-09-20T13:35:38","slug":"latin-grammys-2023-se-dio-a-conocer-la-lista-de-nominados","status":"publish","type":"post","link":"https:\/\/radiobeat97.com.ar\/beat\/latin-grammys-2023-se-dio-a-conocer-la-lista-de-nominados\/","title":{"rendered":"Latin Grammys 2023: Se dio a conocer la lista de nominados"},"content":{"rendered":"<article class=\"col-lg-12 notinoti v2c\">Esta ma\u00f1ana, L<b>a<\/b>\u00a0<b>Academia Latina de la Grabaci\u00f3n<\/b>\u00a0anunci\u00f3 la lista de nominados de la 24a\u00a0<i>Entrega Anual del Latin Grammy<\/i>. Este a\u00f1o, ser\u00e1 la primera vez que los premios se realizar\u00e1n en en el Palacio de Congresos y Exposiciones de Sevilla, Espa\u00f1a y no en Estados Unidos como era habitual.Uno de los artistas m\u00e1s nominados con 13 nominaciones fue el compositor mexicano\u00a0<b>Edgar Barrera<\/b>, que incluyen \u00ab<i>Compositor Del A\u00f1o<\/i>\u00ab, \u00ab<i>Productor Del A\u00f1o<\/i>\u00ab, y \u00ab<i>Canci\u00f3n Del A\u00f1o<\/i>\u00bb por partida doble, como coautor de \u201cNASA\u201d de\u00a0Camilo\u00a0y\u00a0Alejandro Sanz, y \u201c<b>Un X100to<\/b>\u201d de\u00a0Grupo Frontera\u00a0con\u00a0Bad Bunny.<\/p>\n<p>Con 7 nominaciones cada uno siguen en la lista,\u00a0Shakira,<b>\u00a0Camilo<\/b>,\u00a0<b>Kevyn Mauricio Cruz Moreno<\/b>\u00a0(<b>Keytin<\/b>) y\u00a0Karol G.<\/p>\n<p>El productor argentino\u00a0Bizarrap, fue acreedor de 6 categor\u00edas siendo as\u00ed el artista argentino con mayor cantidad de nominaciones seguido por\u00a0Mar\u00eda Becerra,\u00a0Babas\u00f3nicos,\u00a0Dante Spinetta,\u00a0<b>Andr\u00e9s Gim\u00e9nez<\/b>,\u00a0Nicki Nicole,\u00a0<b>Nico Cotton<\/b>\u00a0y\u00a0Fito P\u00e1ez\u00a0que participa en la categor\u00eda \u201c<i>Mejor \u00c1lbum Del A\u00f1o<\/i>\u201d por el disco \u201cEADDA9223\u201d.<\/p>\n<p>Entre los m\u00e1s nominados tambi\u00e9n se destacan, en 5 categor\u00edas,\u00a0Natalia Lafourcade,\u00a0<b>Bad Bunny<\/b>,\u00a0Pablo Albor\u00e1n,\u00a0Feid\u00a0y\u00a0<b>Dave Kutch<\/b>.<\/p>\n<p>Adem\u00e1s, cabe mencionar, que este a\u00f1o se sumaron tres categor\u00edas al proceso de premiaci\u00f3n: \u00ab<i>Compositor del A\u00f1o\u00bb<\/i>, \u00ab<i>Mejor Canci\u00f3n Cantautor\u00bb<\/i>, y \u00ab<i>Mejor Interpretaci\u00f3n Urbana en Lengua Portuguesa\u00bb<\/i>.<\/p>\n<p><i>\u201cTras evaluar m\u00e1s de 19,000 inscripciones, nos complace compartir los nominados de la vig\u00e9sima cuarta edici\u00f3n de los Latin Grammy<\/i>\u201d, dijo Manuel Abud, CEO de\u00a0<i><b>La Academia Latina de la Grabaci\u00f3n<\/b><\/i>. \u201c<i>Este grupo de creadores refleja la excelencia musical y la riqueza de la m\u00fasica latina, y esperamos poder celebrarlos durante la Semana del Latin Grammy en Sevilla, que ser\u00e1 un momento verdaderamente hist\u00f3rico para nuestra organizaci\u00f3n\u201d.<\/i><\/p>\n<p>Por su parte,\u00a0Soda Stereo\u00a0y\u00a0Gustavo Santaolalla\u00a0recibir\u00e1n el \u00ab<i>Premio a la Excelencia Musical<\/i>\u00bb en los d\u00edas previos a la entrega de premios. Seg\u00fan la asociaci\u00f3n, esta distinci\u00f3n a la\u00a0<i>Excelencia Musical<\/i>\u00a0<i>\u201cse otorga a int\u00e9rpretes que durante su carrera han hecho contribuciones creativas de sobresaliente valor art\u00edstico a la m\u00fasica latina y sus comunidades\u201d.<\/i>\u00a0Pero no necesariamente en la forma de interpretaciones. El Consejo Directivo de La Academia Latina de la Grabaci\u00f3n vota para ambas distinciones. Adem\u00e1s de\u00a0<b>Soda Stereo<\/b>\u00a0y<b>\u00a0Santaolalla<\/b>, entre los homenajeados de este a\u00f1o est\u00e1n\u00a0<b>Alex Acu\u00f1a<\/b>,<b>\u00a0Carmen Linares<\/b>,\u00a0<b>Mijares<\/b>,<b>\u00a0Arturo Sandoval<\/b>,\u00a0<b>Simone<\/b>,<b>\u00a0Wis\u00f3n Torres<\/b>\u00a0y\u00a0Ana Torroja.<\/p>\n<p>Compartimos la publicaci\u00f3n que se hizo oficial esta ma\u00f1ana:<\/p>\n<\/article>\n<div id=\"c-tres\"><\/div>\n<div class=\"video\">\n<div class=\"col-md-12\">\n<div class=\"instagram\">\n<blockquote class=\"instagram-media\" data-instgrm-permalink=\"https:\/\/www.instagram.com\/p\/CxYJu42yblo\/?utm_source=ig_embed&amp;utm_campaign=loading\" data-instgrm-version=\"14\">\n<div>\n<div>\n<div><\/div>\n<div>\n<div><\/div>\n<div><\/div>\n<\/div>\n<\/div>\n<div><\/div>\n<div><\/div>\n<div>\n<div>Ver esta publicaci\u00f3n en Instagram<\/div>\n<\/div>\n<div><\/div>\n<div>\n<div>\n<div><\/div>\n<div><\/div>\n<div><\/div>\n<\/div>\n<div>\n<div><\/div>\n<div><\/div>\n<\/div>\n<div>\n<div><\/div>\n<div><\/div>\n<div><\/div>\n<\/div>\n<\/div>\n<div>\n<div><\/div>\n<div><\/div>\n<\/div>\n<p><a href=\"https:\/\/www.instagram.com\/p\/CxYJu42yblo\/?utm_source=ig_embed&amp;utm_campaign=loading\" target=\"_blank\" rel=\"noopener\">Una publicaci\u00f3n compartida de The Latin Recording Academy (@latingrammys)<\/a><\/p>\n<\/div>\n<\/blockquote>\n<\/div>\n<\/div>\n<\/div>\n","protected":false},"excerpt":{"rendered":"<p>Esta ma\u00f1ana, La\u00a0Academia Latina de la Grabaci\u00f3n\u00a0anunci\u00f3 la lista de nominados de la 24a\u00a0Entrega Anual del Latin Grammy. Este a\u00f1o, ser\u00e1 la primera vez que los premios se realizar\u00e1n en en el Palacio de Congresos y Exposiciones de Sevilla, Espa\u00f1a y no en Estados Unidos como era habitual.Uno de los artistas m\u00e1s nominados con 13 &hellip;<\/p>\n","protected":false},"author":5,"featured_media":5988,"comment_status":"open","ping_status":"open","sticky":false,"template":"","format":"standard","meta":{"footnotes":""},"categories":[46],"tags":[],"class_list":["post-5987","post","type-post","status-publish","format-standard","has-post-thumbnail","hentry","category-musica"],"_links":{"self":[{"href":"https:\/\/radiobeat97.com.ar\/beat\/wp-json\/wp\/v2\/posts\/5987","targetHints":{"allow":["GET"]}}],"collection":[{"href":"https:\/\/radiobeat97.com.ar\/beat\/wp-json\/wp\/v2\/posts"}],"about":[{"href":"https:\/\/radiobeat97.com.ar\/beat\/wp-json\/wp\/v2\/types\/post"}],"author":[{"embeddable":true,"href":"https:\/\/radiobeat97.com.ar\/beat\/wp-json\/wp\/v2\/users\/5"}],"replies":[{"embeddable":true,"href":"https:\/\/radiobeat97.com.ar\/beat\/wp-json\/wp\/v2\/comments?post=5987"}],"version-history":[{"count":2,"href":"https:\/\/radiobeat97.com.ar\/beat\/wp-json\/wp\/v2\/posts\/5987\/revisions"}],"predecessor-version":[{"id":5990,"href":"https:\/\/radiobeat97.com.ar\/beat\/wp-json\/wp\/v2\/posts\/5987\/revisions\/5990"}],"wp:featuredmedia":[{"embeddable":true,"href":"https:\/\/radiobeat97.com.ar\/beat\/wp-json\/wp\/v2\/media\/5988"}],"wp:attachment":[{"href":"https:\/\/radiobeat97.com.ar\/beat\/wp-json\/wp\/v2\/media?parent=5987"}],"wp:term":[{"taxonomy":"category","embeddable":true,"href":"https:\/\/radiobeat97.com.ar\/beat\/wp-json\/wp\/v2\/categories?post=5987"},{"taxonomy":"post_tag","embeddable":true,"href":"https:\/\/radiobeat97.com.ar\/beat\/wp-json\/wp\/v2\/tags?post=5987"}],"curies":[{"name":"wp","href":"https:\/\/api.w.org\/{rel}","templated":true}]}}