{"id":6039,"date":"2023-10-11T13:16:10","date_gmt":"2023-10-11T13:16:10","guid":{"rendered":"http:\/\/www.radiobeat97.com.ar\/beat\/?p=6039"},"modified":"2023-10-10T13:17:07","modified_gmt":"2023-10-10T13:17:07","slug":"la-danza-dialoga-con-la-ciudad-se-viene-el-festival-pulso-urbano","status":"publish","type":"post","link":"https:\/\/radiobeat97.com.ar\/beat\/la-danza-dialoga-con-la-ciudad-se-viene-el-festival-pulso-urbano\/","title":{"rendered":"La danza dialoga con la ciudad: se viene el festival Pulso Urbano"},"content":{"rendered":"<ul>\n<li><strong>Se realizar\u00e1 entre el 17 y el 19 de octubre en diferentes puntos de la ciudad y el interior.<\/strong><\/li>\n<li><strong>Habr\u00e1 presentaciones de danza y espacios de formaci\u00f3n.\u00a0<\/strong><\/li>\n<li><strong>La apertura ser\u00e1 en la explanada del Centro C\u00edvico con un espect\u00e1culo de malambo femenino.<\/strong><\/li>\n<\/ul>\n<p>Se viene la octava edici\u00f3n del Festival Pulso Urbano, que se realizar\u00e1 los d\u00edas 17, 18 y 19 de octubre. La apertura ser\u00e1 el martes 17 de octubre a las 19:30 en la plaza seca del Centro C\u00edvico. All\u00ed se presentar\u00e1\u00a0<strong>Mujer-Cuerpo-Democracia<\/strong>, un reconocimiento al papel de la mujer en la danza en los 40 a\u00f1os de democracia.<\/p>\n<p>El espect\u00e1culo despliega una coreograf\u00eda dentro del canon de un baile folcl\u00f3rico tradicionalmente masculino, que en esta oportunidad ser\u00e1 interpretado por bailarinas profesionales junto a integrantes del Seminario de Danzas Cl\u00e1sicas Nora Irinova.<\/p>\n<figure class=\"wp-block-image alignleft size-full is-resized\"><img fetchpriority=\"high\" decoding=\"async\" class=\"wp-image-571876\" src=\"https:\/\/prensa.cba.gov.ar\/wp-content\/uploads\/2023\/10\/Capacitador-Juan-Gonzalez.jpeg\" alt=\"\" width=\"279\" height=\"349\" \/><\/figure>\n<p>En la coreograf\u00eda participan figuras del Campeonato Nacional de Malambo Femenino: Josefa Leguizam\u00f3n, Judith Jaime Monteros, Malena Biazzi, Camila Campo Mengoni, Paulina Ercoli, Jesica Olthoff y Gabriela Rosales. Del Seminario de Danza, en tanto, bailar\u00e1n Agostina Laurent, Ada Chanan y Luc\u00eda Graciano Cardozo.<\/p>\n<p>La direcci\u00f3n es de Ivana Carrazaco, con la participaci\u00f3n de Marcelo Mangini en el dise\u00f1o coreogr\u00e1fico, bailar\u00edn y docente del Seminario de Danza Cl\u00e1sica Nora Irinova.<\/p>\n<p>Entre lo destacado del octavo Festival de Danza Contempor\u00e1nea Pulso Urbano es la participaci\u00f3n de la Compa\u00f1\u00eda Nacional de Danza Contempor\u00e1nea, que dirige Gustavo Lesgart. La agrupaci\u00f3n se presenta con un fragmento de la obra\u00a0<strong>Algo in\u00fatil<\/strong>, el mismo martes 17, a las 19:30, tambi\u00e9n en el Centro C\u00edvico.<\/p>\n<h4 class=\"wp-block-heading\"><strong>Otros escenarios<\/strong><\/h4>\n<p>Tras la apertura, el festival se desarrollar\u00e1 en el Centro Cultural C\u00f3rdoba (Lugones 401), en la Plazoleta del Fundador (Trejo y 27 de abril), y en la Plaza- Cielo-Tierra (Chacabuco 1300).<\/p>\n<p>Adem\u00e1s, participar\u00e1n las siguientes compa\u00f1\u00edas cordobesas seleccionadas por medio de una convocatoria: Solsire, dirigida por Laura Cornejo; Cortejo Escena, dirigida por Ezequiel Rodr\u00edguez; el Grupo Jam, con direcci\u00f3n de Carolina Pino; y Dec\u00fabito Prono, dirigido por Pedro Rodr\u00edguez.<\/p>\n<p>Las agrupaciones se presentar\u00e1n en la ciudad de C\u00f3rdoba, Capilla del Monte, Estaci\u00f3n General Paz, Alta Gracia y La Serranita.<\/p>\n<p>Tambi\u00e9n forman parte de la programaci\u00f3n, el Elenco Municipal de Danza Teatro, el d\u00fao formado por Facundo Cornejo y Camila Morchio, la Compa\u00f1\u00eda Street Soul y los solistas Lucas Labrador, M\u00e1ximo Nieto y Lucio Hern\u00e1ndez.<\/p>\n<figure class=\"wp-block-image alignfull size-full\"><img decoding=\"async\" class=\"wp-image-571877\" src=\"https:\/\/prensa.cba.gov.ar\/wp-content\/uploads\/2023\/10\/Obra-Algo-inutil-1024x683-1.jpg\" alt=\"\" width=\"1024\" height=\"683\" \/><\/figure>\n<h4 class=\"wp-block-heading\"><strong>Capacitaciones<\/strong><\/h4>\n<p>Un aspecto importante de la nueva edici\u00f3n es la capacitaci\u00f3n. En ese sentido, integrantes de la Compa\u00f1\u00eda Nacional de Danza Contempor\u00e1nea brindar\u00e1n talleres a lo largo de tres jornadas. Las inscripciones podr\u00e1n realizarse a partir del lunes 9, a trav\u00e9s de los siguientes enlaces:<\/p>\n<ul>\n<li><a href=\"https:\/\/docs.google.com\/forms\/d\/1TM2cACQc87HuyUIKN1KQctOZknxqssf2Zea_Z9WGDkk\/viewform?edit_requested=true\" target=\"_blank\" rel=\"noreferrer noopener\">T\u00e9cnicas de danza contempor\u00e1nea<\/a>. Dictado por Nicol\u00e1s Miranda<\/li>\n<li><a href=\"https:\/\/docs.google.com\/forms\/d\/1LT3ZPbdjqFGpURvdSYpH7aAVStFXIOyorPIfXywkhyY\/viewform?edit_requested=true\" target=\"_blank\" rel=\"noreferrer noopener\">Cuerpo y Espacio<\/a>. Dictado por Diego Franco<\/li>\n<li><a href=\"https:\/\/docs.google.com\/forms\/d\/11JhQ3pm9pQY3xAb79809Eo9Fvi-pvYWhcJhLuVCbn4c\/viewform?edit_requested=true\" target=\"_blank\" rel=\"noreferrer noopener\">T\u00e9cnicas Mixtas<\/a>. Dictado por Juan Gonz\u00e1lez<\/li>\n<li><a href=\"https:\/\/docs.google.com\/forms\/d\/12eLmM7plP4lLT1Lo3pf7e3sPc1mav_a9twR7sYYBCwU\/viewform?edit_requested=true\" target=\"_blank\" rel=\"noreferrer noopener\">T\u00e9cnicas Mixtas para el int\u00e9rprete<\/a>. Dictado por Pablo Fermani<\/li>\n<li><a href=\"https:\/\/docs.google.com\/forms\/d\/1pwvGpAMphnhpQzn_2uQNeMAoLP8n2wgp4GVYDlBZrbc\/viewform?edit_requested=true\" target=\"_blank\" rel=\"noreferrer noopener\">Danza Cl\u00e1sica desde el cuerpo sensible<\/a>. Dictado por Victoria Viberti<\/li>\n<\/ul>\n<p>Las capacitaciones est\u00e1n coordinadas por la Escuela Superior Integral de Teatro Roberto Arlt de la Universidad Provincial de C\u00f3rdoba, para fortalecer la formaci\u00f3n de quienes cursan la Licenciatura en Composici\u00f3n Coreogr\u00e1fica y el Profesorado en Danzas. Los talleres est\u00e1n destinados a personas con un nivel medio avanzado en danza y danza teatro.<\/p>\n<p>En el marco de las actividades de formaci\u00f3n, reconocidas figuras de la danza local, entre ellas el bailar\u00edn y core\u00f3grafo Angel Hakimi\u00e1n, la bailarina Ariana Andreoli y el bailar\u00edn M\u00e1ximo Nieto, brindar\u00e1n conferencias perform\u00e1ticas con el prop\u00f3sito de darle un nombre propio al arte del movimiento.<\/p>\n<p>En cuanto a las actividades de extensi\u00f3n, el festival brinda herramientas de expresi\u00f3n a trav\u00e9s de la danza en residencias que dependen de la Secretar\u00eda de Ni\u00f1ez, Adolescencia y Familia, y en el Centro Socio Educativo Complejo Esperanza; en donde se dar\u00e1 un taller Breaking a cargo de la Compa\u00f1\u00eda Street Soul.<\/p>\n<p>Por consultas, al correo\u00a0<a href=\"mailto:festivalpulsourbano.libertador@gmail.com\" target=\"_blank\" rel=\"noreferrer noopener\">festivalpulsourbano.libertador@gmail.com<\/a><\/p>\n","protected":false},"excerpt":{"rendered":"<p>Se realizar\u00e1 entre el 17 y el 19 de octubre en diferentes puntos de la ciudad y el interior. Habr\u00e1 presentaciones de danza y espacios de formaci\u00f3n.\u00a0 La apertura ser\u00e1 en la explanada del Centro C\u00edvico con un espect\u00e1culo de malambo femenino. Se viene la octava edici\u00f3n del Festival Pulso Urbano, que se realizar\u00e1 los &hellip;<\/p>\n","protected":false},"author":5,"featured_media":6037,"comment_status":"open","ping_status":"open","sticky":false,"template":"","format":"standard","meta":{"footnotes":""},"categories":[50],"tags":[],"class_list":["post-6039","post","type-post","status-publish","format-standard","has-post-thumbnail","hentry","category-entretenimiento"],"_links":{"self":[{"href":"https:\/\/radiobeat97.com.ar\/beat\/wp-json\/wp\/v2\/posts\/6039","targetHints":{"allow":["GET"]}}],"collection":[{"href":"https:\/\/radiobeat97.com.ar\/beat\/wp-json\/wp\/v2\/posts"}],"about":[{"href":"https:\/\/radiobeat97.com.ar\/beat\/wp-json\/wp\/v2\/types\/post"}],"author":[{"embeddable":true,"href":"https:\/\/radiobeat97.com.ar\/beat\/wp-json\/wp\/v2\/users\/5"}],"replies":[{"embeddable":true,"href":"https:\/\/radiobeat97.com.ar\/beat\/wp-json\/wp\/v2\/comments?post=6039"}],"version-history":[{"count":1,"href":"https:\/\/radiobeat97.com.ar\/beat\/wp-json\/wp\/v2\/posts\/6039\/revisions"}],"predecessor-version":[{"id":6040,"href":"https:\/\/radiobeat97.com.ar\/beat\/wp-json\/wp\/v2\/posts\/6039\/revisions\/6040"}],"wp:featuredmedia":[{"embeddable":true,"href":"https:\/\/radiobeat97.com.ar\/beat\/wp-json\/wp\/v2\/media\/6037"}],"wp:attachment":[{"href":"https:\/\/radiobeat97.com.ar\/beat\/wp-json\/wp\/v2\/media?parent=6039"}],"wp:term":[{"taxonomy":"category","embeddable":true,"href":"https:\/\/radiobeat97.com.ar\/beat\/wp-json\/wp\/v2\/categories?post=6039"},{"taxonomy":"post_tag","embeddable":true,"href":"https:\/\/radiobeat97.com.ar\/beat\/wp-json\/wp\/v2\/tags?post=6039"}],"curies":[{"name":"wp","href":"https:\/\/api.w.org\/{rel}","templated":true}]}}