{"id":6045,"date":"2023-10-11T11:25:19","date_gmt":"2023-10-11T11:25:19","guid":{"rendered":"http:\/\/www.radiobeat97.com.ar\/beat\/?p=6045"},"modified":"2023-10-11T11:25:19","modified_gmt":"2023-10-11T11:25:19","slug":"el-gobernador-schiaretti-recorrio-la-zona-de-los-incendios","status":"publish","type":"post","link":"https:\/\/radiobeat97.com.ar\/beat\/el-gobernador-schiaretti-recorrio-la-zona-de-los-incendios\/","title":{"rendered":"El gobernador Schiaretti recorri\u00f3 la zona de los incendios"},"content":{"rendered":"<ul>\n<li><strong>En Villa Carlos Paz el mandatario ratific\u00f3 la ayuda de la Provincia a los damnificados.<\/strong><\/li>\n<li><strong><b>En la zona estuvieron tambi\u00e9n\u00a0los ministros\u00a0<\/b>Juli\u00e1n L\u00f3pez y Carlos Massei<\/strong>.<\/li>\n<li><strong>Trabajan 960 bomberos con 8 aviones hidrantes y\u00a02 helic\u00f3pteros<\/strong>.<\/li>\n<\/ul>\n<p>El gobernador Juan Schiaretti recorri\u00f3 este martes por la tarde la zona de \u00abLos 400\u00bb en Villa Carlos Paz donde casi un millar de bomberos desplegaron una intensa actividad, apoyados con aviones hidrantes y helic\u00f3pteros, para controlar el avance de las llamas.<\/p>\n<p><em>\u201cEl Estado Provincial va a reponer todas las p\u00e9rdidas que hayan sufrido<\/em>-asegur\u00f3 Schiaretti-;\u00a0<em>lo que tenemos que cuidar entonces es la vida\u201d<\/em>. Tambi\u00e9n record\u00f3 que\u00a0<em>\u201cC\u00f3rdoba es uno de los diez lugares del planeta m\u00e1s expuesto a los incendios forestales\u201c.<\/em><\/p>\n<p>Por ese motivo advirti\u00f3 sobre la necesidad de que los vecinos sigan las indicaciones de la gente especializada en la extinci\u00f3n del incendio.<\/p>\n<blockquote class=\"wp-block-quote\">\n<p class=\"has-text-align-center\"><em><strong>\u201cLo importante siempre es hacerle caso a lo que dicen los bomberos o a lo que aconsejan\u00a0las autoridades de Defensa Civil\u201d.<\/strong><\/em><\/p>\n<\/blockquote>\n<figure class=\"wp-block-gallery has-nested-images columns-default is-cropped wp-block-gallery-1 is-layout-flex\">\n<figure class=\"wp-block-image size-large\"><a href=\"https:\/\/prensa.cba.gov.ar\/wp-content\/uploads\/2023\/10\/WhatsApp-Image-2023-10-10-at-19.09.14.jpeg\"><img fetchpriority=\"high\" decoding=\"async\" class=\"wp-image-572368\" src=\"https:\/\/prensa.cba.gov.ar\/wp-content\/uploads\/2023\/10\/WhatsApp-Image-2023-10-10-at-19.09.14.jpeg\" alt=\"\" width=\"1280\" height=\"853\" data-id=\"572368\" \/><\/a><\/figure>\n<figure class=\"wp-block-image size-large\"><a href=\"https:\/\/prensa.cba.gov.ar\/wp-content\/uploads\/2023\/10\/WhatsApp-Image-2023-10-10-at-19.09.12.jpeg\"><img decoding=\"async\" class=\"wp-image-572369\" src=\"https:\/\/prensa.cba.gov.ar\/wp-content\/uploads\/2023\/10\/WhatsApp-Image-2023-10-10-at-19.09.12.jpeg\" alt=\"\" width=\"1280\" height=\"853\" data-id=\"572369\" \/><\/a><\/figure>\n<\/figure>\n<p>Reiter\u00f3 los t\u00e9rminos del mensaje que hab\u00eda difundido temprano sobre ese particular, indicando que\u00a0<em><a href=\"https:\/\/twitter.com\/JSchiaretti\/status\/1711796987568201749?t=IwF8lZwFwXPJyae_9HGfgw&amp;s=08\" target=\"_blank\" rel=\"noreferrer noopener\">\u201clo m\u00e1s importante es salvar vidas\u201d.<\/a><\/em>\u00a0Y a\u00f1adi\u00f3,<em>\u00a0\u201cdonde sea necesario evacuar se har\u00e1, y las p\u00e9rdidas materiales ser\u00e1n cubiertas como siempre lo hacemos en estos casos por el Estado provincial\u201d.<\/em><\/p>\n<p>Tambi\u00e9n se lament\u00f3 Schiaretti de la irresponsabilidad de quienes con su accionar provocan el inicio del fuego.<em>\u00a0\u201cEspero que caiga todo el peso de la Ley sobre el responsable que prende fuego, porque el 99% de los incendios que padecemos todos los a\u00f1os en C\u00f3rdoba, son producidos intencionalmente, sea por una acci\u00f3n dolosa\u00a0o por irresponsabilidad\u201d.<\/em><\/p>\n<p>El mandatario provincial, acompa\u00f1ado por los ministros de Gobierno y Seguridad, Juli\u00e1n L\u00f3pez y Desarrollo Social, Carlos Massei; y el intendente electo Esteban Avil\u00e9s, se instal\u00f3 en\u00a0la Base de Operaciones para el Manejo del Incendio que funciona en Villa Carlos Paz\u00a0donde el secretario de Gesti\u00f3n de Riesgo Clim\u00e1tico y Cat\u00e1strofes, Claudio Vignetta despleg\u00f3 los distintos informes sobre la evoluci\u00f3n del fuego.<\/p>\n<figure class=\"wp-block-gallery has-nested-images columns-default is-cropped wp-block-gallery-3 is-layout-flex\">\n<figure class=\"wp-block-image size-large\"><a href=\"https:\/\/prensa.cba.gov.ar\/wp-content\/uploads\/2023\/10\/WhatsApp-Image-2023-10-10-at-19.29.42-1.jpeg\"><img decoding=\"async\" class=\"wp-image-572361\" src=\"https:\/\/prensa.cba.gov.ar\/wp-content\/uploads\/2023\/10\/WhatsApp-Image-2023-10-10-at-19.29.42-1.jpeg\" alt=\"\" width=\"1599\" height=\"1066\" data-id=\"572361\" \/><\/a><\/figure>\n<figure class=\"wp-block-image size-large\"><a href=\"https:\/\/prensa.cba.gov.ar\/wp-content\/uploads\/2023\/10\/WhatsApp-Image-2023-10-10-at-19.29.42.jpeg\"><img loading=\"lazy\" decoding=\"async\" class=\"wp-image-572359\" src=\"https:\/\/prensa.cba.gov.ar\/wp-content\/uploads\/2023\/10\/WhatsApp-Image-2023-10-10-at-19.29.42.jpeg\" alt=\"\" width=\"1599\" height=\"1066\" data-id=\"572359\" \/><\/a><\/figure>\n<figure class=\"wp-block-image size-large\"><a href=\"https:\/\/prensa.cba.gov.ar\/wp-content\/uploads\/2023\/10\/WhatsApp-Image-2023-10-10-at-19.29.44.jpeg\"><img loading=\"lazy\" decoding=\"async\" class=\"wp-image-572358\" src=\"https:\/\/prensa.cba.gov.ar\/wp-content\/uploads\/2023\/10\/WhatsApp-Image-2023-10-10-at-19.29.44.jpeg\" alt=\"\" width=\"1599\" height=\"1066\" data-id=\"572358\" \/><\/a><\/figure>\n<\/figure>\n<p>Vignetta inform\u00f3 que se comunicaron desde el Ministerio de Seguridad de la Naci\u00f3n, a trav\u00e9s de la secretaria de Articulaci\u00f3n, Silvia La Ruffa, para ponerse a disposici\u00f3n de la Provincia en todo lo que sea necesario.<\/p>\n<p><strong>En este momento, el mandatario provincial se encuentra en la municipalidad de Carlos Paz, junto a miembros del Gabinete provincial, bomberos, ETAC y Defensa Civil, monitoreando el estado de situaci\u00f3n de los incendios en la provincia.<\/strong><\/p>\n<h3 class=\"wp-block-heading\">Trabajos<\/h3>\n<p>Respecto al \u00e1rea en la que se trabaj\u00f3 durante toda la jornada, Vignetta se\u00f1al\u00f3 que\u00a0<em>\u201cesta zona de Los 400 est\u00e1 asegurada; ya hemos hecho contra fuego, hemos protegido todo, ya creo que no vamos a tener ninguna afectaci\u00f3n\u201d.<\/em><\/p>\n<p>Advirti\u00f3, no obstante, que habr\u00e1 que observar sobre el terreno el impacto que podr\u00eda provocar el ingreso de una corriente de aire fr\u00edo y h\u00famedo.<\/p>\n<p>Respecto a la calidad del trabajo desplegado\u00a0indic\u00f3 que\u00a0durante toda la jornada han operado \u201c8 aviones, 2 helic\u00f3pteros y hemos tenido 19 horas de vuelo\u201d. A\u00f1adi\u00f3 Vignetta que\u00a0<em>\u201cesa cantidad\u00a0es excepcional en Argentina y eso es lo que nos ayud\u00f3 mucho a bajar la intensidad del fuego\u201c.<\/em><\/p>\n<figure class=\"wp-block-gallery has-nested-images columns-default is-cropped wp-block-gallery-5 is-layout-flex\">\n<figure class=\"wp-block-image size-large\"><a href=\"https:\/\/prensa.cba.gov.ar\/wp-content\/uploads\/2023\/10\/WhatsApp-Image-2023-10-10-at-16.47.42.jpeg\"><img loading=\"lazy\" decoding=\"async\" class=\"wp-image-572374\" src=\"https:\/\/prensa.cba.gov.ar\/wp-content\/uploads\/2023\/10\/WhatsApp-Image-2023-10-10-at-16.47.42.jpeg\" alt=\"\" width=\"1600\" height=\"900\" data-id=\"572374\" \/><\/a><\/figure>\n<figure class=\"wp-block-image size-large\"><a href=\"https:\/\/prensa.cba.gov.ar\/wp-content\/uploads\/2023\/10\/WhatsApp-Image-2023-10-10-at-19.09.05.jpeg\"><img loading=\"lazy\" decoding=\"async\" class=\"wp-image-572370\" src=\"https:\/\/prensa.cba.gov.ar\/wp-content\/uploads\/2023\/10\/WhatsApp-Image-2023-10-10-at-19.09.05.jpeg\" alt=\"\" width=\"1280\" height=\"853\" data-id=\"572370\" \/><\/a><\/figure>\n<\/figure>\n<p>Por su parte el ministro de Desarrollo Social, Carlos Massei, insisti\u00f3 en que la Provincia ayudar\u00e1 a los perjudicados por el incendio.\u00a0<em>\u201cEn situaciones de desastre nosotros tenemos un fondo que nos permite responder en la medida que la asistente social o el arquitecto corroboran el da\u00f1o\u201d.<\/em><\/p>\n<p><em>\u201cPagamos en efectivo, le trasladamos a la gente una ayuda importante\u00a0para que puedan reconstruir la casa o el mobiliario\u201d.<\/em><\/p>\n","protected":false},"excerpt":{"rendered":"<p>En Villa Carlos Paz el mandatario ratific\u00f3 la ayuda de la Provincia a los damnificados. En la zona estuvieron tambi\u00e9n\u00a0los ministros\u00a0Juli\u00e1n L\u00f3pez y Carlos Massei. Trabajan 960 bomberos con 8 aviones hidrantes y\u00a02 helic\u00f3pteros. El gobernador Juan Schiaretti recorri\u00f3 este martes por la tarde la zona de \u00abLos 400\u00bb en Villa Carlos Paz donde casi &hellip;<\/p>\n","protected":false},"author":5,"featured_media":6046,"comment_status":"open","ping_status":"open","sticky":false,"template":"","format":"standard","meta":{"footnotes":""},"categories":[17],"tags":[],"class_list":["post-6045","post","type-post","status-publish","format-standard","has-post-thumbnail","hentry","category-noticias"],"_links":{"self":[{"href":"https:\/\/radiobeat97.com.ar\/beat\/wp-json\/wp\/v2\/posts\/6045","targetHints":{"allow":["GET"]}}],"collection":[{"href":"https:\/\/radiobeat97.com.ar\/beat\/wp-json\/wp\/v2\/posts"}],"about":[{"href":"https:\/\/radiobeat97.com.ar\/beat\/wp-json\/wp\/v2\/types\/post"}],"author":[{"embeddable":true,"href":"https:\/\/radiobeat97.com.ar\/beat\/wp-json\/wp\/v2\/users\/5"}],"replies":[{"embeddable":true,"href":"https:\/\/radiobeat97.com.ar\/beat\/wp-json\/wp\/v2\/comments?post=6045"}],"version-history":[{"count":1,"href":"https:\/\/radiobeat97.com.ar\/beat\/wp-json\/wp\/v2\/posts\/6045\/revisions"}],"predecessor-version":[{"id":6047,"href":"https:\/\/radiobeat97.com.ar\/beat\/wp-json\/wp\/v2\/posts\/6045\/revisions\/6047"}],"wp:featuredmedia":[{"embeddable":true,"href":"https:\/\/radiobeat97.com.ar\/beat\/wp-json\/wp\/v2\/media\/6046"}],"wp:attachment":[{"href":"https:\/\/radiobeat97.com.ar\/beat\/wp-json\/wp\/v2\/media?parent=6045"}],"wp:term":[{"taxonomy":"category","embeddable":true,"href":"https:\/\/radiobeat97.com.ar\/beat\/wp-json\/wp\/v2\/categories?post=6045"},{"taxonomy":"post_tag","embeddable":true,"href":"https:\/\/radiobeat97.com.ar\/beat\/wp-json\/wp\/v2\/tags?post=6045"}],"curies":[{"name":"wp","href":"https:\/\/api.w.org\/{rel}","templated":true}]}}