{"id":6072,"date":"2023-10-24T11:48:28","date_gmt":"2023-10-24T11:48:28","guid":{"rendered":"http:\/\/www.radiobeat97.com.ar\/beat\/?p=6072"},"modified":"2023-10-24T11:48:28","modified_gmt":"2023-10-24T11:48:28","slug":"de-hacer-streaming-en-su-casa-a-ser-la-primera-argentina-en-llenar-river-origenes-y-razones-del-fenomeno-maria-becerra","status":"publish","type":"post","link":"https:\/\/radiobeat97.com.ar\/beat\/de-hacer-streaming-en-su-casa-a-ser-la-primera-argentina-en-llenar-river-origenes-y-razones-del-fenomeno-maria-becerra\/","title":{"rendered":"De hacer streaming en su casa a ser la primera argentina en llenar River: or\u00edgenes y razones del fen\u00f3meno Mar\u00eda Becerra"},"content":{"rendered":"<p class=\"paragraph\" data-mrf-recirculation=\"Links inline\">En mayo,\u00a0<b>Mar\u00eda Becerra\u00a0<\/b>se present\u00f3 en la Noche en Blanco de Desalia, uno de los festivales m\u00e1s exclusivos de Espa\u00f1a donde todos los asistentes se visten de blanco. Esa noche present\u00f3 por primera vez en la Pen\u00ednsula Ib\u00e9rica su show\u00a0<i>La Nena de Argentina<\/i>. En una de las tantas entrevistas que concedi\u00f3, un periodista le pregunt\u00f3\u00a0<b>qu\u00e9 sue\u00f1os le quedaban por cumplir<\/b>, y ella respondi\u00f3: \u201cMe encantar\u00eda\u00a0<b>llenar un estadio en mi pa\u00eds<\/b>\u201d.<\/p>\n<div data-mrf-experience=\"IL_4fo3offMTPmbNObfe0qJJQ\">\n<div>\n<div class=\"r19iimbq r1j2tbbj\">\n<div data-mrf-recirculation=\"IL_4fo3offMTPmbNObfe0qJJQ\" data-testid=\"text-html\">\n<div class=\"news-container\">\n<div class=\"news-module\"><\/div>\n<div class=\"news-module\">\n<div class=\"recommended-card__info\">\n<div class=\"recommended-card__info-button recommended-card__info-button--deportes\">En estos d\u00edas cumpli\u00f3 su sue\u00f1o: ser\u00e1 la primera artista argentina en presentarse en el mismo lugar que cantaron <b>Madonna\u00a0<\/b>y\u00a0<b>Tina Turner<\/b>. Nada mal para una jovencita a la que no le gustaba su nombre real -Mar\u00eda de los \u00c1ngeles Becerra- porque le sonaba demasiado religioso, que sufri\u00f3 acoso escolar y que consigui\u00f3 una legi\u00f3n de fans gracias a su desenfado en redes.<\/div>\n<\/div>\n<\/div>\n<\/div>\n<\/div>\n<\/div>\n<\/div>\n<\/div>\n<p class=\"paragraph\" data-mrf-recirculation=\"Links inline\">Mar\u00eda naci\u00f3 el 12 de febrero de 2000, en Quilmes. Aunque en su familia palabras como estetoscopio y electrocardiograma eran frecuentes -su mam\u00e1 es enfermera y su pap\u00e1, m\u00e9dico cardi\u00f3logo-, ella prefiri\u00f3 la m\u00fasica y la actuaci\u00f3n. A los siete a\u00f1os descart\u00f3 juegos de enfermera y empez\u00f3 a despuntar lo que la apasionaba: el arte.<\/p>\n<p class=\"paragraph\" data-mrf-recirculation=\"Links inline\">Seg\u00fan cont\u00f3 en una entrevista para la revista\u00a0<b>Shangay<\/b>, mucho de esta vocaci\u00f3n se lo debe a su madre: \u201cEmpec\u00e9 a sentir que lo era siendo muy chiquita. Mi mam\u00e1 era fan\u00e1tica de Mariah Carey, Whitney Houston o Monserrat Caball\u00e9. De esas grandes artistas con grandes voces que han hecho historia. Compraba los DVDs de sus conciertos en directo y los pon\u00eda en bucle\u201d. Cuando de ni\u00f1a vio uno de Whitney Houston, se enamor\u00f3 de lo que transmit\u00eda: \u201cMe embob\u00e9, y ah\u00ed naci\u00f3 mi deseo de cantar y bailar todo el d\u00eda\u201d.<\/p>\n<p class=\"paragraph\" data-mrf-recirculation=\"Links inline\">Comenz\u00f3 clases de canto, comedia musical, baile y expresi\u00f3n corporal. \u201cTengo recuerdos de mi mam\u00e1 llev\u00e1ndome a una escuela de canto en la calle Talcahuano, que yo estaba becada. \u00cdbamos tres veces por semana, dos horas de bondi, el tren, el subte. Me llevaba a la academia, me esperaba afuera porque no se pod\u00eda esperar adentro. Es una zona peligrosa,\u00a0<b>muchas veces le robaron y ella igual se quedaba estaba ah\u00ed, esper\u00e1ndome<\/b>. A veces termin\u00e1bamos a las 10 de la noche, el tren ya no pasaba m\u00e1s&#8230;\u201d, narr\u00f3 en\u00a0<b>Teleshow\u00a0<\/b>Mar\u00eda, que cuando no estaba en sus clases, se divert\u00eda jugando al f\u00fatbol, otra de sus grandes pasiones.<\/p>\n<div class=\"visual__image\"><img fetchpriority=\"high\" decoding=\"async\" class=\" lazyload\" src=\"https:\/\/www.infobae.com\/new-resizer\/09yNFxUkFkDFC1N2GwMM2WNqf6k=\/arc-anglerfish-arc2-prod-infobae\/public\/66EBCLFRH5FFHPBBWQL3MR3PWI.jpg\" sizes=\"(min-width: 800px) 50vw, 90vw\" srcset=\"https:\/\/www.infobae.com\/new-resizer\/JJXfR-u4a0qP1VYBFmM73VMOcog=\/420x630\/filters:format(webp):quality(85)\/cloudfront-us-east-1.images.arcpublishing.com\/infobae\/66EBCLFRH5FFHPBBWQL3MR3PWI.jpg 420w,https:\/\/www.infobae.com\/new-resizer\/Mzj0w4jEPruT9x95HlRa9nBYBBQ=\/768x1152\/filters:format(webp):quality(85)\/cloudfront-us-east-1.images.arcpublishing.com\/infobae\/66EBCLFRH5FFHPBBWQL3MR3PWI.jpg 768w,https:\/\/www.infobae.com\/new-resizer\/pJDfJmox5t9whwZrZKItYrkEqs4=\/992x1488\/filters:format(webp):quality(85)\/cloudfront-us-east-1.images.arcpublishing.com\/infobae\/66EBCLFRH5FFHPBBWQL3MR3PWI.jpg 992w,https:\/\/www.infobae.com\/new-resizer\/sihO8bBcetAEzAagRw94wT27gdM=\/1200x1800\/filters:format(webp):quality(85)\/cloudfront-us-east-1.images.arcpublishing.com\/infobae\/66EBCLFRH5FFHPBBWQL3MR3PWI.jpg 1200w\" alt=\"Tripera: Mar\u00eda Becerra es fan\u00e1tica de Gimnasia y Esgrima (RS Fotos)\" width=\"1920\" height=\"2885\" data-src=\"https:\/\/www.infobae.com\/new-resizer\/09yNFxUkFkDFC1N2GwMM2WNqf6k=\/arc-anglerfish-arc2-prod-infobae\/public\/66EBCLFRH5FFHPBBWQL3MR3PWI.jpg\" \/>Tripera: Mar\u00eda Becerra es fan\u00e1tica de Gimnasia y Esgrima (RS Fotos)<\/div>\n<p class=\"paragraph\" data-mrf-recirculation=\"Links inline\">Con una determinaci\u00f3n poco frecuente para su edad, a los ocho a\u00f1os le pidi\u00f3 a su mam\u00e1 participar en castings o pruebas de actuaci\u00f3n. Nunca consigui\u00f3 un rol como actriz, pero sigui\u00f3 intent\u00e1ndolo hasta los 11. Para esa \u00e9poca\u00a0<b>la conoc\u00edan como\u00a0<\/b><i><b>La Chola<\/b><\/i>. Cuando sus pap\u00e1s deb\u00edan trabajar la dejaban en la casa de una amiguita, a la que cuidaba una ni\u00f1era con ese apodo. \u201cYo la re quer\u00eda, me hab\u00eda encari\u00f1ado. Cuando volv\u00eda a casa dec\u00eda siempre: \u2018La Chola, La Chola\u2026\u2019. Y es por eso que me lo pusieron\u201d.<\/p>\n<p class=\"paragraph\" data-mrf-recirculation=\"Links inline\">Los comienzos de la popularidad de Becerra fueron una mezcla de suerte y determinaci\u00f3n. Como buena centennial, estaba totalmente familiarizada con las redes sociales y su manejo. As\u00ed fue que en su cuenta de Facebook comenz\u00f3 a subir videos de covers con sus canciones favoritas y de los castings a los que asist\u00eda. Un d\u00eda de esos fue\u00a0<b>un mon\u00f3logo, en clave de parodia, que en poco tiempo lleg\u00f3 al mill\u00f3n de vistas<\/b>.<\/p>\n<p class=\"paragraph\" data-mrf-recirculation=\"Links inline\">Si en las redes se divert\u00eda, en la escuela sufr\u00eda. Y sufr\u00eda mucho. En la secundaria padeci\u00f3 situaciones de bullying y acoso. Como le gustaba mucho la carpinter\u00eda le pidi\u00f3 a sus padres que la inscribieran en una escuela t\u00e9cnica. Eran dos alumnas mujeres entre 400 varones. \u201cMe pegaban feo los compa\u00f1eros. No hab\u00eda nadie ah\u00ed controlando y a m\u00ed me ten\u00edan de punto. Era la \u00fanica chica y era como: \u2018Te agarramos, te pegamos, pero te manoseamos. Aprovechamos y te manoseamos\u2019. Yo no lo dec\u00eda nada a m\u00ed mam\u00e1, porque me hac\u00edan creer que era yo la culpable, y entonces yo llegaba (a casa) moretoneada. Y he llegado con el labio cortado porque me pegaban feo\u201d, explic\u00f3 en un directo de Instagram. \u201cMi mam\u00e1 me preguntaba y le dec\u00eda que me hab\u00eda ca\u00eddo, esto o lo otro, siempre le met\u00eda excusas\u201d<\/p>\n<p class=\"paragraph\" data-mrf-recirculation=\"Links inline\">Frente a estas situaciones, las autoridades del industrial la enviaban a hablar \u201ccon la psicopedagoga\u201d. \u201cLa misma preceptora me dec\u00eda: \u2018\u00bfNo pensaste en no usar jean?\u2019. Me dec\u00edan que trajera ropa holgada. Y ah\u00ed fue que naci\u00f3 mi obsesi\u00f3n por usar ropa holgada. Hoy en d\u00eda no me pongo un vestido ni de ca\u00f1o. No me pongo short. No me pongo polleras\u201d.<\/p>\n<div class=\"visual__image\"><img decoding=\"async\" class=\" lazyload\" src=\"https:\/\/www.infobae.com\/new-resizer\/8DrXDtBfXfktQw0BmcllvGRfRmE=\/arc-anglerfish-arc2-prod-infobae\/public\/NECE3TVWO5EZLKESCS3WWEXXZM.jpg\" sizes=\"(min-width: 800px) 50vw, 90vw\" srcset=\"https:\/\/www.infobae.com\/new-resizer\/Al_8jC-OsoA9011IWm3Wp60f994=\/420x560\/filters:format(webp):quality(85)\/cloudfront-us-east-1.images.arcpublishing.com\/infobae\/NECE3TVWO5EZLKESCS3WWEXXZM.jpg 420w,https:\/\/www.infobae.com\/new-resizer\/Ea3NTNAafuU2wGeB4DPkOUBVjok=\/768x1024\/filters:format(webp):quality(85)\/cloudfront-us-east-1.images.arcpublishing.com\/infobae\/NECE3TVWO5EZLKESCS3WWEXXZM.jpg 768w,https:\/\/www.infobae.com\/new-resizer\/hDb9rmSGqbqDtj-caPX4Qe53I3o=\/992x1323\/filters:format(webp):quality(85)\/cloudfront-us-east-1.images.arcpublishing.com\/infobae\/NECE3TVWO5EZLKESCS3WWEXXZM.jpg 992w,https:\/\/www.infobae.com\/new-resizer\/48gUBOPnO7ZcS0r2_ERtaa99w7s=\/1200x1600\/filters:format(webp):quality(85)\/cloudfront-us-east-1.images.arcpublishing.com\/infobae\/NECE3TVWO5EZLKESCS3WWEXXZM.jpg 1200w\" alt=\"Mar\u00eda Becerra (Instagram)\" width=\"1920\" height=\"2400\" data-src=\"https:\/\/www.infobae.com\/new-resizer\/8DrXDtBfXfktQw0BmcllvGRfRmE=\/arc-anglerfish-arc2-prod-infobae\/public\/NECE3TVWO5EZLKESCS3WWEXXZM.jpg\" \/>Mar\u00eda Becerra (Instagram)<\/div>\n<p class=\"paragraph\" data-mrf-recirculation=\"Links inline\">Ante la indiferencia de quienes deb\u00edan cuidarla, las agresiones siguieron hasta que la violencia lleg\u00f3 a niveles extremos. \u201cNunca lo dije hasta que lleg\u00f3 un punto que\u2026 Bueno, fue una vez que cinco compa\u00f1eros, que eran los que me pegaban siempre\u2026 Uno se llamaba Ariel, de ese me acuerdo\u2026 Me llevaron al ba\u00f1o y me ten\u00edan uno de cada mano. Me ten\u00edan las piernas y me empezaron a querer sacar la ropa.\u00a0<b>Quisieron abusar de m\u00ed. Pas\u00f3 una preceptora y yo estaba gritando. Y fue la nada misma.\u00a0<\/b>Me salv\u00f3 que tocara el timbre\u201d, revel\u00f3 en el programa\u00a0<i>PH\u00a0<\/i>sobre el abuso del que fue v\u00edctima durante su etapa en el secundario.<\/p>\n<p class=\"paragraph\" data-mrf-recirculation=\"Links inline\">Aunque en la escuela sufr\u00eda, no dejaba su pasi\u00f3n de artista. Con 17 a\u00f1os particip\u00f3 de un reto llamado\u00a0<i>Roast Yourself Challenge<\/i>\u00a0que consist\u00eda en componer m\u00fasica con los malos comentarios y los agravios recibidos en las redes sociales. El video le dio la oportunidad de captar la atenci\u00f3n de un p\u00fablico diferente; adem\u00e1s, otros artistas realizaron videos reaccionando a su canci\u00f3n. Fue uno de los m\u00e1s vistos ese a\u00f1o en Argentina. En 2019 abri\u00f3 otra cuenta de YouTube, exclusivamente para subir covers y canciones de su autor\u00eda. As\u00ed Becerra fue consiguiendo una legi\u00f3n de seguidores.<\/p>\n<p class=\"paragraph\" data-mrf-recirculation=\"Links inline\">Decidi\u00f3 dejar la escuela para apostar por una carrera en la m\u00fasica. \u201cCantar siempre fue mi sue\u00f1o, yo sab\u00eda que lo de Youtube era meramente temporal, que nac\u00ed para ser cantante y escribir mis canciones. As\u00ed que decid\u00ed dejarlo todo y apostar por ello, y a los pocos meses lanc\u00e9 mi primer EP y gust\u00f3\u201d. La m\u00fasica ya no pod\u00eda parar y en el 2020 public\u00f3 \u201cDejemos que pase\u201d, \u201cPerdidamente\u201d y \u201cMoon\u201d, junto a su compatriota Dani.<\/p>\n<p class=\"paragraph\" data-mrf-recirculation=\"Links inline\">La fama m\u00e1s all\u00e1 de las fronteras argentinas le lleg\u00f3 cuando hizo un remix de su tema \u201cHigh\u201d con otras dos mujeres que tambi\u00e9n se han convertido en \u00edconos: Tini Stoessel y Lola \u00cdndigo. Como era de esperarse, el tema fue un \u00e9xito.<\/p>\n<div class=\"visual__image\"><img decoding=\"async\" class=\" lazyload\" src=\"https:\/\/www.infobae.com\/new-resizer\/Ewlf0B_piloNib76G8Lkw3qsOvI=\/arc-anglerfish-arc2-prod-infobae\/public\/CV3XJNBMKFGU5E35B72GPL3HYI.jpg\" sizes=\"(min-width: 800px) 50vw, 90vw\" srcset=\"https:\/\/www.infobae.com\/new-resizer\/gMLCNkZ0x3DaKRA4pGdhNcFetl8=\/992x606\/filters:format(webp):quality(85)\/cloudfront-us-east-1.images.arcpublishing.com\/infobae\/CV3XJNBMKFGU5E35B72GPL3HYI.jpg 992w\" alt=\"Mar\u00eda Becerra con Tini Stoessel, en el video &quot;High Remix&quot; (Instagram)\" width=\"1920\" height=\"1097\" data-src=\"https:\/\/www.infobae.com\/new-resizer\/Ewlf0B_piloNib76G8Lkw3qsOvI=\/arc-anglerfish-arc2-prod-infobae\/public\/CV3XJNBMKFGU5E35B72GPL3HYI.jpg\" \/>Mar\u00eda Becerra con Tini Stoessel, en el video \u00abHigh Remix\u00bb (Instagram)<\/div>\n<p class=\"paragraph\" data-mrf-recirculation=\"Links inline\">Para agosto del 2021 Mar\u00eda public\u00f3\u00a0<i>Animal, Parte 1<\/i>, el esperado disco debut que present\u00f3 con m\u00e1s de una colaboraci\u00f3n, como \u201cSi yo fuera t\u00fa\u201d, con Paty Cant\u00fa; \u201cAdem\u00e1s de m\u00ed (Remix)\u201d, con Duki, Khea, Tiago PZK y Lit Killah; y \u201cMi\u00e9nteme\u201d con Tini. El hit de esta producci\u00f3n fue \u201cQu\u00e9 m\u00e1s pues?\u201d, al lado de J Balvin. Su \u00e9xito fue tan arrollador que ambos se subieron al escenario de los Premios Grammy 2022, en el MGM Grand Garden Arena de Las Vegas, Estados Unidos, para interpretarla. Como si fuera poco, su m\u00fasica lleg\u00f3 a Hollywood de la mano de\u00a0<i>R\u00e1pidos y furiosos 10<\/i>: Becerra prest\u00f3 su voz para \u201cTe cura\u201d, parte de la banda de sonido de una nueva entrega de la saga.<\/p>\n<h2 class=\"header headline-class-h2\">Algo personal<\/h2>\n<p class=\"paragraph\" data-mrf-recirculation=\"Links inline\">En sus relaciones amorosas se muestra libre y segura. Cont\u00f3 que es bisexual: \u201cEn \u2018Dime c\u00f3mo hago\u2019 hablo del amor entre mujeres, y me inspir\u00e9 en cosas que viv\u00ed yo la primera vez que me enamor\u00e9 de una chica, en los sentimientos encontrados que tuve, porque estaba muy confundida. Era peque\u00f1a, y no sab\u00eda si lo que sent\u00eda estaba bien o mal. No sab\u00eda a qui\u00e9n cont\u00e1rselo, si dec\u00edrselo a mis padres\u2026 Fue un largo proceso hasta que acept\u00e9 que me gustaban las mujeres y los hombres, y que\u00a0<b>no hab\u00eda nada malo en ello<\/b>\u201d.<\/p>\n<p class=\"paragraph\" data-mrf-recirculation=\"Links inline\">Entre sus romances se sabe que fue novia del cantante\u00a0<b>Alexis Sanzi\u00a0<\/b>y que tuvo una comentad\u00edsima relaci\u00f3n amorosa con\u00a0<b>Thomas Tobar<\/b>, m\u00e1s conocido por su nombre art\u00edstico y musical:\u00a0<b>Rusherking<\/b>. De esa ruptura, que fue muy dolorosa, hoy dice: \u201cSiempre le voy a desear lo mejor, lo am\u00e9 con mi vida y la verdad es que lo quiero much\u00edsimo. Deseo que le vaya bien en su carrera y que encuentre el amor\u201d. Su actual pareja es Juli\u00e1n Reininger, conocido como\u00a0<b>J Rei<\/b>.<\/p>\n<div class=\"visual__image\"><img loading=\"lazy\" decoding=\"async\" class=\" lazyload\" src=\"https:\/\/www.infobae.com\/new-resizer\/-r_i7VczIiexjo0ydLZXBfJS2XU=\/arc-anglerfish-arc2-prod-infobae\/public\/5SXIWNTZKNCNNF5BBECONKP5ZA.jpg\" sizes=\"(min-width: 800px) 50vw, 90vw\" srcset=\"https:\/\/www.infobae.com\/new-resizer\/HCYx7SahYbHdqPHPw93gNH7J9Aw=\/420x236\/filters:format(webp):quality(85)\/cloudfront-us-east-1.images.arcpublishing.com\/infobae\/5SXIWNTZKNCNNF5BBECONKP5ZA.jpg 420w,https:\/\/www.infobae.com\/new-resizer\/8G6YpAMFco5f-pUNiiXIckn5s7c=\/768x432\/filters:format(webp):quality(85)\/cloudfront-us-east-1.images.arcpublishing.com\/infobae\/5SXIWNTZKNCNNF5BBECONKP5ZA.jpg 768w,https:\/\/www.infobae.com\/new-resizer\/f6GOwdx1oBhcaCr1BxyJhAaYj-Q=\/992x558\/filters:format(webp):quality(85)\/cloudfront-us-east-1.images.arcpublishing.com\/infobae\/5SXIWNTZKNCNNF5BBECONKP5ZA.jpg 992w,https:\/\/www.infobae.com\/new-resizer\/hLnJNOFAH1kL5ESaUZto-cgBzvo=\/1200x675\/filters:format(webp):quality(85)\/cloudfront-us-east-1.images.arcpublishing.com\/infobae\/5SXIWNTZKNCNNF5BBECONKP5ZA.jpg 1200w,https:\/\/www.infobae.com\/new-resizer\/LK2osB8PIGb0xgnK5A0-4dFsaKE=\/1440x810\/filters:format(webp):quality(85)\/cloudfront-us-east-1.images.arcpublishing.com\/infobae\/5SXIWNTZKNCNNF5BBECONKP5ZA.jpg 1440w\" alt=\"Mar\u00eda Becerra y J Rei (Instagram)\" width=\"1920\" height=\"1081\" data-src=\"https:\/\/www.infobae.com\/new-resizer\/-r_i7VczIiexjo0ydLZXBfJS2XU=\/arc-anglerfish-arc2-prod-infobae\/public\/5SXIWNTZKNCNNF5BBECONKP5ZA.jpg\" \/>Mar\u00eda Becerra y J Rei (Instagram)<\/div>\n<p class=\"paragraph\" data-mrf-recirculation=\"Links inline\">Simp\u00e1tica y extrovertida, honesta y transparente en distintas entrevistas y en sus redes fue compartiendo distintos datos de su vida:<\/p>\n<ul class=\"list\" data-icon=\"\u2b24\">\n<li data-icon=\"\u2b24\">En el medio del pecho tiene tatuada la frase \u201cShekh ma shieraki anni\u201d, junto con el dibujo de un sol con estrellas en el interior. Es una frase de la serie\u00a0<i>Game Of Thrones\u00a0<\/i>que se traduce como \u201cMi sol y mis estrellas\u201d.<\/li>\n<li data-icon=\"\u2b24\">Es fan\u00e1tica del t\u00e9 y lo bebe con bastante frecuencia. En su mochila nunca falta el mate. Bebe mucha agua, pero siempre a temperatura ambiente, jam\u00e1s fr\u00eda.<\/li>\n<li data-icon=\"\u2b24\">Admite ser bastante despistada y que le cuesta mucho prestar atenci\u00f3n.<\/li>\n<li data-icon=\"\u2b24\">Usa una pulserita roja con un ojito: asegura que la protege de la envidia y le da buena vibra. La lleva en su tobillo y no se la quita desde hace a\u00f1os, ni sale a la calle sin ella.<\/li>\n<li data-icon=\"\u2b24\">Le encanta la pel\u00edcula\u00a0<i>Una esposa de mentira<\/i>, con Adam Sandler y Jennifer Aniston. Puede repetir de memoria muchos de sus di\u00e1logos.<\/li>\n<li data-icon=\"\u2b24\">Es fan de la palta. \u201cEs esencial para m\u00ed m\u00e1s que nada porque al ser vegana y hacer deporte y hacer tanto show, porque debo de estar bien alimentada y en forma, pues la palta es un alimento s\u00faper rico con un buen de nutrientes\u201d, explic\u00f3 en GQ Espa\u00f1a.<\/li>\n<\/ul>\n<p class=\"paragraph\" data-mrf-recirculation=\"Links inline\">El apodo\u00a0<i>La Nena de Argentina<\/i>\u00a0se lo puso de forma involuntaria la cantante Cazzu. Grabaron una canci\u00f3n juntas, que se llama \u201cAnimal\u201d, en donde hacia el final tira se escucha \u201clas nenas de Argentina\u201d. Pero no se entendi\u00f3 bien el plural y la gente empez\u00f3 a llamarla\u00a0<i>La Nena<\/i>, como si la referencia hubiera sido para ella. A Becerra le gust\u00f3, y lo empez\u00f3 a usar en sus canciones.<\/p>\n<p class=\"paragraph\" data-mrf-recirculation=\"Links inline\">Sobre \u201cDesafiando el destino\u201d, otro de sus temas, en\u00a0<b>Infobae\u00a0<\/b>cont\u00f3 que \u201cla escrib\u00ed para mis pap\u00e1s. Obviamente es muy especial, porque es como una reflexi\u00f3n y un llamado de atenci\u00f3n que me hago a m\u00ed misma. La canci\u00f3n empieza diciendo: \u2018Hoy me llamaste como cinco veces, pero no me atendiste\u2019, y es algo que me pasa usualmente con mi mam\u00e1. Un d\u00eda est\u00e1bamos en el estudio y ella me hab\u00eda estado llamando todo el d\u00eda. Yo le hab\u00eda dicho: \u2018M\u00e1, no te puedo atender, estoy trabajando\u2019. \u2018Bueno, hijita, avisame cuando est\u00e9s desocupada\u2019, me respondi\u00f3. Y ah\u00ed naci\u00f3 la idea de la canci\u00f3n. Fue como un llamado de atenci\u00f3n. Y a veces\u00a0<b>me tomo cinco minutos para atenderla, charlar, decirle que la amo, y sigo con lo que estoy haciendo. Una nunca sabe lo que pueda pasar\u00a0<\/b>y hay que valorar a la gente mientras tanto\u201d.<\/p>\n<div class=\"jwplayer-ctn\">\n<div>\n<div id=\"UCRGNXJ3OVCVFPGN6USG34P6CI\" class=\"jwplayer jw-reset jw-state-idle jw-stretch-uniform jw-flag-aspect-mode jw-breakpoint-5 jw-floating-dismissible jw-flag-user-inactive\" tabindex=\"0\" role=\"application\" aria-label=\"Reproductor de Video\" aria-describedby=\"jw-UCRGNXJ3OVCVFPGN6USG34P6CI-shortcuts-tooltip-explanation\" data-compass-listening=\"true\">\n<div class=\"jw-wrapper jw-reset\">\n<div class=\"jw-controls jw-reset\">\n<div class=\"jw-nextup-container jw-reset\">\n<div class=\"jw-nextup jw-background-color jw-reset jw-nextup-thumbnail-visible\"><\/div>\n<\/div>\n<\/div>\n<\/div>\n<\/div>\n<\/div>\n<p>Mar\u00eda Becerra anunci\u00f3 su debut en River<\/p><\/div>\n<p class=\"paragraph\" data-mrf-recirculation=\"Links inline\">El \u00e9xito la sigue acompa\u00f1ando. Sus creaciones acumulan mil millones de visualizaciones en YouTube, lo que la ubican en el puesto 96 de reproducciones a nivel mundial en Spotify. La semana pasada anunci\u00f3 que dar\u00e1 un show en el estadio de River Plate el pr\u00f3ximo 23 de marzo. Cuando las entradas se pusieron a la venta,\u00a0se agotaron en tan solo una hora y media. Al conocerse la noticia del sold out, su pareja no solo expres\u00f3 su alegr\u00eda en las redes sociales, tambi\u00e9n decidi\u00f3 hacerle una propuesta rom\u00e1ntica. \u201cYa quiero que tengamos hijos y contarles que mam\u00e1 fue la primera mujer argentina en llenar un River\u201d, le escribi\u00f3 J Rei.<\/p>\n<p class=\"paragraph\" data-mrf-recirculation=\"Links inline\">Hoy\u00a0<i>La Nena de Argentina\u00a0<\/i>hace historia. Si este es su presente, su futuro parece ser infinito. Mar\u00eda sigue con sus sue\u00f1os altos, pero con los pies en la tierra. Como dijo en una charla en\u00a0<b>Teleshow<\/b>: \u201cSiempre trato de estar trabajando, tenemos muchos logros, pero hay que seguir, no hay que desviarse, no hay que confiarse tampoco, porque soy consciente de que es todo muy ef\u00edmero y de que pueden pasar muchas cosas. Entonces, creo que hay que estar bien centrada. Pero s\u00ed, cada vez que llego a mi pa\u00eds me escucho en los locales de ropa, me escucho en los taxis, en los autos que pasan por la calle, y eso me pone s\u00faper feliz\u201d.<\/p>\n<div class=\"visual__image\"><img loading=\"lazy\" decoding=\"async\" class=\" lazyload\" src=\"https:\/\/www.infobae.com\/new-resizer\/ni4DHNswkOBFtrJYq61nzEghz14=\/arc-anglerfish-arc2-prod-infobae\/public\/NB74ZYZWVJDBVJF4QICEZF7VRE.jpg\" sizes=\"(min-width: 800px) 50vw, 90vw\" srcset=\"https:\/\/www.infobae.com\/new-resizer\/eitpUg97XALUI9oq6tRfx-WgJ_0=\/420x630\/filters:format(webp):quality(85)\/cloudfront-us-east-1.images.arcpublishing.com\/infobae\/NB74ZYZWVJDBVJF4QICEZF7VRE.jpg 420w,https:\/\/www.infobae.com\/new-resizer\/ZY6Bvy6OkwHCqMGcxHK5u353EH0=\/768x1152\/filters:format(webp):quality(85)\/cloudfront-us-east-1.images.arcpublishing.com\/infobae\/NB74ZYZWVJDBVJF4QICEZF7VRE.jpg 768w,https:\/\/www.infobae.com\/new-resizer\/f_6ElzLbqEzZfXkjF_4zTRoD_mM=\/992x1488\/filters:format(webp):quality(85)\/cloudfront-us-east-1.images.arcpublishing.com\/infobae\/NB74ZYZWVJDBVJF4QICEZF7VRE.jpg 992w,https:\/\/www.infobae.com\/new-resizer\/oODg0pWWmlm0cLCWArADB91r8is=\/1200x1800\/filters:format(webp):quality(85)\/cloudfront-us-east-1.images.arcpublishing.com\/infobae\/NB74ZYZWVJDBVJF4QICEZF7VRE.jpg 1200w\" alt=\"Mar\u00eda Becerra\" width=\"1920\" height=\"2876\" data-src=\"https:\/\/www.infobae.com\/new-resizer\/ni4DHNswkOBFtrJYq61nzEghz14=\/arc-anglerfish-arc2-prod-infobae\/public\/NB74ZYZWVJDBVJF4QICEZF7VRE.jpg\" \/>Mar\u00eda Becerra<\/div>\n","protected":false},"excerpt":{"rendered":"<p>En mayo,\u00a0Mar\u00eda Becerra\u00a0se present\u00f3 en la Noche en Blanco de Desalia, uno de los festivales m\u00e1s exclusivos de Espa\u00f1a donde todos los asistentes se visten de blanco. Esa noche present\u00f3 por primera vez en la Pen\u00ednsula Ib\u00e9rica su show\u00a0La Nena de Argentina. En una de las tantas entrevistas que concedi\u00f3, un periodista le pregunt\u00f3\u00a0qu\u00e9 sue\u00f1os &hellip;<\/p>\n","protected":false},"author":5,"featured_media":6073,"comment_status":"open","ping_status":"open","sticky":false,"template":"","format":"standard","meta":{"footnotes":""},"categories":[46],"tags":[],"class_list":["post-6072","post","type-post","status-publish","format-standard","has-post-thumbnail","hentry","category-musica"],"_links":{"self":[{"href":"https:\/\/radiobeat97.com.ar\/beat\/wp-json\/wp\/v2\/posts\/6072","targetHints":{"allow":["GET"]}}],"collection":[{"href":"https:\/\/radiobeat97.com.ar\/beat\/wp-json\/wp\/v2\/posts"}],"about":[{"href":"https:\/\/radiobeat97.com.ar\/beat\/wp-json\/wp\/v2\/types\/post"}],"author":[{"embeddable":true,"href":"https:\/\/radiobeat97.com.ar\/beat\/wp-json\/wp\/v2\/users\/5"}],"replies":[{"embeddable":true,"href":"https:\/\/radiobeat97.com.ar\/beat\/wp-json\/wp\/v2\/comments?post=6072"}],"version-history":[{"count":1,"href":"https:\/\/radiobeat97.com.ar\/beat\/wp-json\/wp\/v2\/posts\/6072\/revisions"}],"predecessor-version":[{"id":6074,"href":"https:\/\/radiobeat97.com.ar\/beat\/wp-json\/wp\/v2\/posts\/6072\/revisions\/6074"}],"wp:featuredmedia":[{"embeddable":true,"href":"https:\/\/radiobeat97.com.ar\/beat\/wp-json\/wp\/v2\/media\/6073"}],"wp:attachment":[{"href":"https:\/\/radiobeat97.com.ar\/beat\/wp-json\/wp\/v2\/media?parent=6072"}],"wp:term":[{"taxonomy":"category","embeddable":true,"href":"https:\/\/radiobeat97.com.ar\/beat\/wp-json\/wp\/v2\/categories?post=6072"},{"taxonomy":"post_tag","embeddable":true,"href":"https:\/\/radiobeat97.com.ar\/beat\/wp-json\/wp\/v2\/tags?post=6072"}],"curies":[{"name":"wp","href":"https:\/\/api.w.org\/{rel}","templated":true}]}}