{"id":6084,"date":"2023-11-02T11:31:10","date_gmt":"2023-11-02T11:31:10","guid":{"rendered":"http:\/\/www.radiobeat97.com.ar\/beat\/?p=6084"},"modified":"2023-12-12T12:30:32","modified_gmt":"2023-12-12T12:30:32","slug":"llega-el-14-festival-internacional-de-jazz-cordoba","status":"publish","type":"post","link":"https:\/\/radiobeat97.com.ar\/beat\/llega-el-14-festival-internacional-de-jazz-cordoba\/","title":{"rendered":"Llega el 14\u00b0 Festival Internacional de Jazz C\u00f3rdoba"},"content":{"rendered":"<ul>\n<li><strong>Del 2 al 12 de noviembre se llevar\u00e1 a cabo una nueva edici\u00f3n del Festival Internacional de Jazz de la Provincia de C\u00f3rdoba.<\/strong><\/li>\n<li><strong>El evento organizado por el Gobierno de C\u00f3rdoba, a trav\u00e9s de la Agencia C\u00f3rdoba Cultura con el apoyo del Consejo Federal de Inversiones (CFI), llegar\u00e1 a su decimocuarta edici\u00f3n.<\/strong><\/li>\n<li><strong>Ser\u00e1n 11 d\u00edas de actividades con conciertos gratuitos. Subir\u00e1n al escenario m\u00e1s de 20 agrupaciones art\u00edsticas nacionales a las que se suman invitados.<\/strong><\/li>\n<\/ul>\n<p>Del 2 al 12 de noviembre se llevar\u00e1 a cabo una nueva edici\u00f3n del Festival Internacional de Jazz de la Provincia de C\u00f3rdoba. El evento organizado por el Gobierno de C\u00f3rdoba, a trav\u00e9s de la Agencia C\u00f3rdoba Cultura con el apoyo del Consejo Federal de Inversiones (CFI), llegar\u00e1 a su decimocuarta edici\u00f3n.<\/p>\n<p>El Festival de Jazz de C\u00f3rdoba es un momento esperado con entusiasmo por los amantes de la m\u00fasica y una pol\u00edtica de estado que ha logrado acercar expresiones art\u00edsticas de primer nivel a todo el p\u00fablico. En el cruce entre m\u00fasicos locales e internacionales, el CBAJAZZ propone un espacio de interacci\u00f3n que permite nutrir a la m\u00fasica de C\u00f3rdoba y el consecuente crecimiento de sus artistas.<\/p>\n<figure class=\"wp-block-image size-full\"><img fetchpriority=\"high\" decoding=\"async\" class=\"wp-image-574626\" src=\"https:\/\/prensa.cba.gov.ar\/wp-content\/uploads\/2023\/10\/40-Aniversario-de-la-Banda-de-JAZZ_4815.jpg\" alt=\"\" width=\"993\" height=\"663\" \/><\/figure>\n<p>Ser\u00e1n 11 d\u00edas de actividades con conciertos gratuitos. Subir\u00e1n al escenario m\u00e1s de 20 agrupaciones art\u00edsticas nacionales a las que se suman invitados internacionales de: Italia, Espa\u00f1a, Uruguay, Paraguay y Pa\u00edses Bajos. Todos los artistas confluyen en una grilla singular para totalizar casi 200 m\u00fasicos en escena en una cita imperdible con lo mejor de lo mejor del jazz local e internacional.<\/p>\n<p>Como en las pasadas ediciones, la programaci\u00f3n se distribuir\u00e1 en distintos \u00e1mbitos geogr\u00e1ficos y esc\u00e9nicos: salas de teatro, circuito provincial, al aire libre y salas de c\u00e1mara.<\/p>\n<figure class=\"wp-block-image size-full\"><img decoding=\"async\" class=\"wp-image-574628\" src=\"https:\/\/prensa.cba.gov.ar\/wp-content\/uploads\/2023\/10\/Collegium-Big-Band-2.jpg\" alt=\"\" width=\"968\" height=\"648\" \/><\/figure>\n<h3 class=\"wp-block-heading\"><strong>Jazz en sala de conciertos<\/strong><\/h3>\n<p>Los d\u00edas 2, 3, 4 y 5 de noviembre el p\u00fablico podr\u00e1 apreciar el jazz en una locaci\u00f3n \u00f3ptima como son las salas de teatro porque permiten\u202funa recepci\u00f3n m\u00e1s reflexiva de las diferentes propuestas musicales y sus sutilezas.<\/p>\n<p>Durante cuatro noches, el Festival de Jazz concentrar\u00e1 sus conciertos de sala en algunos de los m\u00e1s importantes coliseos de la Provincia: el Teatro Comedia, el Teatro Real, el Teatro del Libertador y el Teatro Municipal de R\u00edo Cuarto.<\/p>\n<p>Abriendo el festival se presentar\u00e1n el 2 de noviembre Cristian Andrada Cuarteto y el Ensamble Palito Miranda de Paraguay en el renovado Teatro Comedia.\u00a0El Teatro Real ser\u00e1 sede de los siguientes conciertos: el 3 de noviembre ser\u00e1 el turno del tr\u00edo de Joaqu\u00edn C\u00e1rdenas precediendo al grupo de Horacio Di Yorio de Uruguay; Fabricio Amaya Tr\u00edo abrir\u00e1 la siguiente jornada para los italianos Fabrizio Bosso &amp; Julian Oliver Mazzariello y el 5 de noviembre Lucas Acu\u00f1a Cuarteto compartir\u00e1 el escenario con el pianista espa\u00f1ol Mois\u00e9s P. S\u00e1nchez.\u00a0En R\u00edo Cuarto se presentar\u00e1n el s\u00e1bado 4, La Big y el tr\u00edo BPL en el Centro Cultural Leonardo Favio y el domingo 5 se presentar\u00e1n la Small Jazz Band y Gonzalo Antu\u00f1a en el Teatro Municipal.<\/p>\n<h3 class=\"wp-block-heading\"><strong>Las damas del jazz<\/strong><\/h3>\n<p>En la Sala de C\u00e1mara del Paseo del Buen Pastor se van a presentar los d\u00edas 6 y 7 de noviembre Guadalupe Bri\u00f1\u00f3n y Mari Pol\u00e9. En un escenario central, con m\u00ednima amplificaci\u00f3n y un hermoso piano de cola, se podr\u00e1 disfrutar de conciertos \u00edntimos en un marco inmejorable para apreciar las propuestas de las damas del jazz de la provincia.<\/p>\n<h3 class=\"wp-block-heading\"><strong>Reconocimiento a la trayectoria: Luis Lewin<\/strong><\/h3>\n<p>Como ya es una tradici\u00f3n del festival, cada a\u00f1o se realiza un reconocimiento a la trayectoria en la escena cordobesa. En esta edici\u00f3n, el reconocimiento ser\u00e1 para el m\u00fasico Luis Lewin por su destacada carrera como m\u00fasico y docente.\u00a0El pianista y compositor cordob\u00e9s se presentar\u00e1 el 8 de noviembre en el Teatro del Libertador estrenando composiciones originales junto a la Banda Sinf\u00f3nica de la Provincia que dirige el maestro Andr\u00e9s Acosta.<\/p>\n<h3 class=\"wp-block-heading\"><strong>Conciertos al aire libre: el Jazz sale al encuentro de sus oyentes<\/strong><\/h3>\n<p>Con la intenci\u00f3n de ir al encuentro de su p\u00fablico, el festival ha ido desarrollando nuevos escenarios. Las explanadas del Paseo del Buen Pastor se han convertido en un espacio ideal para acercar la m\u00fasica en vivo a los escuchas de las nuevas generaciones. Durante 4 d\u00edas y desde las 18, se presentar\u00e1n los siguientes artistas: el jueves 9 Tangrama, La Siesta de Elvira y Bi; el viernes 10 La Colmena Big Band, el tr\u00edo Mencuesp de Uruguay, Undercurrent Trio &amp; Gerard Kleijn de los Pa\u00edses Bajos y el cuarteto Alapar; el s\u00e1bado 11 Collegium Big Band, Un\u00a0 par de leones, Swing 69 y Obi Homer Tr\u00edo; y en la \u00faltima jornada C\u00f3rdoba Jazz Orchestra, Simans Syndrome y Pulso Sur.<\/p>\n<p>La grilla d\u00eda por d\u00eda, puede consultarse aqu\u00ed:\u00a0<a href=\"https:\/\/cultura.cba.gov.ar\/preparados-listos-jazz-14-festival-internacional-de-jazz-cordoba\/\" target=\"_blank\" rel=\"noreferrer noopener\">https:\/\/cultura.cba.gov.ar\/preparados-listos-jazz-14-festival-internacional-de-jazz-cordoba\/<\/a><\/p>\n","protected":false},"excerpt":{"rendered":"<p>Del 2 al 12 de noviembre se llevar\u00e1 a cabo una nueva edici\u00f3n del Festival Internacional de Jazz de la Provincia de C\u00f3rdoba. El evento organizado por el Gobierno de C\u00f3rdoba, a trav\u00e9s de la Agencia C\u00f3rdoba Cultura con el apoyo del Consejo Federal de Inversiones (CFI), llegar\u00e1 a su decimocuarta edici\u00f3n. Ser\u00e1n 11 d\u00edas &hellip;<\/p>\n","protected":false},"author":5,"featured_media":6085,"comment_status":"open","ping_status":"open","sticky":false,"template":"","format":"standard","meta":{"footnotes":""},"categories":[46],"tags":[],"class_list":["post-6084","post","type-post","status-publish","format-standard","has-post-thumbnail","hentry","category-musica"],"_links":{"self":[{"href":"https:\/\/radiobeat97.com.ar\/beat\/wp-json\/wp\/v2\/posts\/6084","targetHints":{"allow":["GET"]}}],"collection":[{"href":"https:\/\/radiobeat97.com.ar\/beat\/wp-json\/wp\/v2\/posts"}],"about":[{"href":"https:\/\/radiobeat97.com.ar\/beat\/wp-json\/wp\/v2\/types\/post"}],"author":[{"embeddable":true,"href":"https:\/\/radiobeat97.com.ar\/beat\/wp-json\/wp\/v2\/users\/5"}],"replies":[{"embeddable":true,"href":"https:\/\/radiobeat97.com.ar\/beat\/wp-json\/wp\/v2\/comments?post=6084"}],"version-history":[{"count":1,"href":"https:\/\/radiobeat97.com.ar\/beat\/wp-json\/wp\/v2\/posts\/6084\/revisions"}],"predecessor-version":[{"id":6087,"href":"https:\/\/radiobeat97.com.ar\/beat\/wp-json\/wp\/v2\/posts\/6084\/revisions\/6087"}],"wp:featuredmedia":[{"embeddable":true,"href":"https:\/\/radiobeat97.com.ar\/beat\/wp-json\/wp\/v2\/media\/6085"}],"wp:attachment":[{"href":"https:\/\/radiobeat97.com.ar\/beat\/wp-json\/wp\/v2\/media?parent=6084"}],"wp:term":[{"taxonomy":"category","embeddable":true,"href":"https:\/\/radiobeat97.com.ar\/beat\/wp-json\/wp\/v2\/categories?post=6084"},{"taxonomy":"post_tag","embeddable":true,"href":"https:\/\/radiobeat97.com.ar\/beat\/wp-json\/wp\/v2\/tags?post=6084"}],"curies":[{"name":"wp","href":"https:\/\/api.w.org\/{rel}","templated":true}]}}