{"id":6174,"date":"2024-01-25T13:40:57","date_gmt":"2024-01-25T13:40:57","guid":{"rendered":"http:\/\/www.radiobeat97.com.ar\/beat\/?p=6174"},"modified":"2024-01-23T13:41:56","modified_gmt":"2024-01-23T13:41:56","slug":"el-terror-cobra-protagonismo-en-el-cine-arte-cordoba","status":"publish","type":"post","link":"https:\/\/radiobeat97.com.ar\/beat\/el-terror-cobra-protagonismo-en-el-cine-arte-cordoba\/","title":{"rendered":"El terror cobra protagonismo en el Cine Arte C\u00f3rdoba"},"content":{"rendered":"<ul class=\" eplus-wrapper eplus-styles-uid-e209ab\">\n<li class=\" eplus-wrapper\"><strong>Se renueva la cartelera de la sala ubicada en 27 de abril 275.<\/strong><\/li>\n<li class=\" eplus-wrapper\"><strong>Llega la elogiada \u201cCuando acecha la maldad\u201d, una de las pel\u00edculas m\u00e1s vistas en la historia del cine de terror local.<\/strong><\/li>\n<\/ul>\n<p class=\" eplus-wrapper\">El Cine Arte C\u00f3rdoba (27 de abril 275) renueva su cartelera semanal. Entre lo destacado est\u00e1 la pel\u00edcula argentina\u00a0<strong>Cuando acecha la maldad<\/strong>, de Demi\u00e1n Rugna (quien tambi\u00e9n escribi\u00f3 el guion). Se trata de un largometraje de terror que gan\u00f3 numerosos festivales y visit\u00f3 salas internacionales, convirti\u00e9ndose en uno de los t\u00edtulos m\u00e1s vistos en la historia del cine de terror local.<\/p>\n<p class=\" eplus-wrapper\">Adem\u00e1s, se reponen tres pel\u00edculas estrenadas en el 2023:\u00a0<strong>El teorema de Marguerite<\/strong>, de Anne Novion;\u00a0<strong>Puan,\u00a0<\/strong>de los directores argentinos Mar\u00eda Alch\u00e9 y Benjam\u00edn Naishtat; y la finlandesa\u00a0<strong>Hojas de oto\u00f1o<\/strong>, de Aki Kaurism\u00e4ki.<\/p>\n<p class=\" eplus-wrapper\">El Cine Arte C\u00f3rdoba cuenta con una sala renovada ya que, desde 2023, este espacio es cogestionado por la Agencia C\u00f3rdoba Cultura, junto a sus programadores hist\u00f3ricos. Su objetivo es difundir y promocionar las producciones audiovisuales nacionales y cordobesas y del cine arte independiente que, muchas veces no tiene espacio en el circuito comercial de proyecci\u00f3n y estrenos. Adem\u00e1s, se propone esta sala como eje del cine social e inclusivo, con funciones especiales, con entrada libre y gratuita para agrupaciones o instituciones de adultos mayores, centros vecinales, etc.<\/p>\n<p class=\" eplus-wrapper\">La sala pertenece tambi\u00e9n a la red de espacios INCAA, un programa del Instituto Nacional de Cine y Artes Audiovisuales, creado en marzo de 2004, para garantizar la exhibici\u00f3n de producciones cinematogr\u00e1ficas argentinas, incluidas las de estreno comercial, y cortometrajes.<\/p>\n<h4 class=\" wp-block-heading eplus-wrapper\">Sala renovada<\/h4>\n<p class=\" eplus-wrapper\">El Cine Arte C\u00f3rdoba es un espacio de proyecci\u00f3n de cine que tiene m\u00e1s de cuatro d\u00e9cadas y que, desde 2023, es co-gestionado por la Agencia C\u00f3rdoba Cultura junto a sus programadores hist\u00f3ricos. La iniciativa busca difundir y promocionar las producciones audiovisuales nacionales. cordobesas y del cine arte independiente. Adem\u00e1s, se propone como eje del cine social e inclusivo, con funciones especiales, con entrada libre y gratuita, para agrupaciones o instituciones de adultos mayores, centros vecinales, etc.<\/p>\n<p class=\" eplus-wrapper\">La sala pertenece tambi\u00e9n a la red de espacios INCAA, un programa del Instituto Nacional de Cine y Artes Audiovisuales, creado en marzo de 2004, para garantizar la exhibici\u00f3n de producciones cinematogr\u00e1ficas argentinas.<\/p>\n<p class=\" eplus-wrapper\">Para todas las funciones, la entrada general tiene un valor de $1.500. Jubilados y estudiantes, $1.000. Disponibles en boleter\u00eda.<\/p>\n<figure class=\" wp-block-gallery has-nested-images columns-default is-cropped eplus-wrapper wp-block-gallery-1 is-layout-flex wp-block-gallery-is-layout-flex\">\n<figure class=\" wp-block-image size-large eplus-wrapper\"><a href=\"https:\/\/prensa.cba.gov.ar\/wp-content\/uploads\/2024\/01\/El-teorema-de-Marguerite2-1.jpg\"><img fetchpriority=\"high\" decoding=\"async\" class=\"wp-image-583916\" src=\"https:\/\/prensa.cba.gov.ar\/wp-content\/uploads\/2024\/01\/El-teorema-de-Marguerite2-1.jpg\" sizes=\"(max-width: 990px) 100vw, 990px\" srcset=\"https:\/\/prensa.cba.gov.ar\/wp-content\/uploads\/2024\/01\/El-teorema-de-Marguerite2-1.jpg 990w, https:\/\/prensa.cba.gov.ar\/wp-content\/uploads\/2024\/01\/El-teorema-de-Marguerite2-1-300x200.jpg 300w, https:\/\/prensa.cba.gov.ar\/wp-content\/uploads\/2024\/01\/El-teorema-de-Marguerite2-1-768x512.jpg 768w\" alt=\"\" width=\"990\" height=\"660\" data-id=\"583916\" \/><\/a><\/figure>\n<figure class=\" wp-block-image size-large eplus-wrapper\"><a href=\"https:\/\/prensa.cba.gov.ar\/wp-content\/uploads\/2024\/01\/Hojas-de-otono-1-1.jpg\"><img decoding=\"async\" class=\"wp-image-583915\" src=\"https:\/\/prensa.cba.gov.ar\/wp-content\/uploads\/2024\/01\/Hojas-de-otono-1-1.jpg\" sizes=\"(max-width: 990px) 100vw, 990px\" srcset=\"https:\/\/prensa.cba.gov.ar\/wp-content\/uploads\/2024\/01\/Hojas-de-otono-1-1.jpg 990w, https:\/\/prensa.cba.gov.ar\/wp-content\/uploads\/2024\/01\/Hojas-de-otono-1-1-300x200.jpg 300w, https:\/\/prensa.cba.gov.ar\/wp-content\/uploads\/2024\/01\/Hojas-de-otono-1-1-768x512.jpg 768w\" alt=\"\" width=\"990\" height=\"660\" data-id=\"583915\" \/><\/a><\/figure>\n<figure class=\" wp-block-image size-large eplus-wrapper\"><a href=\"https:\/\/prensa.cba.gov.ar\/wp-content\/uploads\/2024\/01\/Puan-2-1.jpg\"><img decoding=\"async\" class=\"wp-image-583914\" src=\"https:\/\/prensa.cba.gov.ar\/wp-content\/uploads\/2024\/01\/Puan-2-1-1024x576.jpg\" sizes=\"(max-width: 1024px) 100vw, 1024px\" srcset=\"https:\/\/prensa.cba.gov.ar\/wp-content\/uploads\/2024\/01\/Puan-2-1-1024x576.jpg 1024w, https:\/\/prensa.cba.gov.ar\/wp-content\/uploads\/2024\/01\/Puan-2-1-300x169.jpg 300w, https:\/\/prensa.cba.gov.ar\/wp-content\/uploads\/2024\/01\/Puan-2-1-768x432.jpg 768w, https:\/\/prensa.cba.gov.ar\/wp-content\/uploads\/2024\/01\/Puan-2-1-1536x864.jpg 1536w, https:\/\/prensa.cba.gov.ar\/wp-content\/uploads\/2024\/01\/Puan-2-1.jpg 1920w\" alt=\"\" width=\"1024\" height=\"576\" data-id=\"583914\" \/><\/a><\/figure>\n<\/figure>\n<p class=\" eplus-wrapper\">A continuaci\u00f3n, la cartelera semanal.<\/p>\n<h4 class=\" wp-block-heading eplus-wrapper\"><strong>Martes 23<\/strong>\u00a0de enero<\/h4>\n<ul class=\" eplus-wrapper eplus-styles-uid-1d50a7\">\n<li class=\" eplus-wrapper\">A las 19.\u00a0<strong>El teorema de Marguerite<\/strong>\u00a0<em>(de Anne Novion, Francia, 2023)<\/em><\/li>\n<\/ul>\n<p class=\" eplus-wrapper\">\u00ab<em>Marguerite es una brillante estudiante de matem\u00e1ticas de la prestigiosa Escuela Superior de Lyon. Todo parece ir perfectamente mientras prepara la exposici\u00f3n de su tesis. En el d\u00eda clave, un error pone su situaci\u00f3n al borde del abismo y hace tambalear todas las certezas de su planificada vida. Marguerite entonces decide dejar todo y empezar de nuevo<\/em>\u00ab, adelanta la descripci\u00f3n oficial.<\/p>\n<ul class=\" eplus-wrapper eplus-styles-uid-dfcecf\">\n<li class=\" eplus-wrapper\">A las 21.\u00a0<strong>Puan<\/strong>\u00a0<em>(de Mar\u00eda Alch\u00e9, Benjam\u00edn Naishtat, Argentina, 2023)<\/em><\/li>\n<\/ul>\n<p class=\" eplus-wrapper\">\u00ab<em>Marcelo (Marcelo Subiotto), un hombre de unos 50 a\u00f1os, ha dedicado su vida a la ense\u00f1anza de Filosof\u00eda en la Facultad de Filosof\u00eda y Letras. Cuando su jefe de C\u00e1tedra, mentor y compa\u00f1ero de aventuras del pensamiento muere inesperadamente, Marcelo asume que heredar\u00e1 la titularidad de la C\u00e1tedra que ha quedado vacante. Lo que no imagina es que Rafael Sujarchuk (Leonardo Sbaraglia), un brillante y seductor colega, regresar\u00e1 desde Alemania para disputar el puesto vacante. Son dos profesores extremadamente opuestos en sus estilos y pedagog\u00edas. Los torpes esfuerzos de Marcelo por demostrar que es el mejor candidato desencadenar\u00e1 un divertido duelo, mientras su vida y su mundo entran en un espiral de caos<\/em>\u00ab, adelanta la descripci\u00f3n oficial.<\/p>\n<h4 class=\" wp-block-heading eplus-wrapper\"><strong>Mi\u00e9rcoles 24<\/strong>\u00a0de enero<\/h4>\n<ul class=\" eplus-wrapper eplus-styles-uid-f9d790\">\n<li class=\" eplus-wrapper\">A las 19.\u00a0<strong>El teorema de Marguerite<\/strong>\u00a0<em>(de Anne Novion, Francia, 2023)<\/em><\/li>\n<\/ul>\n<ul class=\" eplus-wrapper eplus-styles-uid-ce5ecf\">\n<li class=\" eplus-wrapper\">A las 21.\u00a0<strong>Puan<\/strong>\u00a0<em>(de Mar\u00eda Alch\u00e9, Benjam\u00edn Naishtat, Argentina, 2023)<\/em><\/li>\n<\/ul>\n<h4 class=\" wp-block-heading eplus-wrapper\"><strong>Jueves 25<\/strong>\u00a0de enero<\/h4>\n<ul class=\" eplus-wrapper eplus-styles-uid-8ea17c\">\n<li class=\" eplus-wrapper\">A las 17.\u00a0<strong>El teorema de Marguerite<\/strong>\u00a0<em>(de Anne Novion, Francia, 2023)<\/em><\/li>\n<\/ul>\n<ul class=\" eplus-wrapper eplus-styles-uid-f4db7c\">\n<li class=\" eplus-wrapper\">A las 19.\u00a0<strong>Cine espacio INCAA:\u00a0\u00a0Cuando acecha la maldad\u00a0<\/strong><em>(de\u00a0Demi\u00e1n Rugna, Argentina, 2023)<\/em><\/li>\n<\/ul>\n<p class=\" eplus-wrapper\">\u00ab<em>Un hombre es encarnado por un demonio en la ruralidad de un pueblo perdido, lejos de las grandes ciudades. Dos hermanos encuentran a este hombre a punto de dar a luz al mal y advierten a los vecinos del pueblo sobre el horror que est\u00e1 por estallar. Deciden deshacerse del hombre encarnado, pero lo \u00fanico que logran es acelerar el proceso. El demonio ha nacido y empieza a dejar su inconfundible rastro de maldad. Deber\u00e1n huir antes de que la locura y la destrucci\u00f3n los arrastre consigo<\/em>\u00ab, adelanta la descripci\u00f3n oficial.<\/p>\n<ul class=\" eplus-wrapper eplus-styles-uid-9f757c\">\n<li class=\" eplus-wrapper\">A las 21.\u00a0<strong>Puan<\/strong>\u00a0<em>(de Mar\u00eda Alch\u00e9, Benjam\u00edn Naishtat, Argentina, 2023)<\/em><\/li>\n<\/ul>\n<h4 class=\" wp-block-heading eplus-wrapper\"><strong>Viernes 26<\/strong>\u00a0de enero<\/h4>\n<ul class=\" eplus-wrapper eplus-styles-uid-6a9c75\">\n<li class=\" eplus-wrapper\">A las 17.\u00a0<strong>El teorema de Marguerite<\/strong>\u00a0<em>(de Anne Novion, Francia, 2023)<\/em><\/li>\n<li class=\" eplus-wrapper\">A las 19.\u00a0<strong>Cuando acecha la maldad\u00a0<\/strong><em>(de<\/em><strong><em>\u00a0<\/em><\/strong><em>Demi\u00e1n Rugna, Argentina, 2023)<\/em><\/li>\n<li class=\" eplus-wrapper\">A las 21.\u00a0<strong>Puan<\/strong>\u00a0<em>(de Mar\u00eda Alch\u00e9, Benjam\u00edn Naishtat, Argentina, 2023)<\/em><\/li>\n<\/ul>\n<h4 class=\" wp-block-heading eplus-wrapper\"><strong>S\u00e1bado 27<\/strong>\u00a0de enero<\/h4>\n<ul class=\" eplus-wrapper eplus-styles-uid-d0cc40\">\n<li class=\" eplus-wrapper\">A las 17 y a las 19.\u00a0<strong>Hojas de oto\u00f1o<\/strong>\u00a0<em>(de Aki Kaurism\u00e4ki, Finlandia, 2023)<\/em><\/li>\n<\/ul>\n<p class=\" eplus-wrapper\">\u00ab<em>Ansa y Holappa, dos almas solitarias en busca de su primer amor, se conocen casualmente en un bar de karaoke en Helsinki. Pero el camino a la felicidad de la pareja enfrenta numerosos obst\u00e1culos, de n\u00fameros telef\u00f3nicos perdidos a direcciones equivocadas, alcoholismo y un encantador perro callejero. Contra todo pron\u00f3stico y malentendidos, intentan construir una relaci\u00f3n<\/em>\u00ab, adelanta la descripci\u00f3n oficial.<\/p>\n<ul class=\" eplus-wrapper eplus-styles-uid-398ffc\">\n<li class=\" eplus-wrapper\">A las 21.\u00a0<strong>Puan<\/strong>\u00a0<em>(de Mar\u00eda Alch\u00e9, Benjam\u00edn Naishtat, Argentina, 2023)<\/em><\/li>\n<\/ul>\n<h4 class=\" wp-block-heading eplus-wrapper\"><strong>Domingo 28<\/strong>\u00a0de enero<\/h4>\n<ul class=\" eplus-wrapper eplus-styles-uid-18e74f\">\n<li class=\" eplus-wrapper\">A las 17 y a las 19.\u00a0<strong>Hojas de oto\u00f1o<\/strong>\u00a0<em>(de Aki Kaurism\u00e4ki, Finlandia, 2023)<\/em><\/li>\n<\/ul>\n<ul class=\" eplus-wrapper eplus-styles-uid-786ad8\">\n<li class=\" eplus-wrapper\">A las 21.\u00a0<strong>Puan<\/strong>\u00a0<em>(de Mar\u00eda Alch\u00e9, Benjam\u00edn Naishtat, Argentina, 2023)<\/em><\/li>\n<\/ul>\n","protected":false},"excerpt":{"rendered":"<p>Se renueva la cartelera de la sala ubicada en 27 de abril 275. Llega la elogiada \u201cCuando acecha la maldad\u201d, una de las pel\u00edculas m\u00e1s vistas en la historia del cine de terror local. El Cine Arte C\u00f3rdoba (27 de abril 275) renueva su cartelera semanal. Entre lo destacado est\u00e1 la pel\u00edcula argentina\u00a0Cuando acecha la &hellip;<\/p>\n","protected":false},"author":1,"featured_media":6175,"comment_status":"open","ping_status":"open","sticky":false,"template":"","format":"standard","meta":{"footnotes":""},"categories":[51],"tags":[],"class_list":["post-6174","post","type-post","status-publish","format-standard","has-post-thumbnail","hentry","category-series-y-peliculas"],"_links":{"self":[{"href":"https:\/\/radiobeat97.com.ar\/beat\/wp-json\/wp\/v2\/posts\/6174","targetHints":{"allow":["GET"]}}],"collection":[{"href":"https:\/\/radiobeat97.com.ar\/beat\/wp-json\/wp\/v2\/posts"}],"about":[{"href":"https:\/\/radiobeat97.com.ar\/beat\/wp-json\/wp\/v2\/types\/post"}],"author":[{"embeddable":true,"href":"https:\/\/radiobeat97.com.ar\/beat\/wp-json\/wp\/v2\/users\/1"}],"replies":[{"embeddable":true,"href":"https:\/\/radiobeat97.com.ar\/beat\/wp-json\/wp\/v2\/comments?post=6174"}],"version-history":[{"count":1,"href":"https:\/\/radiobeat97.com.ar\/beat\/wp-json\/wp\/v2\/posts\/6174\/revisions"}],"predecessor-version":[{"id":6176,"href":"https:\/\/radiobeat97.com.ar\/beat\/wp-json\/wp\/v2\/posts\/6174\/revisions\/6176"}],"wp:featuredmedia":[{"embeddable":true,"href":"https:\/\/radiobeat97.com.ar\/beat\/wp-json\/wp\/v2\/media\/6175"}],"wp:attachment":[{"href":"https:\/\/radiobeat97.com.ar\/beat\/wp-json\/wp\/v2\/media?parent=6174"}],"wp:term":[{"taxonomy":"category","embeddable":true,"href":"https:\/\/radiobeat97.com.ar\/beat\/wp-json\/wp\/v2\/categories?post=6174"},{"taxonomy":"post_tag","embeddable":true,"href":"https:\/\/radiobeat97.com.ar\/beat\/wp-json\/wp\/v2\/tags?post=6174"}],"curies":[{"name":"wp","href":"https:\/\/api.w.org\/{rel}","templated":true}]}}