{"id":6197,"date":"2024-02-08T15:59:43","date_gmt":"2024-02-08T15:59:43","guid":{"rendered":"http:\/\/www.radiobeat97.com.ar\/beat\/?p=6197"},"modified":"2024-02-05T16:00:17","modified_gmt":"2024-02-05T16:00:17","slug":"vacunacion-febrero-arranca-con-operativos-en-residencias-para-adultos-mayores","status":"publish","type":"post","link":"https:\/\/radiobeat97.com.ar\/beat\/vacunacion-febrero-arranca-con-operativos-en-residencias-para-adultos-mayores\/","title":{"rendered":"Vacunaci\u00f3n: febrero arranca con operativos en residencias para adultos mayores"},"content":{"rendered":"<ul class=\" eplus-wrapper eplus-styles-uid-e09791\">\n<li class=\" eplus-wrapper\"><strong>Se colocar\u00e1n dosis de carn\u00e9 nacional y de Covid-19.<\/strong><\/li>\n<li class=\" eplus-wrapper\"><strong>Tambi\u00e9n habr\u00e1 jornadas especiales en el Sanatorio Franc\u00e9s.<\/strong><\/li>\n<li class=\" eplus-wrapper\"><strong>En enero el Ministerio de Salud coloc\u00f3 m\u00e1s de 1.700 dosis en instituciones de la provincia.<\/strong><\/li>\n<\/ul>\n<p class=\" eplus-wrapper\">En el inicio del mes de febrero el equipo de Inmunizaciones del Ministerio de Salud contin\u00faa su recorrido en distintas instituciones de la ciudad para brindar mayor cobertura y protecci\u00f3n ante distintas enfermedades.<\/p>\n<p class=\" eplus-wrapper\">En esta oportunidad, se visitar\u00e1n residencias para adultos mayores y el Sanatorio Franc\u00e9s. En todos los casos estar\u00e1n disponibles las dosis del carn\u00e9 nacional y del Covid-19, seg\u00fan corresponda.<\/p>\n<p class=\" eplus-wrapper\">En este sentido, se recuerda la importancia de contar con esquemas completos, ya que es la mejor manera de prevenir y evitar enfermedades.<\/p>\n<p class=\" eplus-wrapper\">Vale mencionar que, adem\u00e1s de estos operativos, las diferentes vacunas se encuentran disponibles durante todo el a\u00f1o en los m\u00e1s de 800 vacunatorios distribuidos en la provincia.<\/p>\n<p class=\" eplus-wrapper\">Cabe destacar que en estos operativos \u201cextramuros\u201d, se aplicaron 1.775 dosis durante el primer mes del a\u00f1o.<\/p>\n<h3 class=\" wp-block-heading eplus-wrapper\">Cronograma<\/h3>\n<p class=\" eplus-wrapper\"><strong>Lunes 5<\/strong><\/p>\n<ul class=\" eplus-wrapper eplus-styles-uid-c417ef\">\n<li class=\" eplus-wrapper\">Sanatorio Franc\u00e9s: Jos\u00e9 Baigorr\u00ed 749 B\u00b0 Alta C\u00f3rdoba- 10:30 horas.<\/li>\n<li class=\" eplus-wrapper\">Residencia Jard\u00edn de Espinosa: Pedro Luis de Cabrera 3435 B\u00b0 Jard\u00edn.<\/li>\n<\/ul>\n<p class=\" eplus-wrapper\"><strong>Martes 6<\/strong><\/p>\n<ul class=\" eplus-wrapper eplus-styles-uid-be198c\">\n<li class=\" eplus-wrapper\">Residencia Privada Juan Pablo I y II: Cabo Contreras 933- 9.30 horas.<\/li>\n<\/ul>\n<p class=\" eplus-wrapper\"><strong>Mi\u00e9rcoles 7<\/strong><\/p>\n<ul class=\" eplus-wrapper eplus-styles-uid-b20ca6\">\n<li class=\" eplus-wrapper\">Sanatorio Franc\u00e9s: Jos\u00e9 Baigorr\u00ed 749 B\u00b0 Alta C\u00f3rdoba- 10:30 horas.<\/li>\n<\/ul>\n<p class=\" eplus-wrapper\"><strong>Jueves 8<\/strong><\/p>\n<ul class=\" eplus-wrapper eplus-styles-uid-675b5d\">\n<li class=\" eplus-wrapper\">Residencia Privada Juan Pablo I y II: Cabo Contreras 933- 9.30 horas.<\/li>\n<\/ul>\n<p class=\" eplus-wrapper\"><strong>Viernes 9<\/strong><\/p>\n<ul class=\" eplus-wrapper eplus-styles-uid-c481f9\">\n<li class=\" eplus-wrapper\">Sanatorio Franc\u00e9s: Jos\u00e9 Baigorr\u00ed 749 B\u00b0 Alta C\u00f3rdoba- 10:30 horas.<\/li>\n<li class=\" eplus-wrapper\">Residencia Pinares: San Francisco de As\u00eds 1840- Villa Allende.<\/li>\n<\/ul>\n","protected":false},"excerpt":{"rendered":"<p>Se colocar\u00e1n dosis de carn\u00e9 nacional y de Covid-19. Tambi\u00e9n habr\u00e1 jornadas especiales en el Sanatorio Franc\u00e9s. En enero el Ministerio de Salud coloc\u00f3 m\u00e1s de 1.700 dosis en instituciones de la provincia. En el inicio del mes de febrero el equipo de Inmunizaciones del Ministerio de Salud contin\u00faa su recorrido en distintas instituciones de &hellip;<\/p>\n","protected":false},"author":1,"featured_media":6198,"comment_status":"open","ping_status":"open","sticky":false,"template":"","format":"standard","meta":{"footnotes":""},"categories":[48],"tags":[],"class_list":["post-6197","post","type-post","status-publish","format-standard","has-post-thumbnail","hentry","category-info-general"],"_links":{"self":[{"href":"https:\/\/radiobeat97.com.ar\/beat\/wp-json\/wp\/v2\/posts\/6197","targetHints":{"allow":["GET"]}}],"collection":[{"href":"https:\/\/radiobeat97.com.ar\/beat\/wp-json\/wp\/v2\/posts"}],"about":[{"href":"https:\/\/radiobeat97.com.ar\/beat\/wp-json\/wp\/v2\/types\/post"}],"author":[{"embeddable":true,"href":"https:\/\/radiobeat97.com.ar\/beat\/wp-json\/wp\/v2\/users\/1"}],"replies":[{"embeddable":true,"href":"https:\/\/radiobeat97.com.ar\/beat\/wp-json\/wp\/v2\/comments?post=6197"}],"version-history":[{"count":1,"href":"https:\/\/radiobeat97.com.ar\/beat\/wp-json\/wp\/v2\/posts\/6197\/revisions"}],"predecessor-version":[{"id":6199,"href":"https:\/\/radiobeat97.com.ar\/beat\/wp-json\/wp\/v2\/posts\/6197\/revisions\/6199"}],"wp:featuredmedia":[{"embeddable":true,"href":"https:\/\/radiobeat97.com.ar\/beat\/wp-json\/wp\/v2\/media\/6198"}],"wp:attachment":[{"href":"https:\/\/radiobeat97.com.ar\/beat\/wp-json\/wp\/v2\/media?parent=6197"}],"wp:term":[{"taxonomy":"category","embeddable":true,"href":"https:\/\/radiobeat97.com.ar\/beat\/wp-json\/wp\/v2\/categories?post=6197"},{"taxonomy":"post_tag","embeddable":true,"href":"https:\/\/radiobeat97.com.ar\/beat\/wp-json\/wp\/v2\/tags?post=6197"}],"curies":[{"name":"wp","href":"https:\/\/api.w.org\/{rel}","templated":true}]}}