{"id":6207,"date":"2024-02-17T13:21:16","date_gmt":"2024-02-17T13:21:16","guid":{"rendered":"http:\/\/www.radiobeat97.com.ar\/beat\/?p=6207"},"modified":"2024-03-15T11:18:33","modified_gmt":"2024-03-15T11:18:33","slug":"cordoba-sumara-13-centros-comerciales-a-cielo-abierto","status":"publish","type":"post","link":"https:\/\/radiobeat97.com.ar\/beat\/cordoba-sumara-13-centros-comerciales-a-cielo-abierto\/","title":{"rendered":"C\u00f3rdoba sumar\u00e1 13 centros comerciales a cielo abierto"},"content":{"rendered":"<ul class=\" eplus-wrapper eplus-styles-uid-98364c\">\n<li class=\" eplus-wrapper\"><strong>La Provincia y entidades del sector impulsan la creaci\u00f3n de estos estos espacios en la Capital y 12 ciudades del interior provincial.<\/strong><\/li>\n<\/ul>\n<p class=\" eplus-wrapper\">El Gobierno de C\u00f3rdoba, en colaboraci\u00f3n con la C\u00e1mara Argentina de la Mediana Empresa (CAME), la Federaci\u00f3n Comercial de C\u00f3rdoba (FEDECOM) y los municipios de diversas localidades, pondr\u00e1 en marcha la edici\u00f3n 2024 del Programa Centros Comerciales a Cielo Abierto (CCCA).<\/p>\n<p class=\" eplus-wrapper\">La iniciativa impulsa la creaci\u00f3n de 13 centros comerciales a cielo abierto en las ciudades de C\u00f3rdoba, San Javier, Mina Clavero, Villa Dolores, Oncativo, Embalse, Almafuerte, La Cumbre, Villa Allende, Freyre, Pozo del Molle, Villa Mar\u00eda y Mendiolaza.<\/p>\n<p class=\" eplus-wrapper\">Este programa con fuerte impronta federal fomenta el di\u00e1logo con diversas c\u00e1maras empresarias, los propios comerciantes y los gobiernos provincial y municipal, para generar una sinergia que derivar\u00e1 en un impacto econ\u00f3mico positivo para las distintas regiones.<\/p>\n<figure class=\" wp-block-gallery has-nested-images columns-default is-cropped eplus-wrapper wp-block-gallery-1 is-layout-flex wp-block-gallery-is-layout-flex\">\n<figure class=\"wp-block-image size-large eplus-wrapper\"><img fetchpriority=\"high\" decoding=\"async\" class=\"wp-image-586459\" src=\"https:\/\/prensa.cba.gov.ar\/wp-content\/uploads\/2024\/02\/WhatsApp-Image-2024-02-14-at-19.44.33-1-1024x682.jpeg\" sizes=\"(max-width: 1024px) 100vw, 1024px\" srcset=\"https:\/\/prensa.cba.gov.ar\/wp-content\/uploads\/2024\/02\/WhatsApp-Image-2024-02-14-at-19.44.33-1-1024x682.jpeg 1024w, https:\/\/prensa.cba.gov.ar\/wp-content\/uploads\/2024\/02\/WhatsApp-Image-2024-02-14-at-19.44.33-1-300x200.jpeg 300w, https:\/\/prensa.cba.gov.ar\/wp-content\/uploads\/2024\/02\/WhatsApp-Image-2024-02-14-at-19.44.33-1-768x512.jpeg 768w, https:\/\/prensa.cba.gov.ar\/wp-content\/uploads\/2024\/02\/WhatsApp-Image-2024-02-14-at-19.44.33-1.jpeg 1280w\" alt=\"\" width=\"1024\" height=\"682\" data-id=\"586459\" \/><\/figure>\n<figure class=\"wp-block-image size-large eplus-wrapper\"><img decoding=\"async\" class=\"wp-image-586461\" src=\"https:\/\/prensa.cba.gov.ar\/wp-content\/uploads\/2024\/02\/WhatsApp-Image-2024-02-14-at-19.44.33-1024x684.jpeg\" sizes=\"(max-width: 1024px) 100vw, 1024px\" srcset=\"https:\/\/prensa.cba.gov.ar\/wp-content\/uploads\/2024\/02\/WhatsApp-Image-2024-02-14-at-19.44.33-1024x684.jpeg 1024w, https:\/\/prensa.cba.gov.ar\/wp-content\/uploads\/2024\/02\/WhatsApp-Image-2024-02-14-at-19.44.33-300x200.jpeg 300w, https:\/\/prensa.cba.gov.ar\/wp-content\/uploads\/2024\/02\/WhatsApp-Image-2024-02-14-at-19.44.33-768x513.jpeg 768w, https:\/\/prensa.cba.gov.ar\/wp-content\/uploads\/2024\/02\/WhatsApp-Image-2024-02-14-at-19.44.33-1536x1025.jpeg 1536w, https:\/\/prensa.cba.gov.ar\/wp-content\/uploads\/2024\/02\/WhatsApp-Image-2024-02-14-at-19.44.33.jpeg 1600w\" alt=\"\" width=\"1024\" height=\"684\" data-id=\"586461\" \/><\/figure>\n<\/figure>\n<p class=\" eplus-wrapper\">En esta l\u00ednea, el Gobierno de C\u00f3rdoba realiza un aporte econ\u00f3mico para la intervenci\u00f3n en el espacio p\u00fablico, sentando las bases del programa en cada localidad.<\/p>\n<p class=\" eplus-wrapper\">Mientras tanto, autoridades de la Secretar\u00eda de Comercio de la Provincia visitaron las localidades participantes, donde se reunieron con intendentes, funcionarios municipales, autoridades de los centros comerciales y c\u00e1maras empresarias locales.<\/p>\n<p class=\" eplus-wrapper\">En todos los casos, los municipios se comprometieron a acompa\u00f1ar el desarrollo del programa, incluso con obras de mayor envergadura complementarias a las de mobiliario urbano previstas.<\/p>\n<figure class=\" wp-block-image aligncenter size-full is-resized eplus-wrapper\"><img decoding=\"async\" class=\"wp-image-586458\" src=\"https:\/\/prensa.cba.gov.ar\/wp-content\/uploads\/2024\/02\/WhatsApp-Image-2024-02-14-at-19.44.34.jpeg\" sizes=\"(max-width: 1024px) 100vw, 1024px\" srcset=\"https:\/\/prensa.cba.gov.ar\/wp-content\/uploads\/2024\/02\/WhatsApp-Image-2024-02-14-at-19.44.34.jpeg 1024w, https:\/\/prensa.cba.gov.ar\/wp-content\/uploads\/2024\/02\/WhatsApp-Image-2024-02-14-at-19.44.34-300x200.jpeg 300w, https:\/\/prensa.cba.gov.ar\/wp-content\/uploads\/2024\/02\/WhatsApp-Image-2024-02-14-at-19.44.34-768x512.jpeg 768w\" alt=\"\" width=\"1024\" height=\"682\" \/><\/figure>\n<h3 class=\" wp-block-heading eplus-wrapper\">La implementaci\u00f3n de los CCCA<\/h3>\n<p class=\" eplus-wrapper\">En los pr\u00f3ximos d\u00edas, el Gobierno de C\u00f3rdoba firmar\u00e1 un convenio con la CAME, FEDECOM y los intendentes de las localidades a intervenir, para fijar las bases de estos nuevos Centros Comerciales a Cielo Abierto.<\/p>\n<p class=\" eplus-wrapper\">Para su puesta en marcha, se formar\u00e1 y crear\u00e1 la figura de un Gerente, cuyas funciones ser\u00e1n las de vinculaci\u00f3n y ejecuci\u00f3n de acciones que generen movimiento, logren impacto, visibilizaci\u00f3n y capten el inter\u00e9s de vecinos y vecinas de la localidad<\/p>\n","protected":false},"excerpt":{"rendered":"<p>La Provincia y entidades del sector impulsan la creaci\u00f3n de estos estos espacios en la Capital y 12 ciudades del interior provincial. El Gobierno de C\u00f3rdoba, en colaboraci\u00f3n con la C\u00e1mara Argentina de la Mediana Empresa (CAME), la Federaci\u00f3n Comercial de C\u00f3rdoba (FEDECOM) y los municipios de diversas localidades, pondr\u00e1 en marcha la edici\u00f3n 2024 &hellip;<\/p>\n","protected":false},"author":1,"featured_media":6208,"comment_status":"open","ping_status":"open","sticky":false,"template":"","format":"standard","meta":{"footnotes":""},"categories":[50],"tags":[],"class_list":["post-6207","post","type-post","status-publish","format-standard","has-post-thumbnail","hentry","category-entretenimiento"],"_links":{"self":[{"href":"https:\/\/radiobeat97.com.ar\/beat\/wp-json\/wp\/v2\/posts\/6207","targetHints":{"allow":["GET"]}}],"collection":[{"href":"https:\/\/radiobeat97.com.ar\/beat\/wp-json\/wp\/v2\/posts"}],"about":[{"href":"https:\/\/radiobeat97.com.ar\/beat\/wp-json\/wp\/v2\/types\/post"}],"author":[{"embeddable":true,"href":"https:\/\/radiobeat97.com.ar\/beat\/wp-json\/wp\/v2\/users\/1"}],"replies":[{"embeddable":true,"href":"https:\/\/radiobeat97.com.ar\/beat\/wp-json\/wp\/v2\/comments?post=6207"}],"version-history":[{"count":2,"href":"https:\/\/radiobeat97.com.ar\/beat\/wp-json\/wp\/v2\/posts\/6207\/revisions"}],"predecessor-version":[{"id":6290,"href":"https:\/\/radiobeat97.com.ar\/beat\/wp-json\/wp\/v2\/posts\/6207\/revisions\/6290"}],"wp:featuredmedia":[{"embeddable":true,"href":"https:\/\/radiobeat97.com.ar\/beat\/wp-json\/wp\/v2\/media\/6208"}],"wp:attachment":[{"href":"https:\/\/radiobeat97.com.ar\/beat\/wp-json\/wp\/v2\/media?parent=6207"}],"wp:term":[{"taxonomy":"category","embeddable":true,"href":"https:\/\/radiobeat97.com.ar\/beat\/wp-json\/wp\/v2\/categories?post=6207"},{"taxonomy":"post_tag","embeddable":true,"href":"https:\/\/radiobeat97.com.ar\/beat\/wp-json\/wp\/v2\/tags?post=6207"}],"curies":[{"name":"wp","href":"https:\/\/api.w.org\/{rel}","templated":true}]}}