{"id":6216,"date":"2024-02-19T22:49:22","date_gmt":"2024-02-19T22:49:22","guid":{"rendered":"http:\/\/www.radiobeat97.com.ar\/beat\/?p=6216"},"modified":"2024-03-15T11:18:12","modified_gmt":"2024-03-15T11:18:12","slug":"como-es-el-documental-argentino-que-se-proyectara-en-el-moma","status":"publish","type":"post","link":"https:\/\/radiobeat97.com.ar\/beat\/como-es-el-documental-argentino-que-se-proyectara-en-el-moma\/","title":{"rendered":"C\u00f3mo es el documental argentino que se proyectar\u00e1 en el MoMA"},"content":{"rendered":"<div class=\"post-content-wrap has-share-float has-share-float-in\">\n<div class=\"post-content cf entry-content content-normal\">\n<p>El cineasta argentino\u00a0<strong>Manuel Embalse<\/strong>\u00a0est\u00e1 presentando<em>\u00a0<strong>Las ruinas nuevas<\/strong><\/em>, su segundo largometraje, donde indaga en el impacto de la tecnolog\u00eda en la vida humana, en el medioambiente y en la configuraci\u00f3n de la memoria individual y colectiva.<\/p>\n<p>Embalse realiz\u00f3 este largo de la mano del colectivo Antes Muerto Cine y\u00a0<strong>fue seleccionado para proyectarse en el festival Doc Fortnight 2024: MoMA\u2019s Festival of International Nonfiction Film and Media<\/strong>. Esta iniciativa del famoso museo neoyorquino se llevar\u00e1 a cabo entre el 22 de febrero y el 7 de marzo.<\/p>\n<p>La sinopsis oficial reza:<\/p>\n<div class=\"code-block code-block-37\"><\/div>\n<blockquote class=\"wp-block-quote\"><p>\u201cUn arque\u00f3logo amateur obsesionado con la basura electr\u00f3nica registra im\u00e1genes y sonidos a lo largo de diez a\u00f1os. Su investigaci\u00f3n toma la forma de un diario personal, l\u00fadico y musical, atravesando fronteras y archivos. Un d\u00eda, llega a un taller de reciclaje de objetos electr\u00f3nicos donde el fantasma de un poeta obrero se manifiesta. La b\u00fasqueda toma un giro inesperado y se lanza, en compa\u00f1\u00eda de su gato Pendrive, a la exploraci\u00f3n de los v\u00ednculos entre tecnolog\u00eda y memoria. En tiempos de crisis ambiental, sobreproducci\u00f3n y aceleraci\u00f3n del consumo, se pregunta: \u00bfc\u00f3mo se escribir\u00e1 la historia en el futuro?\u201d.<\/p><\/blockquote>\n<figure class=\"wp-block-image size-full\"><img fetchpriority=\"high\" decoding=\"async\" class=\"wp-image-609363\" src=\"https:\/\/indiehoy.com\/wp-content\/uploads\/2024\/02\/las-ruinas-nuevas-pelicula-moma.jpg\" sizes=\"(max-width: 1200px) 100vw, 1200px\" srcset=\"https:\/\/indiehoy.com\/wp-content\/uploads\/2024\/02\/las-ruinas-nuevas-pelicula-moma.jpg 1200w, https:\/\/indiehoy.com\/wp-content\/uploads\/2024\/02\/las-ruinas-nuevas-pelicula-moma-150x94.jpg 150w, https:\/\/indiehoy.com\/wp-content\/uploads\/2024\/02\/las-ruinas-nuevas-pelicula-moma-450x281.jpg 450w, https:\/\/indiehoy.com\/wp-content\/uploads\/2024\/02\/las-ruinas-nuevas-pelicula-moma-768x479.jpg 768w\" width=\"1200\" height=\"749\" \/><\/figure>\n<h2 id=\"h-una-pelicula-sobre-la-tecnologia-y-los-dispositivos\" class=\"wp-block-heading\">Una pel\u00edcula sobre la tecnolog\u00eda y los dispositivos<\/h2>\n<p><strong>Embalse apela a un registro casero, lo que dota a este film de una impronta intimista\u00a0<\/strong>que se vale de la tecnolog\u00eda y los dispositivos en m\u00faltiples direcciones. Por un lado, son el medio para el registro y la realizaci\u00f3n de la obra. Al mismo tiempo, esta versa sobre la misma tecnolog\u00eda y los dispositivos.<\/p>\n<p>Sobre la producci\u00f3n de este film, el director de\u00a0<em>\u00bfQu\u00e9 hago en este mundo tan visual?<\/em>\u00a0expres\u00f3: \u201cDesde mis primeros cortometrajes exploro el v\u00ednculo entre tecnolog\u00eda y memoria, filmando con mi celular y una handycam a modo de diario personal\u201d.<\/p>\n<div class=\"code-block code-block-38\"><\/div>\n<figure class=\"wp-block-image size-full\"><img decoding=\"async\" class=\"wp-image-609365\" src=\"https:\/\/indiehoy.com\/wp-content\/uploads\/2024\/02\/las-ruinas-nuevas-pelicula-moma-.jpg\" sizes=\"(max-width: 1200px) 100vw, 1200px\" srcset=\"https:\/\/indiehoy.com\/wp-content\/uploads\/2024\/02\/las-ruinas-nuevas-pelicula-moma-.jpg 1200w, https:\/\/indiehoy.com\/wp-content\/uploads\/2024\/02\/las-ruinas-nuevas-pelicula-moma--150x84.jpg 150w, https:\/\/indiehoy.com\/wp-content\/uploads\/2024\/02\/las-ruinas-nuevas-pelicula-moma--450x253.jpg 450w, https:\/\/indiehoy.com\/wp-content\/uploads\/2024\/02\/las-ruinas-nuevas-pelicula-moma--768x432.jpg 768w\" alt=\"Frame de Las ruinas nuevas de Manuel Embalse\" width=\"1200\" height=\"675\" \/><figcaption class=\"wp-element-caption\">Frame de Las ruinas nuevas de Manuel Embalse<\/figcaption><\/figure>\n<p>Y agrega: \u201cHoy, diez a\u00f1os despu\u00e9s, me doy cuenta de que mi enfoque nunca cambi\u00f3, sino que se transform\u00f3 y potenci\u00f3. Quiz\u00e1s, justamente, porque los avances tecnol\u00f3gicos impactan en nuestras vidas cada vez m\u00e1s r\u00e1pido en t\u00e9rminos socioambientales y econ\u00f3micos\u201d.<\/p>\n<p><em>Las ruinas nuevas\u00a0<\/em>es una pel\u00edcula con una gran carga pol\u00edtica, tal como explica Embalse: \u201c<strong>Haber registrado este deterioro del mundo me confirma que la lucha no debe parar y la organizaci\u00f3n colectiva siempre es el motor de transformaci\u00f3n<\/strong>\u201c.<\/p>\n<div class=\"code-block code-block-39\"><\/div>\n<figure class=\"wp-block-embed is-type-video is-provider-vimeo wp-block-embed-vimeo wp-embed-aspect-16-9 wp-has-aspect-ratio\">\n<div class=\"wp-block-embed__wrapper\">\n<div class=\"fluid-width-video-wrapper\"><iframe id=\"fitvid263529\" title=\"Las ruinas nuevas (The new ruins) - una pel\u00edcula de Manuel Embalse Embalse (trailer)\" src=\"https:\/\/player.vimeo.com\/video\/902626904?dnt=1&amp;app_id=122963\" frameborder=\"0\" data-mce-fragment=\"1\"><\/iframe><\/div>\n<\/div>\n<\/figure>\n<\/div>\n<\/div>\n<div class=\"the-post-tags\"><\/div>\n","protected":false},"excerpt":{"rendered":"<p>El cineasta argentino\u00a0Manuel Embalse\u00a0est\u00e1 presentando\u00a0Las ruinas nuevas, su segundo largometraje, donde indaga en el impacto de la tecnolog\u00eda en la vida humana, en el medioambiente y en la configuraci\u00f3n de la memoria individual y colectiva. Embalse realiz\u00f3 este largo de la mano del colectivo Antes Muerto Cine y\u00a0fue seleccionado para proyectarse en el festival Doc &hellip;<\/p>\n","protected":false},"author":1,"featured_media":6217,"comment_status":"open","ping_status":"open","sticky":false,"template":"","format":"standard","meta":{"footnotes":""},"categories":[50],"tags":[],"class_list":["post-6216","post","type-post","status-publish","format-standard","has-post-thumbnail","hentry","category-entretenimiento"],"_links":{"self":[{"href":"https:\/\/radiobeat97.com.ar\/beat\/wp-json\/wp\/v2\/posts\/6216","targetHints":{"allow":["GET"]}}],"collection":[{"href":"https:\/\/radiobeat97.com.ar\/beat\/wp-json\/wp\/v2\/posts"}],"about":[{"href":"https:\/\/radiobeat97.com.ar\/beat\/wp-json\/wp\/v2\/types\/post"}],"author":[{"embeddable":true,"href":"https:\/\/radiobeat97.com.ar\/beat\/wp-json\/wp\/v2\/users\/1"}],"replies":[{"embeddable":true,"href":"https:\/\/radiobeat97.com.ar\/beat\/wp-json\/wp\/v2\/comments?post=6216"}],"version-history":[{"count":1,"href":"https:\/\/radiobeat97.com.ar\/beat\/wp-json\/wp\/v2\/posts\/6216\/revisions"}],"predecessor-version":[{"id":6218,"href":"https:\/\/radiobeat97.com.ar\/beat\/wp-json\/wp\/v2\/posts\/6216\/revisions\/6218"}],"wp:featuredmedia":[{"embeddable":true,"href":"https:\/\/radiobeat97.com.ar\/beat\/wp-json\/wp\/v2\/media\/6217"}],"wp:attachment":[{"href":"https:\/\/radiobeat97.com.ar\/beat\/wp-json\/wp\/v2\/media?parent=6216"}],"wp:term":[{"taxonomy":"category","embeddable":true,"href":"https:\/\/radiobeat97.com.ar\/beat\/wp-json\/wp\/v2\/categories?post=6216"},{"taxonomy":"post_tag","embeddable":true,"href":"https:\/\/radiobeat97.com.ar\/beat\/wp-json\/wp\/v2\/tags?post=6216"}],"curies":[{"name":"wp","href":"https:\/\/api.w.org\/{rel}","templated":true}]}}