{"id":6251,"date":"2024-03-04T11:48:20","date_gmt":"2024-03-04T11:48:20","guid":{"rendered":"http:\/\/www.radiobeat97.com.ar\/beat\/?p=6251"},"modified":"2024-03-15T11:16:54","modified_gmt":"2024-03-15T11:16:54","slug":"ellas-giran-con-voz-el-ciclo-de-conciertos-en-el-mes-de-la-mujer","status":"publish","type":"post","link":"https:\/\/radiobeat97.com.ar\/beat\/ellas-giran-con-voz-el-ciclo-de-conciertos-en-el-mes-de-la-mujer\/","title":{"rendered":"\u201cEllas Giran con Voz\u201d, el ciclo de conciertos en el Mes de la Mujer"},"content":{"rendered":"<article id=\"post-587749\" class=\"post-587749 post type-post status-publish format-standard has-post-thumbnail hentry category-cultura-y-espectaculos category-informacion-general ast-article-single\">\n<div class=\"ast-post-format- single-layout-1\">\n<div class=\"entry-content clear\">\n<ul class=\" eplus-wrapper eplus-styles-uid-785b9e\">\n<li class=\" eplus-wrapper\"><strong>Desde el 8 de marzo, habr\u00e1 shows musicales en varias ciudades del interior provincial.<\/strong><\/li>\n<li class=\" eplus-wrapper\"><strong>Actuar\u00e1n cantantes y mujeres instrumentistas.<\/strong><\/li>\n<\/ul>\n<p class=\" eplus-wrapper\">Como parte del Mes Provincial de la Mujer, la Agencia C\u00f3rdoba Cultura ofrecer\u00e1 el ciclo Ellas Giran con Voz, una serie de conciertos en el interior de la provincia, con entrada libre y gratuita, que dar\u00e1n las cantantes Eli Fernandez, Roxana Carabajal, Cecilia Mezzadra y Silvia Lallana.<\/p>\n<p class=\" eplus-wrapper\">Del 8 al 17 de marzo, y acompa\u00f1adas de mujeres instrumentistas en cada ocasi\u00f3n, las cantantes se presentar\u00e1n con formato de gira en auditorios, espacios al aire libre y teatros del interior.<\/p>\n<p class=\" eplus-wrapper\">De cada presentaci\u00f3n participar\u00e1n, a su vez, cantantes anfitrionas de cada localidad en las que se realizar\u00e1 el evento.<\/p>\n<figure class=\" wp-block-gallery has-nested-images columns-default is-cropped eplus-wrapper wp-block-gallery-1 is-layout-flex wp-block-gallery-is-layout-flex\">\n<figure class=\"wp-block-image size-large eplus-wrapper\"><a href=\"https:\/\/prensa.cba.gov.ar\/wp-content\/uploads\/2024\/03\/WhatsApp-Image-2024-03-02-at-11.44.46.jpeg\"><img fetchpriority=\"high\" decoding=\"async\" class=\"wp-image-587750\" src=\"https:\/\/prensa.cba.gov.ar\/wp-content\/uploads\/2024\/03\/WhatsApp-Image-2024-03-02-at-11.44.46.jpeg\" sizes=\"(max-width: 816px) 100vw, 816px\" srcset=\"https:\/\/prensa.cba.gov.ar\/wp-content\/uploads\/2024\/03\/WhatsApp-Image-2024-03-02-at-11.44.46.jpeg 816w, https:\/\/prensa.cba.gov.ar\/wp-content\/uploads\/2024\/03\/WhatsApp-Image-2024-03-02-at-11.44.46-300x199.jpeg 300w, https:\/\/prensa.cba.gov.ar\/wp-content\/uploads\/2024\/03\/WhatsApp-Image-2024-03-02-at-11.44.46-768x509.jpeg 768w\" alt=\"\" width=\"816\" height=\"541\" data-id=\"587750\" \/><\/a><\/figure>\n<figure class=\"wp-block-image size-large eplus-wrapper\"><a href=\"https:\/\/prensa.cba.gov.ar\/wp-content\/uploads\/2024\/03\/WhatsApp-Image-2024-03-02-at-11.44.45-1.jpeg\"><img decoding=\"async\" class=\"wp-image-587751\" src=\"https:\/\/prensa.cba.gov.ar\/wp-content\/uploads\/2024\/03\/WhatsApp-Image-2024-03-02-at-11.44.45-1.jpeg\" sizes=\"(max-width: 993px) 100vw, 993px\" srcset=\"https:\/\/prensa.cba.gov.ar\/wp-content\/uploads\/2024\/03\/WhatsApp-Image-2024-03-02-at-11.44.45-1.jpeg 993w, https:\/\/prensa.cba.gov.ar\/wp-content\/uploads\/2024\/03\/WhatsApp-Image-2024-03-02-at-11.44.45-1-300x199.jpeg 300w, https:\/\/prensa.cba.gov.ar\/wp-content\/uploads\/2024\/03\/WhatsApp-Image-2024-03-02-at-11.44.45-1-768x510.jpeg 768w\" alt=\"\" width=\"993\" height=\"660\" data-id=\"587751\" \/><\/a><\/figure>\n<\/figure>\n<p class=\" eplus-wrapper\">\u00abEllas Giran con Voz\u00bb tiene el prop\u00f3sito de homenajear a las mujeres de C\u00f3rdoba, como as\u00ed tambi\u00e9n destacar y promover el trabajo art\u00edstico que llevan adelante en cada rinc\u00f3n de la provincia reconociendo su invaluable contribuci\u00f3n tanto en la m\u00fasica como en las expresiones art\u00edsticas en general.<\/p>\n<p class=\" eplus-wrapper\">El repertorio elegido para la gira es de reconocidas compositoras latinoamericanas como: Violeta Parra, Chabuca Granda, Eladia Bl\u00e1zquez, Cecilia Tood, Nenette y Mar\u00eda Elena Walsh e incluye las canciones Alma de rezabaile, Campo Afuera, Argentina primer mundo, Ya me voy yendo, Esa musiquita, Fina Estampa, Alas sin pena, La Jardinera, Jam\u00e1s te olvidar\u00e9, Inconsciente colectivo, Escondido de la Alabanza, El pintao, Bombo Leguero, Renacer del monte y Chacarera de las piedras, entre otras.<\/p>\n<p class=\" eplus-wrapper\">Las instrumentistas que acompa\u00f1ar\u00e1n a las cantantes son Cecilia Fandi\u00f1o, Romina Gonz\u00e1lez, Trinidad Bertero y Mili Camino.<\/p>\n<p class=\" eplus-wrapper\">Las cantantes anfitrionas ser\u00e1n: Chcochi Pacheco (Dean Funes), Silvia Arrieta (De\u00e1n Funes), Abril Mori Rossi (Inriville), Ana Maccari (Inriville), Dayana Arias (San Francisco), Cecilia Bessone (San Francisco), Sof\u00eda Carrara (Las Varillas), Stefan\u00eda Gonella (Las Varillas), Vanesa Katopodis (Capilla del Monte), Lourdes Laciar (Capilla del Monte), Toty Godoy (Arroyo Cabral), Deysi Giordano (Arroyo Cabral) y Fabiana Rojo (Villa de las Rosas)<\/p>\n<p class=\" eplus-wrapper\">La grilla completa de la gira con las fechas, lugares y horarios de las presentaciones, en el siguiente link\u00a0<a href=\"https:\/\/cultura.cba.gov.ar\/ellas-giran-con-voz\/\" target=\"_blank\" rel=\"noreferrer noopener\">https:\/\/cultura.cba.gov.ar\/ellas-giran-con-voz\/<\/a>.<\/p>\n<figure class=\" wp-block-image aligncenter size-full is-resized eplus-wrapper\"><img decoding=\"async\" class=\"wp-image-587752\" src=\"https:\/\/prensa.cba.gov.ar\/wp-content\/uploads\/2024\/03\/WhatsApp-Image-2024-03-02-at-11.44.45.jpeg\" sizes=\"(max-width: 993px) 100vw, 993px\" srcset=\"https:\/\/prensa.cba.gov.ar\/wp-content\/uploads\/2024\/03\/WhatsApp-Image-2024-03-02-at-11.44.45.jpeg 993w, https:\/\/prensa.cba.gov.ar\/wp-content\/uploads\/2024\/03\/WhatsApp-Image-2024-03-02-at-11.44.45-300x199.jpeg 300w, https:\/\/prensa.cba.gov.ar\/wp-content\/uploads\/2024\/03\/WhatsApp-Image-2024-03-02-at-11.44.45-768x510.jpeg 768w\" alt=\"\" width=\"993\" height=\"660\" \/><\/figure>\n<p class=\" eplus-wrapper\">\n<\/div>\n<\/div>\n<\/article>\n","protected":false},"excerpt":{"rendered":"<p>Desde el 8 de marzo, habr\u00e1 shows musicales en varias ciudades del interior provincial. Actuar\u00e1n cantantes y mujeres instrumentistas. Como parte del Mes Provincial de la Mujer, la Agencia C\u00f3rdoba Cultura ofrecer\u00e1 el ciclo Ellas Giran con Voz, una serie de conciertos en el interior de la provincia, con entrada libre y gratuita, que dar\u00e1n &hellip;<\/p>\n","protected":false},"author":1,"featured_media":6252,"comment_status":"open","ping_status":"open","sticky":false,"template":"","format":"standard","meta":{"footnotes":""},"categories":[48,3],"tags":[],"class_list":["post-6251","post","type-post","status-publish","format-standard","has-post-thumbnail","hentry","category-info-general","category-lifestyle"],"_links":{"self":[{"href":"https:\/\/radiobeat97.com.ar\/beat\/wp-json\/wp\/v2\/posts\/6251","targetHints":{"allow":["GET"]}}],"collection":[{"href":"https:\/\/radiobeat97.com.ar\/beat\/wp-json\/wp\/v2\/posts"}],"about":[{"href":"https:\/\/radiobeat97.com.ar\/beat\/wp-json\/wp\/v2\/types\/post"}],"author":[{"embeddable":true,"href":"https:\/\/radiobeat97.com.ar\/beat\/wp-json\/wp\/v2\/users\/1"}],"replies":[{"embeddable":true,"href":"https:\/\/radiobeat97.com.ar\/beat\/wp-json\/wp\/v2\/comments?post=6251"}],"version-history":[{"count":2,"href":"https:\/\/radiobeat97.com.ar\/beat\/wp-json\/wp\/v2\/posts\/6251\/revisions"}],"predecessor-version":[{"id":6287,"href":"https:\/\/radiobeat97.com.ar\/beat\/wp-json\/wp\/v2\/posts\/6251\/revisions\/6287"}],"wp:featuredmedia":[{"embeddable":true,"href":"https:\/\/radiobeat97.com.ar\/beat\/wp-json\/wp\/v2\/media\/6252"}],"wp:attachment":[{"href":"https:\/\/radiobeat97.com.ar\/beat\/wp-json\/wp\/v2\/media?parent=6251"}],"wp:term":[{"taxonomy":"category","embeddable":true,"href":"https:\/\/radiobeat97.com.ar\/beat\/wp-json\/wp\/v2\/categories?post=6251"},{"taxonomy":"post_tag","embeddable":true,"href":"https:\/\/radiobeat97.com.ar\/beat\/wp-json\/wp\/v2\/tags?post=6251"}],"curies":[{"name":"wp","href":"https:\/\/api.w.org\/{rel}","templated":true}]}}