{"id":6429,"date":"2024-05-21T10:54:47","date_gmt":"2024-05-21T10:54:47","guid":{"rendered":"http:\/\/www.radiobeat97.com.ar\/beat\/?p=6429"},"modified":"2024-05-21T10:54:47","modified_gmt":"2024-05-21T10:54:47","slug":"museo-frida-kahlo-responde-a-polemicas-fotos-de-madonna","status":"publish","type":"post","link":"https:\/\/radiobeat97.com.ar\/beat\/museo-frida-kahlo-responde-a-polemicas-fotos-de-madonna\/","title":{"rendered":"Museo Frida Kahlo responde a pol\u00e9micas fotos de Madonna"},"content":{"rendered":"<p class=\"ue-c-article--first-letter-highlighted\" data-mrf-recirculation=\"Links P\u00e1rrafos\">Mediante un comunicado de prensa publicado este lunes, el <strong>Museo Frida Kahlo<\/strong>\u00a0asegur\u00f3 que \u00abla ropa, fotos y objetos que\u00a0<strong>Madonna<\/strong>\u00a0public\u00f3 en sus diferentes redes sociales no pertenecen o forman parte de la colecci\u00f3n de la\u00a0<strong>Casa Azul\u00bb.<\/strong><\/p>\n<p data-mrf-recirculation=\"Links P\u00e1rrafos\">El pronunciamiento del\u00a0<strong>Museo<\/strong>\u00a0fue hecho luego de que<strong>\u00a0Madonna\u00a0<\/strong>public\u00f3 a trav\u00e9s de su cuenta de Instagram el siguiente mensaje:\u00a0<strong>\u00abUn hermoso recuerdo -visitando la casa familiar de mi Musa Eterna -Frida Kahlo. En la Ciudad de M\u00e9xico.<\/strong>\u00a0Para m\u00ed fue m\u00e1gico probarme su ropa y sus joyas, leer sus diarios y cartas y mirar fotos que nunca hab\u00eda visto antes\u00bb, que pronto gener\u00f3 pol\u00e9mica.<\/p>\n<div class=\"ue-c-article__embedded\">\n<blockquote class=\"instagram-media\" data-instgrm-permalink=\"https:\/\/www.instagram.com\/p\/C7MwMc9O_5G\/?utm_source=ig_embed&amp;utm_medium=loading\" data-instgrm-version=\"12\">\n<div>\n<div>\n<div><\/div>\n<div>\n<div><\/div>\n<div><\/div>\n<\/div>\n<\/div>\n<div><\/div>\n<div><\/div>\n<div>\n<div>Ver esta publicaci\u00f3n en Instagram<\/div>\n<\/div>\n<div><\/div>\n<div>\n<div>\n<div><\/div>\n<div><\/div>\n<div><\/div>\n<\/div>\n<div>\n<div><\/div>\n<div><\/div>\n<\/div>\n<div>\n<div><\/div>\n<div><\/div>\n<div><\/div>\n<\/div>\n<\/div>\n<div>\n<div><\/div>\n<div><\/div>\n<\/div>\n<\/div>\n<\/blockquote>\n<\/div>\n<h2 class=\"ue-c-article__subheadline\">Aseguran que patrimonio de Frida est\u00e1 resguardado<\/h2>\n<p data-mrf-recirculation=\"Links P\u00e1rrafos\">El comunicado se\u00f1ala que \u00abla colecci\u00f3n de las prendas y joyas de Frida que resguardamos,\u00a0<strong>est\u00e1n sujetas a estrictas medidas de conservaci\u00f3n y son exhibidas en el museo, no siendo prestadas para uso personal\u00bb<\/strong>. Y apuntan que las pol\u00edticas de resguardo de la prendas y joyas de la pintora mexicana \u00abaseguran que el legado de<strong>\u00a0Frida Kahlo<\/strong>\u00a0se preserve intacto para las futuras generaciones\u00bb.<\/p>\n<p data-mrf-recirculation=\"Links P\u00e1rrafos\">Agregan que los enorgullece que<strong>\u00a0Madonna<\/strong>\u00a0encuentre inspiraci\u00f3n en Frida Kahlo y lo comparta en sus plataformas, \u00ablo que sin duda ayuda a difundir la riqueza de la cultura mexicana\u00bb, y le expresan su gratitud \u00abpor su dedicaci\u00f3n en celebrar y perpetuar el legado de\u00a0<strong>Frida\u00bb.<\/strong><\/p>\n<div class=\"ue-c-article__embedded \">\n<div class=\"twitter-tweet twitter-tweet-rendered\"><iframe id=\"twitter-widget-0\" class=\"\" title=\"X Post\" src=\"https:\/\/platform.twitter.com\/embed\/Tweet.html?dnt=false&amp;embedId=twitter-widget-0&amp;features=eyJ0ZndfdGltZWxpbmVfbGlzdCI6eyJidWNrZXQiOltdLCJ2ZXJzaW9uIjpudWxsfSwidGZ3X2ZvbGxvd2VyX2NvdW50X3N1bnNldCI6eyJidWNrZXQiOnRydWUsInZlcnNpb24iOm51bGx9LCJ0ZndfdHdlZXRfZWRpdF9iYWNrZW5kIjp7ImJ1Y2tldCI6Im9uIiwidmVyc2lvbiI6bnVsbH0sInRmd19yZWZzcmNfc2Vzc2lvbiI6eyJidWNrZXQiOiJvbiIsInZlcnNpb24iOm51bGx9LCJ0ZndfZm9zbnJfc29mdF9pbnRlcnZlbnRpb25zX2VuYWJsZWQiOnsiYnVja2V0Ijoib24iLCJ2ZXJzaW9uIjpudWxsfSwidGZ3X21peGVkX21lZGlhXzE1ODk3Ijp7ImJ1Y2tldCI6InRyZWF0bWVudCIsInZlcnNpb24iOm51bGx9LCJ0ZndfZXhwZXJpbWVudHNfY29va2llX2V4cGlyYXRpb24iOnsiYnVja2V0IjoxMjA5NjAwLCJ2ZXJzaW9uIjpudWxsfSwidGZ3X3Nob3dfYmlyZHdhdGNoX3Bpdm90c19lbmFibGVkIjp7ImJ1Y2tldCI6Im9uIiwidmVyc2lvbiI6bnVsbH0sInRmd19kdXBsaWNhdGVfc2NyaWJlc190b19zZXR0aW5ncyI6eyJidWNrZXQiOiJvbiIsInZlcnNpb24iOm51bGx9LCJ0ZndfdXNlX3Byb2ZpbGVfaW1hZ2Vfc2hhcGVfZW5hYmxlZCI6eyJidWNrZXQiOiJvbiIsInZlcnNpb24iOm51bGx9LCJ0ZndfdmlkZW9faGxzX2R5bmFtaWNfbWFuaWZlc3RzXzE1MDgyIjp7ImJ1Y2tldCI6InRydWVfYml0cmF0ZSIsInZlcnNpb24iOm51bGx9LCJ0ZndfbGVnYWN5X3RpbWVsaW5lX3N1bnNldCI6eyJidWNrZXQiOnRydWUsInZlcnNpb24iOm51bGx9LCJ0ZndfdHdlZXRfZWRpdF9mcm9udGVuZCI6eyJidWNrZXQiOiJvbiIsInZlcnNpb24iOm51bGx9fQ%3D%3D&amp;frame=false&amp;hideCard=false&amp;hideThread=false&amp;id=1792760739180191790&amp;lang=es&amp;origin=https%3A%2F%2Fwww.marca.com%2Fmx%2Ftrending%2Fcelebrities%2F2024%2F05%2F21%2F664c2b46ca47418f4c8b45a4.html&amp;sessionId=c9c85f6f613bfa417dd797e88b379db2fc9af93d&amp;siteScreenName=MarcaMexico_&amp;theme=light&amp;widgetsVersion=2615f7e52b7e0%3A1702314776716&amp;width=550px\" frameborder=\"0\" scrolling=\"no\" allowfullscreen=\"allowfullscreen\" data-tweet-id=\"1792760739180191790\" data-mce-fragment=\"1\"><\/iframe><\/div>\n<\/div>\n<p data-mrf-recirculation=\"Links P\u00e1rrafos\">Expresa que la admiraci\u00f3n de la cantante por Frida\u00a0<strong>\u00abresalta la relevancia continua de la artista y tambi\u00e9n subraya c\u00f3mo su influencia trasciende culturas y fronteras, inspirando a admiradores globales\u00bb.<\/strong><\/p>\n<p data-mrf-recirculation=\"Links P\u00e1rrafos\">Finalizan reiterando su compromiso con\u00a0<strong>la protecci\u00f3n y la promoci\u00f3n del patrimonio cultural que Frida represent\u00f3.<\/strong><\/p>\n","protected":false},"excerpt":{"rendered":"<p>Mediante un comunicado de prensa publicado este lunes, el Museo Frida Kahlo\u00a0asegur\u00f3 que \u00abla ropa, fotos y objetos que\u00a0Madonna\u00a0public\u00f3 en sus diferentes redes sociales no pertenecen o forman parte de la colecci\u00f3n de la\u00a0Casa Azul\u00bb. El pronunciamiento del\u00a0Museo\u00a0fue hecho luego de que\u00a0Madonna\u00a0public\u00f3 a trav\u00e9s de su cuenta de Instagram el siguiente mensaje:\u00a0\u00abUn hermoso recuerdo -visitando &hellip;<\/p>\n","protected":false},"author":1,"featured_media":6430,"comment_status":"open","ping_status":"open","sticky":false,"template":"","format":"standard","meta":{"footnotes":""},"categories":[46],"tags":[],"class_list":["post-6429","post","type-post","status-publish","format-standard","has-post-thumbnail","hentry","category-musica"],"_links":{"self":[{"href":"https:\/\/radiobeat97.com.ar\/beat\/wp-json\/wp\/v2\/posts\/6429","targetHints":{"allow":["GET"]}}],"collection":[{"href":"https:\/\/radiobeat97.com.ar\/beat\/wp-json\/wp\/v2\/posts"}],"about":[{"href":"https:\/\/radiobeat97.com.ar\/beat\/wp-json\/wp\/v2\/types\/post"}],"author":[{"embeddable":true,"href":"https:\/\/radiobeat97.com.ar\/beat\/wp-json\/wp\/v2\/users\/1"}],"replies":[{"embeddable":true,"href":"https:\/\/radiobeat97.com.ar\/beat\/wp-json\/wp\/v2\/comments?post=6429"}],"version-history":[{"count":1,"href":"https:\/\/radiobeat97.com.ar\/beat\/wp-json\/wp\/v2\/posts\/6429\/revisions"}],"predecessor-version":[{"id":6431,"href":"https:\/\/radiobeat97.com.ar\/beat\/wp-json\/wp\/v2\/posts\/6429\/revisions\/6431"}],"wp:featuredmedia":[{"embeddable":true,"href":"https:\/\/radiobeat97.com.ar\/beat\/wp-json\/wp\/v2\/media\/6430"}],"wp:attachment":[{"href":"https:\/\/radiobeat97.com.ar\/beat\/wp-json\/wp\/v2\/media?parent=6429"}],"wp:term":[{"taxonomy":"category","embeddable":true,"href":"https:\/\/radiobeat97.com.ar\/beat\/wp-json\/wp\/v2\/categories?post=6429"},{"taxonomy":"post_tag","embeddable":true,"href":"https:\/\/radiobeat97.com.ar\/beat\/wp-json\/wp\/v2\/tags?post=6429"}],"curies":[{"name":"wp","href":"https:\/\/api.w.org\/{rel}","templated":true}]}}