{"id":6440,"date":"2024-05-26T10:56:05","date_gmt":"2024-05-26T10:56:05","guid":{"rendered":"http:\/\/www.radiobeat97.com.ar\/beat\/?p=6440"},"modified":"2024-05-24T10:57:08","modified_gmt":"2024-05-24T10:57:08","slug":"mas-flora-cordobesa-nace-un-nuevo-bosque-urbano-en-la-ciudad-de-cordoba","status":"publish","type":"post","link":"https:\/\/radiobeat97.com.ar\/beat\/mas-flora-cordobesa-nace-un-nuevo-bosque-urbano-en-la-ciudad-de-cordoba\/","title":{"rendered":"M\u00e1s Flora Cordobesa: nace un nuevo bosque urbano en la ciudad de C\u00f3rdoba"},"content":{"rendered":"<article id=\"post-593805\" class=\"post-593805 post type-post status-publish format-standard has-post-thumbnail hentry category-informacion-general category-no-home ast-article-single\">\n<div class=\"ast-post-format- single-layout-1\">\n<div class=\"entry-content clear\">\n<ul class=\" eplus-wrapper eplus-styles-uid-7ab5c6\">\n<li class=\" eplus-wrapper\"><strong>Ubicado en barrio Rosedal, el espacio verde cuenta ahora con \u00e1rboles y plantas nativas de la provincia.<\/strong><\/li>\n<li class=\" eplus-wrapper\"><strong>Adem\u00e1s, contar\u00e1 con un sendero educativo y carteler\u00eda informativa.<\/strong><\/li>\n<li class=\" eplus-wrapper\"><strong>La iniciativa surge a partir del trabajo articulado entre la cartera ambiental provincial y la Municipalidad de C\u00f3rdoba.<\/strong><\/li>\n<\/ul>\n<p class=\" eplus-wrapper\">En el marco del programa M\u00e1s Flora Cordobesa que est\u00e1 implementando el Ministerio de Ambiente y Econom\u00eda Circular, se inaugur\u00f3 un bosque urbano en Barrio Rosedal.<\/p>\n<p class=\" eplus-wrapper\">Esta iniciativa se lleva a cabo a partir de un trabajo articulado entre la cartera ambiental provincial y la Secretar\u00eda de Ambiente Sustentable y Econom\u00eda Circular, de la Municipalidad de C\u00f3rdoba.<\/p>\n<p class=\" eplus-wrapper\">El espacio verde contar\u00e1 con un sendero educativo y carteler\u00eda informativa acerca de especies de \u00e1rboles y plantas nativas que se podr\u00e1n encontrar, y que corresponden a dos regiones fitogeogr\u00e1ficas de la provincia de C\u00f3rdoba: el espinal y el bosque serrano.<\/p>\n<figure class=\" wp-block-gallery has-nested-images columns-default is-cropped eplus-wrapper wp-block-gallery-1 is-layout-flex wp-block-gallery-is-layout-flex\">\n<figure class=\"wp-block-image size-large eplus-wrapper\"><a href=\"https:\/\/prensa.cba.gov.ar\/wp-content\/uploads\/2024\/05\/WhatsApp-Image-2024-05-23-at-14.08.14.jpeg\"><img fetchpriority=\"high\" decoding=\"async\" class=\"wp-image-593806\" src=\"https:\/\/prensa.cba.gov.ar\/wp-content\/uploads\/2024\/05\/WhatsApp-Image-2024-05-23-at-14.08.14-1024x767.jpeg\" sizes=\"(max-width: 1024px) 100vw, 1024px\" srcset=\"https:\/\/prensa.cba.gov.ar\/wp-content\/uploads\/2024\/05\/WhatsApp-Image-2024-05-23-at-14.08.14-1024x767.jpeg 1024w, https:\/\/prensa.cba.gov.ar\/wp-content\/uploads\/2024\/05\/WhatsApp-Image-2024-05-23-at-14.08.14-300x225.jpeg 300w, https:\/\/prensa.cba.gov.ar\/wp-content\/uploads\/2024\/05\/WhatsApp-Image-2024-05-23-at-14.08.14-768x576.jpeg 768w, https:\/\/prensa.cba.gov.ar\/wp-content\/uploads\/2024\/05\/WhatsApp-Image-2024-05-23-at-14.08.14-1536x1151.jpeg 1536w, https:\/\/prensa.cba.gov.ar\/wp-content\/uploads\/2024\/05\/WhatsApp-Image-2024-05-23-at-14.08.14.jpeg 1600w\" alt=\"\" width=\"1024\" height=\"767\" data-id=\"593806\" \/><\/a><\/figure>\n<figure class=\"wp-block-image size-large eplus-wrapper\"><a href=\"https:\/\/prensa.cba.gov.ar\/wp-content\/uploads\/2024\/05\/WhatsApp-Image-2024-05-23-at-14.08.13-1.jpeg\"><img decoding=\"async\" class=\"wp-image-593808\" src=\"https:\/\/prensa.cba.gov.ar\/wp-content\/uploads\/2024\/05\/WhatsApp-Image-2024-05-23-at-14.08.13-1-1024x682.jpeg\" sizes=\"(max-width: 1024px) 100vw, 1024px\" srcset=\"https:\/\/prensa.cba.gov.ar\/wp-content\/uploads\/2024\/05\/WhatsApp-Image-2024-05-23-at-14.08.13-1-1024x682.jpeg 1024w, https:\/\/prensa.cba.gov.ar\/wp-content\/uploads\/2024\/05\/WhatsApp-Image-2024-05-23-at-14.08.13-1-300x200.jpeg 300w, https:\/\/prensa.cba.gov.ar\/wp-content\/uploads\/2024\/05\/WhatsApp-Image-2024-05-23-at-14.08.13-1-768x512.jpeg 768w, https:\/\/prensa.cba.gov.ar\/wp-content\/uploads\/2024\/05\/WhatsApp-Image-2024-05-23-at-14.08.13-1-1536x1023.jpeg 1536w, https:\/\/prensa.cba.gov.ar\/wp-content\/uploads\/2024\/05\/WhatsApp-Image-2024-05-23-at-14.08.13-1.jpeg 1600w\" alt=\"\" width=\"1024\" height=\"682\" data-id=\"593808\" \/><\/a><\/figure>\n<\/figure>\n<p class=\" eplus-wrapper\">\n<p class=\" eplus-wrapper\">Adem\u00e1s, el bosque urbano funcionar\u00e1 como un aula abierta en la naturaleza, donde se podr\u00e1n realizar actividades de educaci\u00f3n ambiental con escuelas de la zona, revalorizando la identidad de nuestro patrimonio natural y cultural.<\/p>\n<p class=\" eplus-wrapper\">Cabe destacar que el predio fue utilizado durante algunos a\u00f1os como micro basural, y fue recuperado por el centro vecinal y vecinos en el a\u00f1o 2018, cuando se realiz\u00f3 el saneamiento, la colocaci\u00f3n de luminarias y una primera plantaci\u00f3n de \u00e1rboles nativos.<\/p>\n<p class=\" eplus-wrapper\">Ahora, con la inauguraci\u00f3n del bosque urbano, el espacio se convierte en un lugar de inter\u00e9s natural y socio-cultural, que proporciona beneficios ecol\u00f3gicos y sociales a los vecinos, mejorando su calidad de vida.<\/p>\n<p class=\" eplus-wrapper\">La ministra Victoria Flores agradeci\u00f3 a todas las instituciones que impulsaron este proyecto y sostuvo que\u00a0<em>\u201cla creaci\u00f3n de este bosque urbano permiti\u00f3 restaurar ecol\u00f3gicamente un \u00e1rea degradada, porque lo que hasta hace unos a\u00f1os era un basural, hoy es un espacio verde con gran valor\u00bb.<\/em><\/p>\n<p class=\" eplus-wrapper\"><em>\u201cPor eso invitamos a toda la comunidad a cuidar estos \u00e1rboles; sepan que cuando los cuidan, est\u00e1n tambi\u00e9n protegiendo el aire, los suelos, el agua, la casa com\u00fan\u201d<\/em>, agreg\u00f3.<\/p>\n<p class=\" eplus-wrapper\">A su vez, Jorge Folloni, secretario de Ambiente Sustentable de la Municipalidad de C\u00f3rdoba, manifest\u00f3 la voluntad de seguir trabajando en conjunto, para promover la generaci\u00f3n de muchos espacios verdes m\u00e1s y seguir impulsando la transformaci\u00f3n de la ciudad.<\/p>\n<\/div>\n<\/div>\n<\/article>\n","protected":false},"excerpt":{"rendered":"<p>Ubicado en barrio Rosedal, el espacio verde cuenta ahora con \u00e1rboles y plantas nativas de la provincia. Adem\u00e1s, contar\u00e1 con un sendero educativo y carteler\u00eda informativa. La iniciativa surge a partir del trabajo articulado entre la cartera ambiental provincial y la Municipalidad de C\u00f3rdoba. En el marco del programa M\u00e1s Flora Cordobesa que est\u00e1 implementando &hellip;<\/p>\n","protected":false},"author":1,"featured_media":6441,"comment_status":"open","ping_status":"open","sticky":false,"template":"","format":"standard","meta":{"footnotes":""},"categories":[48],"tags":[],"class_list":["post-6440","post","type-post","status-publish","format-standard","has-post-thumbnail","hentry","category-info-general"],"_links":{"self":[{"href":"https:\/\/radiobeat97.com.ar\/beat\/wp-json\/wp\/v2\/posts\/6440","targetHints":{"allow":["GET"]}}],"collection":[{"href":"https:\/\/radiobeat97.com.ar\/beat\/wp-json\/wp\/v2\/posts"}],"about":[{"href":"https:\/\/radiobeat97.com.ar\/beat\/wp-json\/wp\/v2\/types\/post"}],"author":[{"embeddable":true,"href":"https:\/\/radiobeat97.com.ar\/beat\/wp-json\/wp\/v2\/users\/1"}],"replies":[{"embeddable":true,"href":"https:\/\/radiobeat97.com.ar\/beat\/wp-json\/wp\/v2\/comments?post=6440"}],"version-history":[{"count":1,"href":"https:\/\/radiobeat97.com.ar\/beat\/wp-json\/wp\/v2\/posts\/6440\/revisions"}],"predecessor-version":[{"id":6442,"href":"https:\/\/radiobeat97.com.ar\/beat\/wp-json\/wp\/v2\/posts\/6440\/revisions\/6442"}],"wp:featuredmedia":[{"embeddable":true,"href":"https:\/\/radiobeat97.com.ar\/beat\/wp-json\/wp\/v2\/media\/6441"}],"wp:attachment":[{"href":"https:\/\/radiobeat97.com.ar\/beat\/wp-json\/wp\/v2\/media?parent=6440"}],"wp:term":[{"taxonomy":"category","embeddable":true,"href":"https:\/\/radiobeat97.com.ar\/beat\/wp-json\/wp\/v2\/categories?post=6440"},{"taxonomy":"post_tag","embeddable":true,"href":"https:\/\/radiobeat97.com.ar\/beat\/wp-json\/wp\/v2\/tags?post=6440"}],"curies":[{"name":"wp","href":"https:\/\/api.w.org\/{rel}","templated":true}]}}