{"id":6446,"date":"2024-05-27T13:24:47","date_gmt":"2024-05-27T13:24:47","guid":{"rendered":"http:\/\/www.radiobeat97.com.ar\/beat\/?p=6446"},"modified":"2024-05-27T13:24:47","modified_gmt":"2024-05-27T13:24:47","slug":"refuerzan-el-sistema-sanitario-para-atender-las-infecciones-respiratorias","status":"publish","type":"post","link":"https:\/\/radiobeat97.com.ar\/beat\/refuerzan-el-sistema-sanitario-para-atender-las-infecciones-respiratorias\/","title":{"rendered":"Refuerzan el sistema sanitario para atender las infecciones respiratorias"},"content":{"rendered":"<ul class=\" eplus-wrapper eplus-styles-uid-08891f\">\n<li class=\" eplus-wrapper\"><strong>Se espera una alta demanda de pacientes.<\/strong><\/li>\n<li class=\" eplus-wrapper\"><strong>Se incrementan las camas en unidades de terapia intensiva y de cuidados intermedios en diferentes centros de salud, se incorporan recursos humanos y aparatolog\u00eda.<\/strong><\/li>\n<li class=\" eplus-wrapper\"><strong>Salud recuerda que la principal medida de prevenci\u00f3n es la inmunizaci\u00f3n de la poblaci\u00f3n adulta y pedi\u00e1trica.<\/strong><\/li>\n<\/ul>\n<p class=\" eplus-wrapper\">El ministerio de Salud realiz\u00f3 el lanzamiento de la campa\u00f1a para el abordaje de las\u00a0<strong>Infecciones Respiratorias Agudas Bajas \u2013IRAB-<\/strong>, la cual tiene por objetivo contribuir a la reducci\u00f3n de la morbi- mortalidad asociada a estas afecciones en la poblaci\u00f3n pedi\u00e1trica.<\/p>\n<p class=\" eplus-wrapper\">Durante la presentaci\u00f3n, el secretario de Salud, Carlos Giordana, expres\u00f3: \u201c<em>Todos los a\u00f1os IRAB tiene caracter\u00edsticas particulares, siempre hay cuestiones que lo hacen diferente al a\u00f1o anterior y este a\u00f1o creemos que no va a ser la excepci\u00f3n. Para esta contingencia hemos decidido reforzar a\u00fan m\u00e1s nuestro sistema sanitario para poder dar la atenci\u00f3n necesaria a todos los ni\u00f1os y ni\u00f1as de la provincia<\/em>\u201d.<\/p>\n<p class=\" eplus-wrapper\">Este a\u00f1o, el principal eje de la campa\u00f1a es el incremento de camas en unidades de terapia intensiva y en unidades de cuidados intermedios en diferentes centros de salud.<\/p>\n<p class=\" eplus-wrapper\">En este sentido, semanas atr\u00e1s, en el Hospital de Ni\u00f1os se inaugur\u00f3 la remodelaci\u00f3n integral de la sala de internaci\u00f3n pedi\u00e1trica 400.<\/p>\n<p class=\" eplus-wrapper\">Este centro sum\u00f3 36 nuevas camas, provistas de todas las instalaciones bajo normativa vigente, que incluyen los equipos de ox\u00edgeno de alto flujo necesarios para implementar una t\u00e9cnica de ventilaci\u00f3n no invasiva que ha dado muy buenos resultados para la contingencia de las infecciones respiratorias.<\/p>\n<p class=\" eplus-wrapper\">El monto de inversi\u00f3n, que incluy\u00f3 adecuaci\u00f3n edilicia, instalaci\u00f3n de gases y equipamiento m\u00e9dico, fue de 500 millones de pesos.<\/p>\n<figure class=\" wp-block-embed is-type-wp-embed is-provider-web-de-noticias-gobierno-de-c-rdoba wp-block-embed-web-de-noticias-gobierno-de-c-rdoba eplus-wrapper\"><iframe class=\"wp-embedded-content\" title=\"\u00abHospital de Ni\u00f1os: La Provincia renov\u00f3 la sala de internaci\u00f3n pedi\u00e1trica\u00bb \u2014 Web de Noticias - Gobierno de C\u00f3rdoba\" src=\"https:\/\/prensa.cba.gov.ar\/informacion-general\/hospital-de-ninos-la-provincia-renovo-la-sala-de-internacion-pediatrica\/embed\/#?secret=RnxqgRTKn7#?secret=6gpbJyMtNl\" width=\"600\" height=\"281\" frameborder=\"0\" marginwidth=\"0\" marginheight=\"0\" scrolling=\"no\" sandbox=\"allow-scripts\" data-secret=\"6gpbJyMtNl\" data-mce-fragment=\"1\"><\/iframe><\/figure>\n<p class=\" eplus-wrapper\">En tanto, el Hospital Misericordia realiz\u00f3 la ampliaci\u00f3n de la sala de Unidad de Cuidados Intermedios (UCI) pedi\u00e1trica. Con esta obra, se incorporaron 10 nuevas camas al sector, que increment\u00f3 su capacidad a 26 camas totalmente equipadas con monitores multiparam\u00e9tricos, respiradores y equipos de ox\u00edgeno de alto flujo.<\/p>\n<p class=\" eplus-wrapper\">En este caso, la inversi\u00f3n fue cercana a los 95 millones de pesos, entre la remodelaci\u00f3n integral de la superficie, el reemplazo de toda la instalaci\u00f3n de gases medicinales y la incorporaci\u00f3n del equipamiento m\u00e9dico.<\/p>\n<figure class=\" wp-block-embed is-type-wp-embed is-provider-web-de-noticias-gobierno-de-c-rdoba wp-block-embed-web-de-noticias-gobierno-de-c-rdoba eplus-wrapper\"><iframe class=\"wp-embedded-content\" title=\"\u00abEl Hospital Misericordia incorpora 26 camas a la Unidad de Cuidados Intermedios Pedi\u00e1tricos\u00bb \u2014 Web de Noticias - Gobierno de C\u00f3rdoba\" src=\"https:\/\/prensa.cba.gov.ar\/informacion-general\/el-hospital-misericordia-incorpora-26-camas-a-la-unidad-de-cuidados-intermedios-pediatricos\/embed\/#?secret=thzvXjYqKz#?secret=51TtSsZRbZ\" width=\"600\" height=\"281\" frameborder=\"0\" marginwidth=\"0\" marginheight=\"0\" scrolling=\"no\" sandbox=\"allow-scripts\" data-secret=\"51TtSsZRbZ\" data-mce-fragment=\"1\"><\/iframe><\/figure>\n<p class=\" eplus-wrapper\">Otro de los centros de salud que se reacondicion\u00f3 es el Florencio D\u00edaz; en ese hospital se habilitaron ocho habitaciones -16 camas- exclusivas para pediatr\u00eda.<\/p>\n<p class=\" eplus-wrapper\">Esta apertura se da en el marco de la puesta en funcionamiento del nuevo servicio de pediatr\u00eda de esta instituci\u00f3n, cuya inversi\u00f3n fue cercana a los 55 millones de pesos.<\/p>\n<p class=\" eplus-wrapper\">De esta manera, junto a otros centros de salud que sumaron camas, se reforz\u00f3 la disponibilidad en un 13 por ciento en el caso de las unidades de terapia intensiva -neonatos y pedi\u00e1tricos pasaron de 149 a 169-; en un 30 por ciento las unidades de cuidados intermedios neonatos y pedi\u00e1tricos \u2013pasaron de 125 a 163-; y un 17 por ciento las camas pedi\u00e1tricas \u2013pasaron de 385 a 450- en todo el territorio provincial.<\/p>\n<p class=\" eplus-wrapper\">En cuanto al recurso humano, la incorporaci\u00f3n fue de casi el doble de agentes de salud en relaci\u00f3n a 2023: el a\u00f1o anterior se sumaron 190 en el marco del abordaje de la contingencia, mientras que este a\u00f1o se incorporaron 362 nuevos profesionales, entre ellos, profesionales de medicina, enfermer\u00eda, kinesiolog\u00eda, bioqu\u00edmica y t\u00e9cnicos en bioim\u00e1genes. Esta inversi\u00f3n en agentes sanitarios representar\u00e1 un monto superior a los 640 millones de pesos.<\/p>\n<p class=\" eplus-wrapper\">Vale mencionar que esta incorporaci\u00f3n tambi\u00e9n estuvo acompa\u00f1ada de diversas capacitaciones en toda la provincia, que se vienen realizando desde principio de a\u00f1o.<\/p>\n<figure class=\" wp-block-image size-large eplus-wrapper wp-lightbox-container\" data-wp-context=\"{ &quot;core&quot;:\n\t\t\t\t{ &quot;image&quot;:\n\t\t\t\t\t{   &quot;imageLoaded&quot;: false,\n\t\t\t\t\t\t&quot;initialized&quot;: false,\n\t\t\t\t\t\t&quot;lightboxEnabled&quot;: false,\n\t\t\t\t\t\t&quot;hideAnimationEnabled&quot;: false,\n\t\t\t\t\t\t&quot;preloadInitialized&quot;: false,\n\t\t\t\t\t\t&quot;lightboxAnimation&quot;: &quot;zoom&quot;,\n\t\t\t\t\t\t&quot;imageUploadedSrc&quot;: &quot;https:\/\/prensa.cba.gov.ar\/wp-content\/uploads\/2024\/05\/infecciones-respiratorias-1.jpeg&quot;,\n\t\t\t\t\t\t&quot;imageCurrentSrc&quot;: &quot;&quot;,\n\t\t\t\t\t\t&quot;targetWidth&quot;: &quot;1447&quot;,\n\t\t\t\t\t\t&quot;targetHeight&quot;: &quot;971&quot;,\n\t\t\t\t\t\t&quot;scaleAttr&quot;: &quot;&quot;,\n\t\t\t\t\t\t&quot;dialogLabel&quot;: &quot;Imagen ampliada&quot;\n\t\t\t\t\t}\n\t\t\t\t}\n\t\t\t}\" data-wp-interactive=\"\"><img fetchpriority=\"high\" decoding=\"async\" class=\"wp-image-593869\" src=\"https:\/\/prensa.cba.gov.ar\/wp-content\/uploads\/2024\/05\/infecciones-respiratorias-1-1024x687.jpeg\" sizes=\"(max-width: 1024px) 100vw, 1024px\" srcset=\"https:\/\/prensa.cba.gov.ar\/wp-content\/uploads\/2024\/05\/infecciones-respiratorias-1-1024x687.jpeg 1024w, https:\/\/prensa.cba.gov.ar\/wp-content\/uploads\/2024\/05\/infecciones-respiratorias-1-300x201.jpeg 300w, https:\/\/prensa.cba.gov.ar\/wp-content\/uploads\/2024\/05\/infecciones-respiratorias-1-768x515.jpeg 768w, https:\/\/prensa.cba.gov.ar\/wp-content\/uploads\/2024\/05\/infecciones-respiratorias-1.jpeg 1447w\" alt=\"\" width=\"1024\" height=\"687\" data-wp-effect--setstylesonresize=\"effects.core.image.setStylesOnResize\" data-wp-effect=\"effects.core.image.setButtonStyles\" data-wp-init=\"effects.core.image.initOriginImage\" data-wp-on--click=\"actions.core.image.showLightbox\" data-wp-on--load=\"actions.core.image.handleLoad\" \/><button class=\"lightbox-trigger\" type=\"button\" aria-haspopup=\"dialog\" aria-label=\"Ampliar la imagen\" data-wp-on--click=\"actions.core.image.showLightbox\" data-wp-style--right=\"context.core.image.imageButtonRight\" data-wp-style--top=\"context.core.image.imageButtonTop\"><\/button><\/figure>\n<h4 class=\" wp-block-heading eplus-wrapper\">Aparatolog\u00eda e insumos m\u00e9dicos<\/h4>\n<p class=\" eplus-wrapper\">Otro de los ejes en la estrategia de abordaje es la incorporaci\u00f3n de aparatolog\u00eda. En lo que va de este a\u00f1o, se increment\u00f3 la cantidad de respiradores disponibles, as\u00ed como los equipos de ox\u00edgeno de alto flujo -pas\u00f3 de 194 a 241 unidades, que representan un 24 por ciento m\u00e1s- y el VNI -de 193 a 215 unidades; un 11 por ciento m\u00e1s-.<\/p>\n<p class=\" eplus-wrapper\">Otra l\u00ednea relevante fue la compra de insumos para laboratorio, descartables y medicaci\u00f3n a inicios de este a\u00f1o, con el fin de incrementar el stock y contribuir a la provisi\u00f3n para encarar la contingencia. Esto represent\u00f3 una inversi\u00f3n superior a los 4.500 millones de pesos.<\/p>\n<h4 class=\" wp-block-heading eplus-wrapper\">Acerca de la las IRAB<\/h4>\n<p class=\" eplus-wrapper\">Las IRAB se clasifican en altas y bajas. Las altas son resfr\u00edo com\u00fan, faringitis y faringoamigdalitis, otitis media aguda y adenoiditis. En tanto, las bajas abarcan la neumon\u00eda, la laringitis (en los ni\u00f1os), la traque\u00edtis, la bronquitis y los cuadros considerados bajo la denominaci\u00f3n de \u201cS\u00edndrome Bronquial Obstructivo\u201d (SBO).<\/p>\n<p class=\" eplus-wrapper\">Estas afecciones constituyen uno de los problemas de salud m\u00e1s importantes en la poblaci\u00f3n de 0 a 5 a\u00f1os de edad, constituyendo la primera causa de consulta.<\/p>\n<h4 class=\" wp-block-heading eplus-wrapper\">Recomendaciones para la poblaci\u00f3n<\/h4>\n<p class=\" eplus-wrapper\">Para prevenir las infecciones respiratorias, es clave tener los esquemas de vacunaci\u00f3n completos, en particular con las dosis de antigripal, pero tambi\u00e9n aquellas que protegen contra coqueluche y contra el COVID-19. Las vacunas del calendario nacional son gratuitas y obligatorias, y est\u00e1n disponibles en toda la red provincial.<\/p>\n<p class=\" eplus-wrapper\">Tambi\u00e9n es importante sostener las medidas de higiene respiratoria, como el lavado frecuente de manos, la ventilaci\u00f3n de ambientes, o taparse la boca y nariz con el pliegue del codo o un pa\u00f1uelo descartable al toser o estornudar.<\/p>\n<p class=\" eplus-wrapper\">Dado que estas enfermedades pueden ser m\u00e1s severas en ni\u00f1os y ni\u00f1as menores de 5 a\u00f1os, siempre que sea posible, hay que evitar que est\u00e9n en contacto con personas que presenten sintomatolog\u00eda respiratoria. Adem\u00e1s, es altamente recomendable sostener la lactancia materna exclusiva hasta los 6 meses y evitar los ambientes contaminados con humo de cigarrillo.<\/p>\n<p class=\" eplus-wrapper\">Se debe prestar atenci\u00f3n a s\u00edntomas como tos, resfr\u00edo, dolor de garganta, congesti\u00f3n nasal o fiebre. En algunos de los casos, estos pueden convertirse en bronquiolitis o neumon\u00eda, por lo cual es importante la consulta temprana.<\/p>\n<p class=\" eplus-wrapper\">Ante los siguientes s\u00edntomas de alarma se debe acudir inmediatamente al centro de salud m\u00e1s cercano: respiraci\u00f3n agitada o con ruidos, pecho hundido, irritabilidad o rechazo de alimentos y l\u00edquidos.<\/p>\n<p><iframe title=\"YouTube video player\" src=\"https:\/\/www.youtube.com\/embed\/qdmWdcPo7dI?si=-iNPYcSlTs_auLVr\" width=\"560\" height=\"315\" frameborder=\"0\" allowfullscreen=\"allowfullscreen\" data-mce-fragment=\"1\"><\/iframe><\/p>\n","protected":false},"excerpt":{"rendered":"<p>Se espera una alta demanda de pacientes. Se incrementan las camas en unidades de terapia intensiva y de cuidados intermedios en diferentes centros de salud, se incorporan recursos humanos y aparatolog\u00eda. Salud recuerda que la principal medida de prevenci\u00f3n es la inmunizaci\u00f3n de la poblaci\u00f3n adulta y pedi\u00e1trica. El ministerio de Salud realiz\u00f3 el lanzamiento &hellip;<\/p>\n","protected":false},"author":1,"featured_media":6447,"comment_status":"open","ping_status":"open","sticky":false,"template":"","format":"standard","meta":{"footnotes":""},"categories":[48],"tags":[],"class_list":["post-6446","post","type-post","status-publish","format-standard","has-post-thumbnail","hentry","category-info-general"],"_links":{"self":[{"href":"https:\/\/radiobeat97.com.ar\/beat\/wp-json\/wp\/v2\/posts\/6446","targetHints":{"allow":["GET"]}}],"collection":[{"href":"https:\/\/radiobeat97.com.ar\/beat\/wp-json\/wp\/v2\/posts"}],"about":[{"href":"https:\/\/radiobeat97.com.ar\/beat\/wp-json\/wp\/v2\/types\/post"}],"author":[{"embeddable":true,"href":"https:\/\/radiobeat97.com.ar\/beat\/wp-json\/wp\/v2\/users\/1"}],"replies":[{"embeddable":true,"href":"https:\/\/radiobeat97.com.ar\/beat\/wp-json\/wp\/v2\/comments?post=6446"}],"version-history":[{"count":1,"href":"https:\/\/radiobeat97.com.ar\/beat\/wp-json\/wp\/v2\/posts\/6446\/revisions"}],"predecessor-version":[{"id":6448,"href":"https:\/\/radiobeat97.com.ar\/beat\/wp-json\/wp\/v2\/posts\/6446\/revisions\/6448"}],"wp:featuredmedia":[{"embeddable":true,"href":"https:\/\/radiobeat97.com.ar\/beat\/wp-json\/wp\/v2\/media\/6447"}],"wp:attachment":[{"href":"https:\/\/radiobeat97.com.ar\/beat\/wp-json\/wp\/v2\/media?parent=6446"}],"wp:term":[{"taxonomy":"category","embeddable":true,"href":"https:\/\/radiobeat97.com.ar\/beat\/wp-json\/wp\/v2\/categories?post=6446"},{"taxonomy":"post_tag","embeddable":true,"href":"https:\/\/radiobeat97.com.ar\/beat\/wp-json\/wp\/v2\/tags?post=6446"}],"curies":[{"name":"wp","href":"https:\/\/api.w.org\/{rel}","templated":true}]}}