{"id":6478,"date":"2024-06-10T12:09:15","date_gmt":"2024-06-10T12:09:15","guid":{"rendered":"http:\/\/www.radiobeat97.com.ar\/beat\/?p=6478"},"modified":"2024-06-10T12:09:15","modified_gmt":"2024-06-10T12:09:15","slug":"fito-paez-vuelve-al-movistar-arena","status":"publish","type":"post","link":"https:\/\/radiobeat97.com.ar\/beat\/fito-paez-vuelve-al-movistar-arena\/","title":{"rendered":"Fito P\u00e1ez vuelve al Movistar Arena"},"content":{"rendered":"<article class=\"col-lg-12 notinoti v2c\">Fito P\u00e1ez vuelve el 11 de noviembre al Movistar Arena, con el nombre \u201cP\u00e1ez 4030\u201d, para celebrar sus dos discos emblem\u00e1ticos: \u201cDel 63\u201d y \u201cCirco Beat\u201d, donde revisita su historia con una perspectiva actual de estas dos obras, conmemorando 40 a\u00f1os desde el lanzamiento de su primer disco \u201cDel 63\u201d y 30 a\u00f1os del ic\u00f3nico \u201cCirco Beat\u201d. Estos trabajos del artista han marcado generaciones y se han convertido en himnos del rock en espa\u00f1ol.<\/p>\n<p>\u201cDel 63\u201d, lanzado en 1984, fue el primer \u00e1lbum del artista. Incluye temas memorables como la canci\u00f3n hom\u00f3nima que hace referencia al a\u00f1o de nacimiento del m\u00fasico, as\u00ed como \u201cTres agujas\u201d y \u201cLa rumba del piano\u201d, entre otros.<\/p>\n<p>Por otro lado, \u201cCirco Beat\u201d (1994), el octavo \u00e1lbum de P\u00e1ez, destaca por su concepto, sonoridad y canciones como \u201cTema de Piluso\u201d y \u201cMariposa tecknicolor\u201d.<\/p>\n<\/article>\n<div id=\"c-tres\"><\/div>\n<div class=\"video\">\n<div class=\"col-md-12\">\n<div class=\"instagram\"><iframe id=\"instagram-embed-0\" class=\"instagram-media instagram-media-rendered\" src=\"https:\/\/www.instagram.com\/p\/C76mVUwihYQ\/embed\/?cr=1&amp;v=14&amp;wp=810&amp;rd=https%3A%2F%2Fcmtv.com.ar&amp;rp=%2Fnoticias%2Fnoticia_completa.php%3Fbnid%3D228%26nid%3D32986%26artista%3DFito_Paez%26titulo%3DFito_Paez_vuelve_al_Movistar_Arena#%7B%22ci%22%3A0%2C%22os%22%3A830.5%2C%22ls%22%3A386.7000000476837%2C%22le%22%3A731%7D\" height=\"747\" frameborder=\"0\" scrolling=\"no\" allowfullscreen=\"allowfullscreen\" data-instgrm-payload-id=\"instagram-media-payload-0\" data-mce-fragment=\"1\"><\/iframe><\/div>\n<\/div>\n<\/div>\n<p>&nbsp;<\/p>\n<p>El 11 de noviembre ser\u00e1 la excusa para reencontrarse con Fito P\u00e1ez y sus canciones que hicieron historia.<\/p>\n<p>Entradas a la venta en www.movistararena.com.ar desde el 10 de junio. Preventa exclusiva el 7 de junio con Galicia.<\/p>\n<p>Solo el viernes 7 de junio: Preventa Exclusiva con Galicia (desde las 10 hs). 20% de ahorro y hasta 6 cuotas sin inter\u00e9s abonando con tarjeta Galicia Visa Cr\u00e9dito.<\/p>\n<p>Venta General lunes 10 de junio a las 13 hs. Hasta 6 cuotas sin inter\u00e9s abonando con tarjetas Galicia Visa Cr\u00e9dito.<\/p>\n<p>Pr\u00f3ximamente se a\u00f1adir\u00e1n nuevas fechas a la gira.<\/p>\n<p>Para finalizar les compartimos el videoclip de su \u00faltimo single llamado \u00abLove song\u00bb, con la participaci\u00f3n de\u00a0Nonpalidece,\u00a0Fabiana Cantilo\u00a0y Dean Fraser:<\/p>\n<p>&nbsp;<\/p>\n<div class=\"video\">\n<div class=\"artista1 artista\">\n<div class=\"col-md-12 bio\">\n<div class=\"video-youtube\"><iframe class=\"iframeyoutube\" style=\"box-sizing: border-box; border: 9px solid #202020; color: #191919; font-family: roboto_regular, sans-serif; font-size: 14px; font-style: normal; font-variant-ligatures: normal; font-variant-caps: normal; font-weight: 400; letter-spacing: normal; orphans: 2; text-align: start; text-indent: 0px; text-transform: none; widows: 2; word-spacing: 0px; -webkit-text-stroke-width: 0px; white-space: normal; background-color: #ffffff; text-decoration-thickness: initial; text-decoration-style: initial; text-decoration-color: initial; width: -webkit-fill-available;\" title=\"\" src=\"https:\/\/www.youtube.com\/embed\/_rTsiW7ifQI\" height=\"560\" frameborder=\"0\" allowfullscreen=\"allowfullscreen\" data-mce-fragment=\"1\"><\/iframe><\/p>\n<div class=\"suscribirse hidden-xs\"><\/div>\n<\/div>\n<\/div>\n<\/div>\n<\/div>\n","protected":false},"excerpt":{"rendered":"<p>Fito P\u00e1ez vuelve el 11 de noviembre al Movistar Arena, con el nombre \u201cP\u00e1ez 4030\u201d, para celebrar sus dos discos emblem\u00e1ticos: \u201cDel 63\u201d y \u201cCirco Beat\u201d, donde revisita su historia con una perspectiva actual de estas dos obras, conmemorando 40 a\u00f1os desde el lanzamiento de su primer disco \u201cDel 63\u201d y 30 a\u00f1os del ic\u00f3nico &hellip;<\/p>\n","protected":false},"author":1,"featured_media":4870,"comment_status":"open","ping_status":"open","sticky":false,"template":"","format":"standard","meta":{"footnotes":""},"categories":[50],"tags":[],"class_list":["post-6478","post","type-post","status-publish","format-standard","has-post-thumbnail","hentry","category-entretenimiento"],"_links":{"self":[{"href":"https:\/\/radiobeat97.com.ar\/beat\/wp-json\/wp\/v2\/posts\/6478","targetHints":{"allow":["GET"]}}],"collection":[{"href":"https:\/\/radiobeat97.com.ar\/beat\/wp-json\/wp\/v2\/posts"}],"about":[{"href":"https:\/\/radiobeat97.com.ar\/beat\/wp-json\/wp\/v2\/types\/post"}],"author":[{"embeddable":true,"href":"https:\/\/radiobeat97.com.ar\/beat\/wp-json\/wp\/v2\/users\/1"}],"replies":[{"embeddable":true,"href":"https:\/\/radiobeat97.com.ar\/beat\/wp-json\/wp\/v2\/comments?post=6478"}],"version-history":[{"count":1,"href":"https:\/\/radiobeat97.com.ar\/beat\/wp-json\/wp\/v2\/posts\/6478\/revisions"}],"predecessor-version":[{"id":6479,"href":"https:\/\/radiobeat97.com.ar\/beat\/wp-json\/wp\/v2\/posts\/6478\/revisions\/6479"}],"wp:featuredmedia":[{"embeddable":true,"href":"https:\/\/radiobeat97.com.ar\/beat\/wp-json\/wp\/v2\/media\/4870"}],"wp:attachment":[{"href":"https:\/\/radiobeat97.com.ar\/beat\/wp-json\/wp\/v2\/media?parent=6478"}],"wp:term":[{"taxonomy":"category","embeddable":true,"href":"https:\/\/radiobeat97.com.ar\/beat\/wp-json\/wp\/v2\/categories?post=6478"},{"taxonomy":"post_tag","embeddable":true,"href":"https:\/\/radiobeat97.com.ar\/beat\/wp-json\/wp\/v2\/tags?post=6478"}],"curies":[{"name":"wp","href":"https:\/\/api.w.org\/{rel}","templated":true}]}}