{"id":6629,"date":"2024-08-06T11:44:38","date_gmt":"2024-08-06T11:44:38","guid":{"rendered":"https:\/\/radiobeat97.com.ar\/beat\/?p=6629"},"modified":"2024-08-06T11:44:38","modified_gmt":"2024-08-06T11:44:38","slug":"agenda-cultural-de-la-semana-inaugura-una-impactante-instalacion-tecnologica-en-el-buen-pastor","status":"publish","type":"post","link":"https:\/\/radiobeat97.com.ar\/beat\/agenda-cultural-de-la-semana-inaugura-una-impactante-instalacion-tecnologica-en-el-buen-pastor\/","title":{"rendered":"Agenda cultural de la semana: inaugura una impactante instalaci\u00f3n tecnol\u00f3gica en el Buen Pastor"},"content":{"rendered":"<ul class=\" eplus-wrapper eplus-styles-uid-73166d\">\n<li class=\" eplus-wrapper\"><strong>Un repaso por la grilla de eventos de la Agencia C\u00f3rdoba Cultura, del 5 al 11 de agosto.<\/strong><\/li>\n<li class=\" eplus-wrapper\"><strong>Con entrada gratuita, inaugura \u201cEl \u00e1rbol de la vida\u201d, del artista visual Luciano Colman.<\/strong><\/li>\n<li class=\" eplus-wrapper\"><strong>Adem\u00e1s, actividades para toda la familia en el mes de las infancias.<\/strong><\/li>\n<\/ul>\n<p class=\" eplus-wrapper\">La grilla de actividades de la Agencia C\u00f3rdoba Cultura propone diversos eventos para disfrutar de los artistas locales. Cada semana se presenta una nutrida programaci\u00f3n que puede consultarse tambi\u00e9n en\u00a0<a href=\"http:\/\/cultura.cba.gov.ar\/\" target=\"_blank\" rel=\"noreferrer noopener\">cultura.cba.gov.ar<\/a>.<\/p>\n<p class=\" eplus-wrapper\">Esta semana se destaca la intervenci\u00f3n que el artista visual Luciano Colman realiza en la Capilla del Buen Pastor, en el marco del mes aniversario de espacio. Se trata de\u00a0<strong>El \u00e1rbol de la vida<\/strong>, una instalaci\u00f3n tecnol\u00f3gica de gran formato con cientos de pantallas led en las cuales se proyectaran videos, recreados en mappings, inflables, luces robotizadas, proyecciones y m\u00fasica. La cita es este\u00a0 lunes 5 a las 19 horas.<\/p>\n<p class=\" eplus-wrapper\">El viernes 9 a las 20 horas, en tanto, el Centro Cultural C\u00f3rdoba realiza la proyecci\u00f3n de\u00a0<strong>Esp\u00edritu Inquieto,<\/strong>\u00a0un documental sobre la figura del artista Gustavo \u201cPr\u00edncipe\u201d Pena, con im\u00e1genes de archivo y m\u00fasica in\u00e9dita del gran compositor uruguayo.<\/p>\n<p class=\" eplus-wrapper\">El mismo d\u00eda, la Casa de la Cultura de R\u00edo Cuarto propone 3 nuevas exposiciones en sus salas. Por un lado,\u00a0<strong>En movimiento,<\/strong>\u00a0de Tania Abrile, compuesta por acr\u00edlicos sobre tela, papel calado y fotograf\u00edas intervenidas. Por otro lado,\u00a0<strong>Ritual fantasmag\u00f3rico<\/strong>, de Mariela Peralta\/ Silvia Sosa; y\u00a0<strong>Libre<\/strong>, de la artista Nelly Denner.<\/p>\n<p class=\" eplus-wrapper\">Cabe destacar que contin\u00faan las propuestas culturales destinadas a ni\u00f1os y ni\u00f1as de todas las edades. Obras infantiles, t\u00edteres, m\u00fasica y talleres que se despliegan en todos los espacios dependientes de la Agencia C\u00f3rdoba Cultura y en todo el territorio provincial, para disfrutar en familia el\u00a0<a href=\"https:\/\/cultura.cba.gov.ar\/en-agosto-el-teatro-va-a-las-infancias\/\" target=\"_blank\" rel=\"noreferrer noopener\">mes de las infancias<\/a>.<\/p>\n<p class=\" eplus-wrapper\">Estas son solo algunas de las actividades que podr\u00e1n disfrutarse, la grilla completa, a continuaci\u00f3n:<\/p>\n<p class=\" eplus-wrapper\"><strong>Lunes 5<\/strong>\u00a0<strong>de agosto<\/strong><\/p>\n<figure class=\" wp-block-image alignleft eplus-wrapper\"><img decoding=\"async\" class=\"wp-image-88492\" src=\"https:\/\/cultura.cba.gov.ar\/wp-content\/uploads\/2024\/08\/Partio-de-mi-un-barco-llevandome-de-Cecilia-Kang-Argentina-2024-150x150.jpg\" alt=\"\" \/><\/figure>\n<p class=\" eplus-wrapper\">A las 18:30.\u00a0<strong>Cine: Parti\u00f3 de m\u00ed un barco llev\u00e1ndome<\/strong>\u00a0(<em>de Cecilia Kang, Argentina, 2024)<br \/>\n<\/em><strong>Centro Cultural Leonardo Favio \u2013 Buenos Aires 55, R\u00edo Cuarto<br \/>\n<\/strong>Melanie, una joven actriz argentino-coreana, entra en crisis cuando le proponen interpretar un mon\u00f3logo: un testimonio de una \u201ccomfort women\u201d (mujeres que durante la Segunda Guerra Mundial fueron utilizadas como esclavas sexuales por el Ej\u00e9rcito Japon\u00e9s, y hasta el d\u00eda de hoy son ignoradas por la sociedad).\u00a0<strong>Repite mi\u00e9rcoles 7 a las 20:30.\u00a0<\/strong>Entrada general $1.000, estudiantes y jubilados $500<\/p>\n<figure class=\" wp-block-image alignright eplus-wrapper\"><img decoding=\"async\" class=\"wp-image-88469\" src=\"https:\/\/cultura.cba.gov.ar\/wp-content\/uploads\/2024\/08\/ARBOL-DE-LA-VIDA-BUENPA-150x150.jpeg\" alt=\"\" \/><\/figure>\n<p class=\" eplus-wrapper\">A las 19.\u00a0<strong>Inauguraci\u00f3n de la muestra \u201cEl \u00e1rbol de la vida\u201d<br \/>\nPaseo del Buen Pastor \u2013 Capilla \u2013 Hip\u00f3lito Yrigoyen 325<br \/>\n<\/strong>En el marco del mes aniversario del espacio cultural, el multifac\u00e9tico artista visual\u00a0<strong>Luciano Colman<\/strong>, irrumpe en la Capilla del Paseo del Buen Pastor con una serie de intervenciones que se desarrollar\u00e1n a lo largo de 3 meses. En una primera etapa, nos presentar\u00e1 una instalaci\u00f3n tecnol\u00f3gica de gran formato denominada\u00a0<strong>\u201cEl \u00e1rbol de la vida\u201d.\u00a0<\/strong>En este trabajo, Luciano construye una gran estructura recreando un \u00e1rbol donde coloca cientos de pantallas led de peque\u00f1o formato, en las cuales se proyecta un video que va desde el Big Bang y el nacimiento de la primera c\u00e9lula a im\u00e1genes de las implosiones de los agujeros negros, soles que se van enfriando, para luego dar comienzo nuevamente al Big Bang. De este modo, germinaci\u00f3n, nacimiento, crecimiento, ciclo de la vida y de las galaxias hasta llegar al final de todos los tiempos est\u00e1n representados y recreados en mappings, inflables, luces robotizadas, proyecciones y m\u00fasica. Este gran \u00e1rbol, va a estar acompa\u00f1ado por dos representaciones a gran escala de la luna y el planeta Tierra, y por proyecciones de las galaxias las cuales parecer\u00e1n suspendidas en el interior de la Capilla. Entrada libre y gratuita.<\/p>\n<figure class=\" wp-block-image alignleft eplus-wrapper\"><img decoding=\"async\" class=\"wp-image-88480\" src=\"https:\/\/cultura.cba.gov.ar\/wp-content\/uploads\/2024\/08\/Erasehead-Cabeza-Borradora-1-150x150.jpg\" alt=\"\" \/><\/figure>\n<p class=\" eplus-wrapper\">A las 19.\u00a0<strong>Cine en Biblioteca C\u00f3rdoba: \u201cErasehead (Cabeza Borradora)\u201d<\/strong>\u00a0<em>(de David Lynch, Estados Unidos, 1977)<br \/>\n<\/em><strong>Biblioteca C\u00f3rdoba \u2013 27 de abril 375<\/strong><em><br \/>\n<\/em>En agosto nos atrevemos a exponernos al miedo, al inconsciente, a nuestras inquietudes m\u00e1s profundas a trav\u00e9s del cine de David Lynch. Henry Spencer, un joven depresivo y asustadizo, sufre desde peque\u00f1o unas extra\u00f1as pesadillas de las que intenta liberarse a trav\u00e9s de su imaginaci\u00f3n. Un d\u00eda, su amiga Mary lo invita a cenar a casa; se entera entonces de que ha sido padre de un beb\u00e9 prematuro y no humano. Mary y el extra\u00f1o beb\u00e9 se instalan en casa de Henry, donde un escenario iluminado tras el radiador muestra la presencia de una mujer. Entrada libre y gratuita.<\/p>\n<figure class=\" wp-block-image alignright eplus-wrapper\"><img decoding=\"async\" class=\"wp-image-88496\" src=\"https:\/\/cultura.cba.gov.ar\/wp-content\/uploads\/2024\/08\/Taller-de-Clown-150x150.jpg\" alt=\"\" \/><\/figure>\n<p class=\" eplus-wrapper\">A las 19.\u00a0<strong>Taller de Clown<br \/>\nCentro Cultural C\u00f3rdoba \u2013 Av. Poeta Lugones 401<br \/>\n<\/strong>Inicia un nuevo espacio donde se adentrar\u00e1 en los recovecos personales en los que duerme o se esconde nuestro \u201cser payaso\u201d. En un marco de juego colectivo abordaremos, mediante las herramientas t\u00e9cnicas del clown, la singularidad de cada int\u00e9rprete para descubrir y potenciar un universo que es propio y sin embargo, se desconoce o visitamos poco. El clown es nuestro mejor otro yo. Y la tragicomedia es el mejor escenario para\u00a0 desparramar nuestra. Tendr\u00e1 una duraci\u00f3n de 2 meses y\u00a0est\u00e1 destinado a toda persona interesada en explorar el lenguaje del payaso. Cupos limitados. + Info e inscripciones 351 3854113. Coordina: Laura Ortiz<\/p>\n<figure class=\" wp-block-image alignleft eplus-wrapper\"><img decoding=\"async\" class=\"wp-image-88487\" src=\"https:\/\/cultura.cba.gov.ar\/wp-content\/uploads\/2024\/08\/Las-divas-de-Manuel-Puig-150x150.jpg\" alt=\"\" \/><\/figure>\n<p class=\" eplus-wrapper\">A las 20:30.\u00a0<strong>Cine de cabecera: Las divas de Manuel Puig. El suplicio de una madre\u00a0<\/strong><em>(de Michael Curtiz, Estados Unidos, 1945)<br \/>\n<\/em><strong>Centro Cultural Leonardo Favio \u2013 Buenos Aires 55, R\u00edo Cuarto<br \/>\n<\/strong>Cuando el segundo marido de Mildred Pierce (Joan Crawford) es asesinado, la polic\u00eda la interroga. La mujer cuenta c\u00f3mo ha sido su vida desde que se cas\u00f3 por primera vez y c\u00f3mo se ha sacrificado para proporcionar a su hija (Ann Blyth) todas las oportunidades que ella nunca tuvo. Entrada libre y gratuita.<\/p>\n<p class=\" eplus-wrapper\"><strong>Martes 6 de agosto<\/strong><\/p>\n<figure class=\" wp-block-image alignright eplus-wrapper\"><img decoding=\"async\" class=\"wp-image-88282\" src=\"https:\/\/cultura.cba.gov.ar\/wp-content\/uploads\/2024\/07\/Cuantos-Cuentos-3-Pequitas-Rosita-Aguero-150x150.jpg\" alt=\"\" \/><\/figure>\n<p class=\" eplus-wrapper\">A las 11.<strong>\u00a0Teatro infantil: Cuantos cuentos<\/strong>\u00a0(Grupo Pequitas)<br \/>\n<strong>Centro Educativo Jer\u00f3nimo Luis de Cabrera Colonia El Espinillal, El Espinillal. Dpto. R\u00edo Cuarto<br \/>\n<\/strong><em>Teatro de t\u00edteres. Infancias. 50 minutos<br \/>\n<\/em>Se trata de historias cuidadosamente vigiladas por Giuseppe en una valija enorme, en la que est\u00e1 guardado un libro tan grande como la maleta que lo contiene. La narradora cumple el rol de personaje y parte de Cuantos Cuentos y como eje que une las historias que narra. Presenta su propia experiencia de ni\u00f1a con el tesoro guardado por Giuseppe.<\/p>\n<figure class=\" wp-block-image alignleft eplus-wrapper\"><img decoding=\"async\" class=\"wp-image-85595\" src=\"https:\/\/cultura.cba.gov.ar\/wp-content\/uploads\/2024\/06\/La-conversion-150x150.jpeg\" alt=\"\" \/><\/figure>\n<p class=\" eplus-wrapper\">A las 17:30.\u00a0<strong>Cine: La Conversi\u00f3n<\/strong>\u00a0(<em>de Marco Bellocchio, Italia, 2024)<br \/>\n<\/em><strong>Centro Cultural Leonardo Favio \u2013 Buenos Aires 55, R\u00edo Cuarto<br \/>\n<\/strong>En 1858, Edgardo Mortara, un joven jud\u00edo de Bolonia, es secuestrado en su casa familiar por soldados del Papa de Roma. Habiendo sido bautizado en secreto por su nodriza, debe recibir una educaci\u00f3n cat\u00f3lica.\u00a0<strong>Repite mi\u00e9rcoles 7, jueves 8 a las 17:30 y s\u00e1bado 10 a las 20:30.\u00a0<\/strong>Entrada general $1.000, estudiantes y jubilados $500<\/p>\n<figure class=\" wp-block-image alignright eplus-wrapper\"><img decoding=\"async\" class=\"wp-image-88485\" src=\"https:\/\/cultura.cba.gov.ar\/wp-content\/uploads\/2024\/08\/Historias-de-new-york-150x150.jpg\" alt=\"\" \/><\/figure>\n<p class=\" eplus-wrapper\">A las 18.\u00a0<strong>Cine en el Palacio: Historias de Nueva York\u00a0<\/strong><em>(de Martin Scorsese, Francis Ford Coppola, Woody Allen, Estados Unidos, 1989)<br \/>\n<\/em><strong>Museo Evita Palacio Ferreyra \u2013 Av. Hip\u00f3lito Yrigoyen 511<br \/>\n<\/strong>Una serie de largometrajes dedicados a explorar a la ciudad como un cuerpo vivo en el que se pueden explorar historias de vida, sue\u00f1os, lugares. Para este nuevo ciclo se proyectar\u00e1n pel\u00edculas de todo el mundo, incluidos dos largometrajes cordobeses.Pel\u00edcula que re\u00fane tres historias independientes ambientadas en Nueva York: \u201cApuntes al natural\u201d de Scorsese; \u201cVida sin Zoe\u201d de Coppola; 3. \u201cEdipo reprimido\u201d de Woody Allen. La entrada es libre y gratuita hasta agotar la capacidad de la sala (90 personas).<\/p>\n<figure class=\" wp-block-image alignleft eplus-wrapper\"><img decoding=\"async\" class=\"wp-image-88491\" src=\"https:\/\/cultura.cba.gov.ar\/wp-content\/uploads\/2024\/08\/Palabras-de-Poeta-Biblioteca-Cba-150x150.jpg\" alt=\"\" \/><\/figure>\n<p class=\" eplus-wrapper\">A las 19.\u00a0<strong>Ciclo Palabras de Poeta<br \/>\nBiblioteca C\u00f3rdoba \u2013 27 de abril 375<\/strong><em><br \/>\n<\/em>Encuentro con la escritora Maria Teresa Andrueto. Coordinan Hern\u00e1n Jaeggi y Silvia Barei.\u00a0 Entrada libre y gratuita.<\/p>\n<figure class=\" wp-block-image alignright eplus-wrapper\"><img decoding=\"async\" class=\"wp-image-86309\" src=\"https:\/\/cultura.cba.gov.ar\/wp-content\/uploads\/2024\/06\/La-matriarca-Cine-Arte-150x150.jpg\" alt=\"\" \/><\/figure>\n<p class=\" eplus-wrapper\">A las 19.\u00a0<strong>Cine: La matriarca\u00a0<\/strong><em>(de Matthew J. Saville, Nueva Zelanda, 2023)<br \/>\n<\/em><strong>Cine Arte C\u00f3rdoba \u2013 27 de abril 275<br \/>\n<\/strong>Cuando un adolescente autodestructivo es expulsado del colegio y se le pide que cuide a su peleona abuela alcoh\u00f3lica como castigo, los disparatados momentos que viven juntos le cambian la vida.\u00a0<strong>Repite mi\u00e9rcoles 7 a las 19; s\u00e1bado 10 y domingo 11 a las 21.\u00a0<\/strong>Entrada general $2.000, jubilados y estudiantes $1.500, disponible en boleter\u00eda.<\/p>\n<figure class=\" wp-block-image alignleft eplus-wrapper\"><img decoding=\"async\" class=\"wp-image-88497\" src=\"https:\/\/cultura.cba.gov.ar\/wp-content\/uploads\/2024\/08\/TOUKI_BOUKI-150x150.jpg\" alt=\"\" \/><\/figure>\n<p class=\" eplus-wrapper\">A\u00a0las 20:30.\u00a0<strong>Cine por la diversidad: Foco: cine africano. Touki Bouki (<\/strong><em>de Djibril Diop Mamb\u00e9ty, S\u00e9n\u00e9gal, 1973)<\/em><strong><br \/>\nCentro Cultural Leonardo Favio \u2013 Buenos Aires 55, R\u00edo Cuarto<br \/>\n<\/strong>Mory, un pastor que conduce una moto decorada con cuernos de vaca, y la estudiante Anta, se conocieron en Dakar. Se sienten marginados, est\u00e1n hartos de Senegal y de \u00c1frica, por lo que sue\u00f1an con irse a Par\u00eds. Para conseguir el dinero para el pasaje recurrir\u00e1n a diversas estratagemas. Entrada libre y gratuita.<\/p>\n<figure class=\" wp-block-image alignright eplus-wrapper\"><img decoding=\"async\" class=\"wp-image-88025\" src=\"https:\/\/cultura.cba.gov.ar\/wp-content\/uploads\/2024\/07\/La-inmensidad-de-Emanuele-Crialese-Italia-2022-150x150.jpg\" alt=\"\" \/><\/figure>\n<p class=\" eplus-wrapper\">A las 21.\u00a0<strong>Cine: La inmensidad\u00a0<\/strong><em>(de Emanuele Crialese, Italia, 2022)<br \/>\n<\/em><strong>Cine Arte C\u00f3rdoba \u2013 27 de abril 275<br \/>\n<\/strong>Roma, a\u00f1os 70. Clara y Felice acaban de mudarse a un piso nuevo. Su matrimonio est\u00e1 acabado: ya no se aman, pero son incapaces de separarse. Lo \u00fanico que los mantiene unidos son sus hijos, en los que Clara vuelca su deseo de libertad. Adriana, la mayor, acaba de cumplir 12 a\u00f1os y presencia muy de cerca los estados de \u00e1nimo de Clara y las tensiones cada vez mayores entre sus padres. Adriana rechaza su nombre y su identidad, quiere convencer a todo el mundo de que es un chico, y su obstinaci\u00f3n hace que el ya fr\u00e1gil equilibrio familiar alcance un punto de ruptura. Mientras los ni\u00f1os esperan una se\u00f1al que los gu\u00ede, todo cambia a su alrededor y en su interior.\u00a0\u00a0<strong>Repite mi\u00e9rcoles 7, jueves 8 y viernes 9 a las 17 y 21; s\u00e1bado 10 y domingo 11\u00a0 a las 17 y 19 hs.\u00a0<\/strong>Entrada general $2.000, jubilados y estudiantes $1.500, disponible en boleter\u00eda.<\/p>\n<p class=\" eplus-wrapper\"><strong>Mi\u00e9rcoles 7<\/strong>\u00a0<strong>de agosto<\/strong><\/p>\n<figure class=\" wp-block-image alignleft eplus-wrapper\"><img decoding=\"async\" class=\"wp-image-88494\" src=\"https:\/\/cultura.cba.gov.ar\/wp-content\/uploads\/2024\/08\/Ritual-fantasmagorico-150x150.jpg\" alt=\"\" \/><\/figure>\n<p class=\" eplus-wrapper\">A las 15.\u00a0<strong>Ciclo Animalario: Mesa de collage \u201cFantasbulario\u201d<br \/>\nMuseo Hist\u00f3rico Provincial Marqu\u00e9s de Sobre Monte \u2013 Rosario de Santa Fe 218<br \/>\n<\/strong>El taller de pl\u00e1stica nos propone repensar una evoluci\u00f3n posible de los objetos pertenecientes a la colecci\u00f3n del Museo Sobre Monte. C\u00f3mo esas \u00abcosas curiosas\u00bb se transforman en una fauna imaginaria, permitiendo un abordaje l\u00fadico y educativo sobre el patrimonio exhibido o escondido en los dep\u00f3sitos. Actividad libre y gratuita.<\/p>\n<figure class=\" wp-block-image alignright eplus-wrapper\"><img decoding=\"async\" class=\"wp-image-88495\" src=\"https:\/\/cultura.cba.gov.ar\/wp-content\/uploads\/2024\/08\/silvina-bottaro-Conversaciones-con-artistas-150x150.jpeg\" alt=\"\" \/><\/figure>\n<p class=\" eplus-wrapper\">A las 17.\u00a0<strong>Conversaciones con artistas: Silvina Bottaro<\/strong><br \/>\n<strong>Museo Emilio Caraffa \u2013 Av. Poeta Lugones 411<br \/>\n<\/strong>En el marco de la muestra \u201cItinerarios 2000-2024\u201d, la artista compartir\u00e1 en un recorrido a pie de obra relatos sobre la muestra, las obras y su forma de producci\u00f3n. Actividad para todo p\u00fablico con entrada gratuita.<\/p>\n<figure class=\" wp-block-image alignleft eplus-wrapper\"><img decoding=\"async\" class=\"wp-image-88493\" src=\"https:\/\/cultura.cba.gov.ar\/wp-content\/uploads\/2024\/08\/pixel-art-150x150.jpeg\" alt=\"\" \/><\/figure>\n<p class=\" eplus-wrapper\">A las 17.\u00a0<strong>Taller de pixel art<\/strong><br \/>\n<strong>Museo Emilio Caraffa \u2013 Av. Poeta Lugones 411<br \/>\n<\/strong>Propuesta de dise\u00f1o de personajes con la t\u00e9cnica de dibujo Pixel art. Coordina Cecilia Candia. Actividad gratuita destinada a adolescentes. Con cupo completando\u00a0<a href=\"https:\/\/forms.gle\/JNtsLGTKvKRV5iqQ8\" target=\"_blank\" rel=\"noreferrer noopener\"><strong>AQU\u00cd<\/strong><\/a>\u00a0el formulario.\u00a0En la sala de creaci\u00f3n del MEC.<\/p>\n<p class=\" eplus-wrapper\">A las 18.\u00a0<strong>Coincidencias Extraordinarias: Mesa de di\u00e1logo<br \/>\nMuseo Evita Palacio Ferreyra \u2013 Av. Hip\u00f3lito Yrigoyen 511<br \/>\n<\/strong>En el marco de la muestra de artes visuales que\u00a0re\u00fane 51 obras singulares de artistas cordobeses, se propone la mesa de di\u00e1logo \u201c<em>La (des) materializaci\u00f3n de la performance, experiencias sobre las obras Negociaci\u00f3n, Otra Siembra, Ni\u00f1a Monstruo.\u00a0<\/em>Dialogan: Veronica Meloni, Dolores de Argentina y Sofia Torres Kosiba. Entrada libre y gratuita<\/p>\n<figure class=\" wp-block-image alignright eplus-wrapper\"><img decoding=\"async\" class=\"wp-image-88478\" src=\"https:\/\/cultura.cba.gov.ar\/wp-content\/uploads\/2024\/08\/El-maestro-de-la-vida-1-150x150.jpg\" alt=\"\" \/><\/figure>\n<p class=\" eplus-wrapper\">A las 19:30.\u00a0<strong>Cine Club del CCC:\u00a0 El maestro de la vida\u00a0<\/strong><em>(de Akira Kurosawa, Jap\u00f3n, 1993)<\/em><strong><br \/>\nCentro Cultural C\u00f3rdoba \u2013 Av. Poeta Lugones 401<br \/>\n<\/strong>Tokio, 1943. El profesor Hyakken Uchida abandona su c\u00e1tedra para dedicarse por completo a su carrera como escritor. Los desastres de la Segunda Guerra Mundial (1939-1945) hacen que pierda su casa y viva con su mujer en una barraca. Pero sus ex alumnos deciden construirle un nuevo hogar, al que se trasladar\u00e1 con su esposa. Tambi\u00e9n se comprometen a celebrar cada cumplea\u00f1os del venerado maestro. Entrada libre y gratuita, hasta agotar la capacidad de sala.<\/p>\n<figure class=\" wp-block-image alignleft eplus-wrapper\"><img decoding=\"async\" class=\"wp-image-88471\" src=\"https:\/\/cultura.cba.gov.ar\/wp-content\/uploads\/2024\/08\/Coro-de-Camara-de-la-Provincia-150x150.jpg\" alt=\"\" \/><\/figure>\n<p class=\" eplus-wrapper\">A las 20.\u00a0<strong>Coro de c\u00e1mara de la Provincia: Desde el faro<br \/>\nTeatro del Libertador San Mart\u00edn \u2013 Av. V\u00e9lez Sarsfield 365<\/strong><strong><br \/>\n<\/strong>Con la direcci\u00f3n del maestro Ariel Alonso, el Coro de c\u00e1mara oficial ofrece un homenaje a Gabriela Russo, con un programa que abarca: \u201cDos cuadros orientales\u201d, e \u201cHimnos corales del Rig Veda\u201d, de Gustav Holst,a dem\u00e1s, \u201cTarde, ma\u00f1ana, noche\u201d, de Benjamin Britten, ambos compositores brit\u00e1nicos. En una segunda parte: \u201cCuatro canciones para coro femenino, dos trompas y arpa\u201d, del inmenso Johannes Brahms, la \u201cMisa en sol\u201d, del franc\u00e9s Francis Poulenc, y \u201cSeis canciones de oficios\u201d, de Daniel-Lesur. Entradas desde $1.000 disponibles a trav\u00e9s de Autoentrada y en\u00a0 boleter\u00eda.<\/p>\n<p class=\" eplus-wrapper\"><strong>Jueves 8<\/strong>\u00a0<strong>de agosto<\/strong><\/p>\n<figure class=\" wp-block-image alignright eplus-wrapper\"><img decoding=\"async\" class=\"wp-image-88285\" src=\"https:\/\/cultura.cba.gov.ar\/wp-content\/uploads\/2024\/07\/DSC_0139-01-1-teatro-circular-150x150.jpeg\" alt=\"\" \/><\/figure>\n<p class=\" eplus-wrapper\">A las 10.\u00a0<strong>Teatro Infantil: Abuela Lluvia<\/strong>\u00a0(Teatro Circular)<br \/>\n<strong>SUM Escuela Sargento Cabral, Ruta A74 Km 34, Barrio La Puerta, Colonia Tirolesa. Dpto Col\u00f3n.<br \/>\n<\/strong><em>Teatro de objetos. Infancias. 40 minutos.<br \/>\n<\/em>En \u00e9pocas de sequ\u00eda Jo intenta proteger la memoria del agua guardada en sus cacharros. Entre vive una vieja leyenda que necesita ser contada, porque cada vez que se cuenta, la Abuela Lluvia, baila y trae el agua que es la vida misma.<\/p>\n<p class=\" eplus-wrapper\">A las 17.\u00a0<strong>Ciclo Asamblea Audiovisual: \u201cFerroviarios\u201d\u00a0<\/strong><em>(de Ver\u00f3nica Rocha, 2011 )\u00a0<\/em><strong>+ \u201cDinero hecho en casa\u201d\u00a0<\/strong><em>(de Alejo Hoijman, 2004)<\/em><strong>.<br \/>\nEspacio Cultural Museo de las Mujeres-Rivera Indarte 55<br \/>\n<\/strong>En Ferroviarios,\u00a0Ver\u00f3nica Rocha reconstruye con humor y melancol\u00eda la historia ferroviaria de Cruz del Eje, su ciudad natal, conjugando el recuerdo y el imaginario de su ni\u00f1ez con material de archivo y entrevistas a ferroviarios y vecinos que reflexionan con nostalgia e iron\u00eda sobre el espacio y la identidad ferroviaria en una ciudad sin tren.\u00a0El documental de Hoijman se cuestiona \u00bfQu\u00e9 es exactamente lo que llamamos \u201cdinero\u201d? \u00bfCu\u00e1l es su valor real? \u00bfQui\u00e9n o qu\u00e9 le da ese valor? Tres hombres de un sencillo barrio de Buenos Aires decidieron cuestionar algo \u201cincuestionable\u201d: el valor del dinero y el car\u00e1cter casi sagrado que nuestra sociedad le otorga. As\u00ed, fundaron un club de trueque que pronto se convirti\u00f3 en una gigantesca econom\u00eda paralela a la formal, emitiendo una moneda propia. Entrada libre y gratuita.<\/p>\n<figure class=\" wp-block-image alignleft eplus-wrapper\"><img decoding=\"async\" class=\"wp-image-88467\" src=\"https:\/\/cultura.cba.gov.ar\/wp-content\/uploads\/2024\/08\/Alemania-Cine-Arte-150x150.jpg\" alt=\"\" \/><\/figure>\n<p class=\" eplus-wrapper\">A las 19.\u00a0<strong>Cine espacio INCA: Alemania\u00a0<\/strong><em>(de Mar\u00eda Zanetti, Argentina, 2023)<\/em><strong><br \/>\nCine Arte C\u00f3rdoba \u2013 27 de abril 275<br \/>\n<\/strong>Lola, una adolescente de 16 a\u00f1os, est\u00e1 preparando las asignaturas que tiene que recuperar cuando aparece la posibilidad de ir a estudiar un semestre en Alemania. Lola quiere viajar, pero su familia, absorbida por el trastorno mental de su hermana mayor, no quiere que haga el viaje. La inestabilidad y el desgaste en el v\u00ednculo con su familia hacen que Lola persista con su idea y salga a buscar nuevas experiencias que le devuelven otra mirada sobre s\u00ed misma y las circunstancias que la rodean.\u00a0<strong>Repite el viernes 9\u00a0 a las 19.<\/strong>\u00a0Entrada general $400, disponible en boleter\u00eda.<\/p>\n<p class=\" eplus-wrapper\">A las 20.\u00a0<strong>Ciclo Narraciones, M\u00fasica y Caf\u00e9: \u201cCanto a los oficios\u201d<br \/>\nPolo Audiovisual Villa Mar\u00eda \u2013 Dante Alighieri esquina Bv. C\u00e1rcano, Villa Mar\u00eda<br \/>\n<\/strong>Un encuentro entre poes\u00eda y m\u00fasica, donde se reivindican distintos oficios. Canciones y poes\u00edas dedicadas a quienes los practican cada d\u00eda, ense\u00f1an y procuran que sigan vivos. La amistad y el trabajo son el motivo de la formaci\u00f3n para este espect\u00e1culo. Participan los artistas \u00c1ngela Parodi, Coco Miotti y Lucila Mazzini. Destinado al p\u00fablico en general. Entrada libre y gratuita.<\/p>\n<figure class=\" wp-block-image alignright eplus-wrapper\"><img decoding=\"async\" class=\"wp-image-87406\" src=\"https:\/\/cultura.cba.gov.ar\/wp-content\/uploads\/2024\/07\/La-madrugada-que-los-perros-conocen-a-Dios-Real-150x150.jpg\" alt=\"\" \/><\/figure>\n<p class=\" eplus-wrapper\">A las 20:30.\u00a0<strong>\u201cLa madrugada en que los perros conocen a Dios\u201d<\/strong><em><br \/>\n<\/em><strong>Teatro Real \u2013 Sala Azucena Carmona \u2013\u00a0\u00a0San Jer\u00f3nimo 66<br \/>\n<\/strong>Dios decide suicidarse al amanecer. En un bald\u00edo de madrugada el alt\u00edsimo hablar\u00e1 por \u00faltima vez. Un \u00e1ngel lo acompa\u00f1a, pero las \u00fanicas criaturas que le preocupan a Dios son los perros. \u00bfQu\u00e9 ser\u00e1 de los perros sin Dios? Ser\u00e1 como despertar de un sue\u00f1o, pero no habr\u00e1 despertar. Direcci\u00f3n: Guillermo Baldo.Edad Recomendada: Mayores de 13 a\u00f1os. Entrada general $2.000 \u2013 Disponibles en\u00a0<a href=\"http:\/\/autoentrada.com\/\" target=\"_blank\" rel=\"noreferrer noopener\">autoentrada.com<\/a>\u00a0y en boleter\u00eda del teatro.<\/p>\n<figure class=\" wp-block-image alignleft eplus-wrapper\"><img decoding=\"async\" class=\"wp-image-88470\" src=\"https:\/\/cultura.cba.gov.ar\/wp-content\/uploads\/2024\/08\/Caminos-cruzados-150x150.jpeg\" alt=\"\" \/><\/figure>\n<p class=\" eplus-wrapper\">A las 20:30.\u00a0<strong>Cine: Caminos cruzados<\/strong>\u00a0(<em>de Levan Akin, Turqu\u00eda, 2024)<br \/>\n<\/em><strong>Centro Cultural Leonardo Favio \u2013 Buenos Aires 55, R\u00edo Cuarto<br \/>\n<\/strong>Achi, el joven vecino de Lia, una maestra georgiana jubilada, le hace saber que Tekla, sobrina transg\u00e9nero de L\u00eda de quien \u00e9sta hace mucho no sabe nada, cruz\u00f3 la frontera y vive en Turqu\u00eda. Junto a Achi, L\u00eda viaja a Estambul en busca de Tekla y ambos exploran las profundidades ocultas de la ciudad.\u00a0\u00a0<strong>Repite viernes 9 a las 19, s\u00e1bado 10 a las 18 .\u00a0<\/strong>Entrada general $1.000, estudiantes y jubilados $500.<\/p>\n<p class=\" eplus-wrapper\"><strong>Viernes 9<\/strong>\u00a0<strong>de agosto<\/strong><\/p>\n<figure class=\" wp-block-image alignright eplus-wrapper\"><img decoding=\"async\" class=\"wp-image-88484\" src=\"https:\/\/cultura.cba.gov.ar\/wp-content\/uploads\/2024\/08\/Flap-circo-de-formas-Mes-de-las-infancias-150x150.jpg\" alt=\"\" \/><\/figure>\n<p class=\" eplus-wrapper\">A las 10.\u00a0<strong>Teatro Infantil: Flap! Circo de formas<\/strong><br \/>\n<strong>Centro C\u00edvico Municipal, Belgrano S\/N, Luque. Dpto R\u00edo Segundo<br \/>\n<\/strong><em>Circo teatro. ATP. 50 minutos<br \/>\n<\/em>Unipersonal absurdo y c\u00f3mico empe\u00f1ado en recuperar la magia de los juegos perdida en la sociedad de consumo: nos sorprender\u00e1 con n\u00fameros de malabarismo, equilibrio, humor, m\u00fasica y mucho swing. Flap! es sin duda sin\u00f3nimo de la palabra juego, pero de un juego diferente!Un boicot al video game, un juego entre el ritmo y el desconcierto, entre el equilibrio y el v\u00e9rtigo. Al ritmo de animadas m\u00fasicas de ra\u00edz latinoamericana el espect\u00e1culo propone una mirada desde otra perspectiva: la l\u00f3gica del ni\u00f1o valiente en su juego. A partir del encuentro de una caja de herramientas muy particular Mamani va sorteando dificultades que el mundo actual le presenta: aturdimiento de publicidades, ventas televisivas, m\u00fasica comercial, voces del m\u00e1s all\u00e1, f\u00f3rmulas y recetas de c\u00f3mo ser, pero \u00e9l s\u00f3lo quiere jugar a su ritmo, con su m\u00fasica y con su herencia cultural \u00bflograr\u00e1 hacerlo? El p\u00fablico ser\u00e1 su principal aliado, con \u00e9l generar\u00e1 empat\u00eda e identificaci\u00f3n y a su vez lo har\u00e1 part\u00edcipe, en este viaje de tr\u00e1nsito por el tiempo\u2026 El tiempo como dimensi\u00f3n de presencia, los juegos de otros tiempos como activaci\u00f3n, no del pasado que se hace presente, sino como resignificaci\u00f3n de un presente l\u00fadico.<\/p>\n<figure class=\" wp-block-image alignleft eplus-wrapper\"><img decoding=\"async\" class=\"wp-image-79505\" src=\"https:\/\/cultura.cba.gov.ar\/wp-content\/uploads\/2024\/03\/HABIA-OTRA-VEZ-1-Mauro-Guzman-150x150.jpeg\" alt=\"\" \/><\/figure>\n<p class=\" eplus-wrapper\">A\u00a0las 14.\u00a0<strong>Teatro Infantil:<\/strong>\u00a0<strong>Hab\u00eda Otra vez\u00a0<\/strong>(Mauro Guzm\u00e1n)<br \/>\n<strong>Centro Cultural Sara Savio, Lafourcade s\/n, Ballesteros. Dpto Uni\u00f3n<br \/>\n<\/strong><em>Narraci\u00f3n oral. ATP. 50 minutos<br \/>\n<\/em>\u201cHab\u00eda otra vez. Cuentos para toda la familia\u201d es una propuesta que rescata cuentos y\u00a0 juegos de hace mucho tiempo- de la tradici\u00f3n oral- y los cuenta otra vez, combinados con cuentos y juegos contempor\u00e1neos que se cuentan y se juegan por primera vez.<\/p>\n<figure class=\" wp-block-image alignright eplus-wrapper\"><img decoding=\"async\" class=\"wp-image-35697\" src=\"https:\/\/cultura.cba.gov.ar\/wp-content\/uploads\/2020\/07\/28-a-las-17-Teatro-de-t%C2%A1teres-y-marionetas-Colibr%C2%A1-Erase-una-vez-150x150.jpg\" alt=\"\" \/><\/figure>\n<p class=\" eplus-wrapper\">A las 14.\u00a0<strong>Teatro Infantil: \u00c9rase una vez, tres historias cortas\u00a0<\/strong>(Teatro de T\u00edteres y Marionetas Colibr\u00ed)<br \/>\n<strong>Escuela Rural Rafael Obligado, Calle P\u00fablica Ruta 21, Paraje La Maza. Dpto R\u00edo Seco<br \/>\n<\/strong><em>Teatro de marionetas. ATP. 45 minutos<br \/>\n<\/em>En la t\u00e9cnica de marionetas se propone al p\u00fablico ser narrador de su propia historia. Desarrolla el sentimiento del amor en diferentes momentos, espacios y personajes; el amor a la naturaleza, la familia, la conquista, el mito, lo desconocido y por qu\u00e9 no, el amor de pareja.\u201dJicacuy\u201d es un baile donde se enfrentan fuerzas encontradas al ritmo de la m\u00fasica originaria de La Guajira. \u201c\u00c9rase una vez\u201d una pareja de p\u00e1jaros conocen el fruto de su amor, todo va bien hasta que tienen que afrontar una realidad que les es ajena: el entorno transformado por el hombre, por suerte esta vez parece ser s\u00f3lo una pesadilla\u2026 De los p\u00e1jaros. \u201cLa verdadera historia de un perro\u201d, un perro, desesperado por el amor a primera vista, inventa locuras en un intento por conquistar a una hermosa y presuntuosa perra.\u201d<\/p>\n<figure class=\" wp-block-image alignleft eplus-wrapper\"><img decoding=\"async\" class=\"wp-image-68368\" src=\"https:\/\/cultura.cba.gov.ar\/wp-content\/uploads\/2023\/07\/En-burrito-a-la-escuela-150x150.jpg\" alt=\"\" \/><\/figure>\n<p class=\" eplus-wrapper\">A las 15.\u00a0<strong>Teatro Infantil: En burrito a la escuela<\/strong>\u00a0(Ulularia Teatro)<br \/>\n<strong>Escuela Jos\u00e9 Mar\u00eda Paz, Buchardo. Dpto. General Roca<br \/>\n<\/strong><em>Teatro de t\u00edteres y narraci\u00f3n. Infancias. 52 minutos<br \/>\n<\/em>En una historia no siempre pasa lo que quiere que pase, el que cuenta la historia.\u00a0 A esto lo saben muy bien las dos maestras rurales que relatan este cuento de un pastorcito, Luis, que vive con su abuelo en la monta\u00f1a. Todos los d\u00edas\u00a0 montado en su burro va a la escuela, donde lo esperan su maestra, sus compa\u00f1eros y sobre todo, Loli, una amiga, que lo tiene atontado a m\u00e1s no poder. Las sierras albergan bellezas y peligros, sobre todo uno, un puma al que le encantan las ovejas\u2026 Luis cree que enfrentar a ese puma es la mayor haza\u00f1a, pero pronto comprender\u00e1 que en la vida hay desaf\u00edos m\u00e1s grandes, m\u00e1s dif\u00edciles\u2026<\/p>\n<figure class=\" wp-block-image alignright eplus-wrapper\"><img decoding=\"async\" class=\"wp-image-85601\" src=\"https:\/\/cultura.cba.gov.ar\/wp-content\/uploads\/2024\/06\/MUNDO-MAMONA-150x150.jpeg\" alt=\"\" \/><\/figure>\n<p class=\" eplus-wrapper\">A las 15.\u00a0<strong>Teatro Infantil: Mundo Mamona\u00a0<\/strong>(Mundo Mamona)<br \/>\n<strong>Escuela P\u00fablica, Sara Alicia Guti\u00e9rrez s\/n, Punta del Agua. Dpto. Tercero Arriba<br \/>\n<\/strong><em>Clown y circo. ATP. 45 minutos.<br \/>\n<\/em>Un unipersonal de clown y circo itinerante que combina la simplicidad de una payasa callejera con destrezas circenses que incluyen el humor f\u00edsico, malabares, monociclo y acrobacias. Dirigido a todo p\u00fablico este espect\u00e1culo logra cautivar regalando momentos inolvidables de risas y emociones. La protagonista de esta obra es la payasa Mamona quien con su desopilante energ\u00eda logra cautivar al p\u00fablico presente creando un ambiente de complicidad y diversi\u00f3n, dando lugar a que cada participante se sienta tambi\u00e9n parte del espect\u00e1culo. La simplicidad de Mamona es su mayor fortaleza, su trabajo como clown callejero le permite conectar de manera directa y genuina con el p\u00fablico, creando un ambiente de calidez y cercan\u00eda. Un espect\u00e1culo que trasciende las barreras del lenguaje, y apuesta al encuentro desde c\u00f3digos universales que buscan abrazar a todas las personas por igual. Es una experiencia que invita a la reflexi\u00f3n y a la celebraci\u00f3n de la vida, record\u00e1ndonos la importancia de la risa y la alegr\u00eda en nuestro d\u00eda a d\u00eda.<\/p>\n<figure class=\" wp-block-image alignleft eplus-wrapper\"><img decoding=\"async\" class=\"wp-image-88483\" src=\"https:\/\/cultura.cba.gov.ar\/wp-content\/uploads\/2024\/08\/FESTEIVLA-CHIQUITO-CCC-150x150.jpg\" alt=\"\" \/><\/figure>\n<p class=\" eplus-wrapper\">A las 15.\u00a0<strong>Festival Chiquito<br \/>\nCentro Cultural C\u00f3rdoba \u2013 Av. Poeta Lugones 401<br \/>\n<\/strong>Festival Chiquito es un encuentro anual de producciones en formato Miniatura y su respectivo p\u00fablico apasionado por las peque\u00f1eces. Con la idea de poner en foco distintas creaciones art\u00edsticas que convergen en este formato, el Festival se ofrece como una plataforma de exposici\u00f3n de arte y audiovisuales, feria de productos de diferentes dise\u00f1adores locales (art\u00edfices de Joyer\u00eda, cer\u00e1micas, gr\u00e1fica, art toys, tatuajes, enmarcaciones, etc), de talleres creativos y como una espacio de esparcimiento y recreaci\u00f3n para un p\u00fablico de todas las edades. Es una propuesta novedosa y \u00fanica en la ciudad donde se podr\u00e1 encontrar gran variedad de producciones en miniatura en un mismo lugar.\u00a0<strong>Contin\u00faa el s\u00e1bado 10 de 15 a 21.\u00a0<\/strong>Entrada libre y gratuita.<\/p>\n<p class=\" eplus-wrapper\">A las 16.\u00a0<strong>Presentaci\u00f3n de la 5\u00b0 antolog\u00eda de escritores de la Pcia<br \/>\nPaseo del Buen Pastor \u2013 Capilla \u2013 Hip\u00f3lito Yrigoyen 325<br \/>\n<\/strong>Producto de los diferentes encuentros de escritores locales, del departamento Cruz del Eje, la regi\u00f3n Noroeste y la provincia invitada de La Rioja, se presenta la \u00faltima antolog\u00eda impresa con el apoyo de la Agencia C\u00f3rdoba Cultura. En la oportunidad, se leer\u00e1n peque\u00f1os fragmentos del libro y acompa\u00f1ar\u00e1 musicalmente el escritor y m\u00fasico Bernardo Aranguren junto a una degustaci\u00f3n regional como cierre. Entrada libre y gratuita.<\/p>\n<figure class=\" wp-block-image alignright eplus-wrapper\"><img decoding=\"async\" class=\"wp-image-88482\" src=\"https:\/\/cultura.cba.gov.ar\/wp-content\/uploads\/2024\/08\/estos-no-son-ruidos-150x150.jpeg\" alt=\"\" \/><\/figure>\n<p class=\" eplus-wrapper\">A las 17.\u00a0<strong>Estos NO Son Ruidos \u2013 Volumen 2<br \/>\nMuseo Emilio Caraffa \u2013 Av. Poeta Lugones 411<br \/>\n<\/strong>Taller de luther\u00eda electr\u00f3nica con elementos cotidianos. En la propuesta se compartir\u00e1n conocimientos b\u00e1sicos sobre luther\u00eda, electr\u00f3nica, Circuit Bending, reciclaje, m\u00fasica y producci\u00f3n musical tanto de manera te\u00f3rica como pr\u00e1ctica. Se reciclar\u00e1n y reconsiderar\u00e1n productos y aparatos que est\u00e1n destinados a desecharse para crear un nuevo objeto \u2013 instrumento electr\u00f3nico.\u00a0 Dictado por Laureano Cantarutti y Samuel Majul. Destinado para adultos. Actividad gratuito con cupos limitados (se seleccionar\u00e1n hasta 20 asistentes)\u00a0 Preinscripciones hasta el mi\u00e9rcoles 7 de agosto completando\u00a0<a href=\"https:\/\/forms.gle\/B6W7L8n33tvjMoXY9\" target=\"_blank\" rel=\"noreferrer noopener\"><strong>AQU\u00cd<\/strong><\/a>\u00a0el formulario.<\/p>\n<figure class=\" wp-block-image alignleft eplus-wrapper\"><img decoding=\"async\" class=\"wp-image-88491\" src=\"https:\/\/cultura.cba.gov.ar\/wp-content\/uploads\/2024\/08\/Palabras-de-Poeta-Biblioteca-Cba-150x150.jpg\" alt=\"\" \/><\/figure>\n<p class=\" eplus-wrapper\">A las 19.\u00a0<strong>Ciclo\u00a0 \u201cPoes\u00eda Express\u201d<br \/>\nBiblioteca C\u00f3rdoba \u2013 27 de abril 375<\/strong><em><br \/>\n<\/em>Ciclo Literario organizado desde hace 10 a\u00f1os por Caf\u00e9\u00a0 Literario Con los pies en Cielo de la ciudad de De\u00e1n\u00a0 Funes. En esta oportunidad estar\u00e1n presentes los poetas desde distintos lugares de la provincia de C\u00f3rdoba (De\u00e1n Funes, Alta Gracia, Jes\u00fas Mar\u00eda, Villa Carlos Paz, Villa Mar\u00eda, Mendiolaza, Unquillo, Oncativo, Rio Cuarto, R\u00edo Tercero, Villa Mar\u00eda y C\u00f3rdoba Capital): Malia Dimor, Sonia RAbinovich, Leonor Mauvecin, Claudio Amancio Su\u00e1rez, Claudia Tejeda, Aura Re, Silvia L\u00f3pez, An\u00edbal L\u00f3pez, Elena L\u00f3pez Raiden, Mariano Longarini, Mat\u00edas L\u00f3pez, Claudia Casas, Silvina Anaguinetti, Dardo Passadore, Maxiliano Sonnet, Mary Quiteros, Rosana Stiposich, alicia Loza, Emilia Borred\u00e1, Mar\u00eda Teresa Archina, Jorge Ledesma, Ofelia Dentone, Guadalupe Gonz\u00e1lez, N\u00e9lida Ca\u00f1as, Rub\u00e9n Capodaqua, Alicia Fantinelli, Carmen Nani, Miriam Rosana Far\u00edas, Sandra Barrera Andrada, Sebastian Camargo, Rudy Catoni, Gladys Alazraque. Acompa\u00f1ar\u00e1n los m\u00fasicos Reynaldo Far\u00edas, Miguel Jos\u00e9 y Franco Ledesma.\u00a0<strong>Entrada libre y gratuita.<\/strong><\/p>\n<figure class=\" wp-block-image alignright eplus-wrapper\"><img decoding=\"async\" class=\"wp-image-85591\" src=\"https:\/\/cultura.cba.gov.ar\/wp-content\/uploads\/2024\/06\/Coro-Polifonico-de-Cordoba-150x150.jpg\" alt=\"\" \/><\/figure>\n<p class=\" eplus-wrapper\">A las 20.\u00a0<strong>Coro Polif\u00f3nico de C\u00f3rdoba: Gala Verdi<br \/>\nTeatro del Libertador San Mart\u00edn \u2013 Av. V\u00e9lez Sarsfield 365<br \/>\n<\/strong>El destacado director de coro Salvatore Caputo (\u00d3pera de Burdeos, Francia) dirige arias, d\u00faos y coros de Giuseppe Verdi al frente del Coro Polif\u00f3nico de C\u00f3rdoba, solistas Luc\u00eda Gonz\u00e1lez (soprano) y Luciano Santamar\u00eda (tenor). Entradas desde $1.000 disponibles a trav\u00e9s de Autoentrada y en\u00a0 boleter\u00eda.<\/p>\n<figure class=\" wp-block-image alignleft eplus-wrapper\"><img decoding=\"async\" class=\"wp-image-88481\" src=\"https:\/\/cultura.cba.gov.ar\/wp-content\/uploads\/2024\/08\/Espiritu-Inquieto-150x150.jpg\" alt=\"\" \/><\/figure>\n<p class=\" eplus-wrapper\">A las 20.\u00a0<strong>Proyecci\u00f3n del documental \u201cEsp\u00edritu Inquieto\u201d (de Eli-u Pena \/ Mat\u00edas Guerreros)<br \/>\nCentro Cultural C\u00f3rdoba \u2013 Av. Poeta Lugones 401<br \/>\n<\/strong>En un estreno internacional se realiza la proyecci\u00f3n de un documental sobre la figura del artista Gustavo \u201cPr\u00edncipe\u201d Pena, con im\u00e1genes de archivo y m\u00fasica in\u00e9dita del gran compositor uruguayo.\u00a0Mat\u00edas Guerreros, es el codirector de este documental junto a Eli-U Pena,\u00a0 la gran recopiladora de material de su padre.\u00a0El m\u00fasico uruguayo Gustavo Pena, alias \u201cel Pr\u00edncipe\u201d (1955- 2004) trabaj\u00f3 junto a varios grupos y m\u00fasicos uruguayos y argentinos, pero en vida public\u00f3 solamente dos discos, Amigotez, con Nicol\u00e1s Davis (2001-2002) y El Recital (2002-2003), quedando la mayor parte de su obra in\u00e9dita.\u00a0Entrada libre y gratuita, hasta agotar la capacidad de sala.<\/p>\n<figure class=\" wp-block-image alignright eplus-wrapper\"><img decoding=\"async\" class=\"wp-image-88479\" src=\"https:\/\/cultura.cba.gov.ar\/wp-content\/uploads\/2024\/08\/En-movimiento-Tania-Abrile-150x150.jpg\" alt=\"\" \/><\/figure>\n<p class=\" eplus-wrapper\">A las 20.<strong>\u00a0Inauguraci\u00f3n de 3 nuevas exposiciones<br \/>\nCasa de la Cultura \u2013 Rivadavia esquina General Paz, R\u00edo Cuarto<br \/>\n<\/strong>Por un lado se presenta la muestra \u201c<strong><em>En movimiento\u201d<\/em><\/strong>\u00a0de Tania Abrile.\u00a0La exposici\u00f3n est\u00e1 compuesta por obras de la colecci\u00f3n permanente de la Fundaci\u00f3n y colecciones privadas, reflejando distintos momentos y etapas de su producci\u00f3n: acr\u00edlicos sobre tela, papel calado y fotograf\u00edas intervenidas. Por otro lado,\u00a0<strong><em>\u201cRitual fantasmag\u00f3rico\u201d\u00a0<\/em><\/strong>de Mariela Peralta\/ Silvia Sosa. En el proyecto expositivo se construye un di\u00e1logo entre dos artistas.\u00a0En tanto, en la\u00a0<strong>Sala del Tesoro\u00a0<\/strong>se exhibir\u00e1 una obra en la t\u00e9cnica del cloisonn\u00e9 titulada \u201cLibre\u201d, de la artista Nelly Denner y donada por la autora en el a\u00f1o 1985 al Museo Municipal de Bellas Artes de R\u00edo Cuarto. Entrada libre y gratuita<\/p>\n<figure class=\" wp-block-image alignleft eplus-wrapper\"><img decoding=\"async\" class=\"wp-image-88024\" src=\"https:\/\/cultura.cba.gov.ar\/wp-content\/uploads\/2024\/07\/En-su-armario-no-tiene-rostro-humano-150x150.jpg\" alt=\"\" \/><\/figure>\n<p class=\" eplus-wrapper\">A las 20:30.\u00a0<strong>Teatro Independiente en el Real: \u201cEn su armario, el monstruo tiene rostro humano\u201d<\/strong><em><br \/>\n<\/em><strong>Teatro Real \u2013 Sala Azucena Carmona \u2013\u00a0\u00a0San Jer\u00f3nimo 66<br \/>\n<\/strong>La historia de un escritor que te sumerge en el micro universo de un artista frustrado en busca de creatividad o una fuente de inspiraci\u00f3n, que aparece de repente y la misma lo llevar\u00e1 a adentrarse poco a poco en el oscuro mundo paranormal, por medio de rituales e invocaciones, las sombras comienzan a relucir lo que jam\u00e1s nadie vio. En paralelo, una familia devastada, muertes y un libro que sigue abierto con una historia que parece apenas comenzar. Edad Recomendada: mayores de 14 a\u00f1os. Entrada general $6.000 disponibles en\u00a0<a href=\"http:\/\/autoentrada.com\/\" target=\"_blank\" rel=\"noreferrer noopener\">autoentrada.com<\/a>\u00a0y en boleter\u00eda del teatro<\/p>\n<figure class=\" wp-block-image alignright eplus-wrapper\"><img decoding=\"async\" class=\"wp-image-88476\" src=\"https:\/\/cultura.cba.gov.ar\/wp-content\/uploads\/2024\/08\/Destatierra-Andina-150x150.jpeg\" alt=\"\" \/><\/figure>\n<p class=\" eplus-wrapper\">A las 21.\u00a0<strong>Viernes de M\u00fasica: Destatierra Andina presenta \u201cDecolonizar\u201d<\/strong><em><br \/>\n<\/em><strong>Centro Cultural Leonardo Favio \u2013 Buenos Aires 55, R\u00edo Cuarto<br \/>\n<\/strong>Destatierra Andina es un grupo de m\u00fasica del altiplano formado en 2020 por Adri\u00e1n Rotger, basado en la filosof\u00eda de los pueblos originarios de la regi\u00f3n andina, conservando la esencia musical de dichos pueblos y permiti\u00e9ndose matices de diferentes g\u00e9neros musicales. Dentro de sus composiciones, el creador del grupo va alternando canciones instrumentales (huaynos, trotes, vidalas), con temas cantados, en cuyas letras evidencia contenidos sociales, filos\u00f3ficos y de la vida cotidiana del ser humano. Banda invitada: Toqoro. Entrada general $2.500 disponibles en\u00a0 autoentrada.<\/p>\n<p class=\" eplus-wrapper\"><strong>S\u00e1bado 10<\/strong>\u00a0<strong>de agosto<\/strong><\/p>\n<figure class=\" wp-block-image alignleft eplus-wrapper\"><img decoding=\"async\" class=\"wp-image-88486\" src=\"https:\/\/cultura.cba.gov.ar\/wp-content\/uploads\/2024\/08\/jornada-Emilia-Bertole-150x150.jpg\" alt=\"\" \/><\/figure>\n<p class=\" eplus-wrapper\">A las 13.\u00a0<strong>Jornada Emilia Bertol\u00e9<br \/>\nMuseo Emilio Caraffa \u2013 Av. Poeta Lugones 411<br \/>\n<\/strong>Dictado por Elo\u00edsa Oliva y Dolores Esteve. Taller de escritura e imagen en torno al retrato. La actividad tiene como objetivo conocer y difundir la obra pl\u00e1stica y po\u00e9tica de Emilia Bertol\u00e9. La poeta invitada Eloisa Oliva propondr\u00e1 actividades en torno al retrato, principal tema utilizado por la pintora\u00a0 Bertol\u00e9. Destinado para todo p\u00fablico. Inscripciones completando\u00a0<strong><a href=\"https:\/\/forms.gle\/c71UdwpCoJrzKR5w7\" target=\"_blank\" rel=\"noreferrer noopener\">AQU\u00cd<\/a><\/strong>\u00a0el formulario.\u00a0Entrada gratuita con cupo.<\/p>\n<figure class=\" wp-block-image alignright eplus-wrapper\"><img decoding=\"async\" class=\"wp-image-88472\" src=\"https:\/\/cultura.cba.gov.ar\/wp-content\/uploads\/2024\/08\/Cronopia-Mes-de-las-infancias-150x150.jpg\" alt=\"\" \/><\/figure>\n<p class=\" eplus-wrapper\">A las 15.\u00a0<strong>Teatro Infantil: Cronopia y la Magia\u00a0<\/strong>(Cronopia)<br \/>\nSUM Santuario Nuestra Se\u00f1ora de Las Mercedes. Pio iX s\/n, Saladillo. Dpto Marcos Juarez<br \/>\n<em>Clown. ATP. 30 minutos.<\/em><br \/>\nCronopia es una payasa un poco torpe y disparatada proveniente del pa\u00eds de los cronopios. Le gusta mucho la magia, pero no es buena con los trucos. Tiene una gran imaginaci\u00f3n y el encuentro con la llave m\u00e1gica la llevar\u00e1 a lugares inesperados, hasta encontrar la magia del coraz\u00f3n.<\/p>\n<figure class=\" wp-block-image alignleft eplus-wrapper\"><img decoding=\"async\" class=\"wp-image-82395\" src=\"https:\/\/cultura.cba.gov.ar\/wp-content\/uploads\/2024\/05\/Panchito-Mandefua-Itinerante-1-150x150.jpg\" alt=\"\" \/><\/figure>\n<p class=\" eplus-wrapper\">A las 15.\u00a0<strong>Teatro Infantil: Panchito Mandefu\u00e1<\/strong>\u00a0(Teatro de T\u00edteres La Pareja)<br \/>\n<em>Paraje Rural Santa Cruz, Calle P\u00fablica s\/n, Villa Tulumba. Dpto. Tulumba<br \/>\nFarsa para t\u00edteres. Infancias \u2013 ATP. 50 minutos<br \/>\n<\/em>Panchito es un jovencito en situaci\u00f3n de calle. Trabaja para sobrevivir. Est\u00e1 enamorado de Margarita, tambi\u00e9n trabajadora, quien lo corresponde. Sue\u00f1an con un futuro junto casi inalcanzable. Entre obst\u00e1culos de la vida diaria, se encuentra el joven Panchito, con una posibilidad para estudiar y organizar su futuro. Los ni\u00f1os lo ayudar\u00e1n a lograrlo.<\/p>\n<figure class=\" wp-block-image alignright eplus-wrapper\"><img decoding=\"async\" class=\"wp-image-82397\" src=\"https:\/\/cultura.cba.gov.ar\/wp-content\/uploads\/2024\/05\/Que-papelon-Itinerante-1-150x150.jpg\" alt=\"\" \/><\/figure>\n<p class=\" eplus-wrapper\">A las 15.\u00a0<strong>Teatro Infantil: \u00a1Qu\u00e9 papel\u00f3n!<\/strong>\u00a0(Las Sindys)<br \/>\n<strong>Club Atl\u00e9tico Recreativo Biblioteca Videlense, Calle Joaqu\u00edn Cuarto S\/N, Colonia Videla. Dpto. R\u00edo Segundo<br \/>\nClown. ATP. 30 minutos.<br \/>\n<\/strong>Una se\u00f1ora espera que la inspiraci\u00f3n la posea para hacer su gran acto \u00bfC\u00f3mo saber qu\u00e9 es lo que va a pasar? Entre papeles se enreda, se confunde, baila y se olvida del gran acto.<\/p>\n<figure class=\" wp-block-image alignleft eplus-wrapper\"><img decoding=\"async\" class=\"wp-image-88311\" src=\"https:\/\/cultura.cba.gov.ar\/wp-content\/uploads\/2024\/07\/Rina-Espaguetti-3-la-bretel-Teatro-150x150.jpg\" alt=\"\" \/><\/figure>\n<p class=\" eplus-wrapper\">A las 16.\u00a0<strong>Teatro Infantil: Rina Espaguetti\u00a0<\/strong>(La Bretel Teatro)<br \/>\n<strong>Club Deportivo Uni\u00f3n Social, 25 de mayo 243, Obispo Trejo. Dpto R\u00edo Primero<br \/>\n<\/strong><em>Teatro. ATP. 45 minutos<br \/>\n<\/em>Rina Espaguetti se siente aburrida y atrapada en un \u201cmundo de cajas\u201d. Cree que todo lo que existe es comparable con una caja. Cuando siente el deseo de abrirlas, aparecen nuevas tentaciones que la distraen y le impiden hacerlo. Junto con Curiosidad, su amiga imaginaria, descubren que todas las cajas pueden desarmarse, modificar su forma, crecer y transformarse. La pulga Juanita, cansada de vivir en su peque\u00f1a caja, les pide ayuda para poder des-en-cajar. \u00bfPodr\u00e1 Rina romper el \u201cmundo caja\u201d?<\/p>\n<p class=\" eplus-wrapper\">A las 16.\u00a0<strong>A jugar con IA<\/strong><br \/>\n<strong>Centro de Arte Contempor\u00e1neo. Chateau \u2013 Antonio Segu\u00ed \u2013 Parque del Chateau<br \/>\n<\/strong>Desarrollo de la creatividad mediante IA en base a historietas, dibujos y mucho m\u00e1s. Dirigido a ni\u00f1os\/as a partir de los 6 a\u00f1os de edad. Ni\u00f1os\/as entrada gratuita. Valor de la entrada general $1.000, jubilados y estudiantes gratis.\u00a0 Las entradas se adquieren en la puerta de ingreso.<\/p>\n<figure class=\" wp-block-image alignright eplus-wrapper\"><img decoding=\"async\" class=\"wp-image-68377\" src=\"https:\/\/cultura.cba.gov.ar\/wp-content\/uploads\/2023\/07\/musica-que-gira-150x150.jpg\" alt=\"\" \/><\/figure>\n<p class=\" eplus-wrapper\">A las 16.\u00a0<strong>Taller \u201cM\u00fasica que gira\u201d<br \/>\nMuseo de Ciencias Naturales \u2013 Av. Poeta Leopoldo Lugones 395<br \/>\n<\/strong>Taller de construcci\u00f3n de instrumentos musicales con materiales reciclables. Coordinador de la actividad: Grupo Los Wauuu. Entrada libre y gratuita, con cupo limitado.<\/p>\n<figure class=\" wp-block-image alignleft eplus-wrapper\"><img decoding=\"async\" class=\"wp-image-88500\" src=\"https:\/\/cultura.cba.gov.ar\/wp-content\/uploads\/2024\/08\/veni-abraza-a-tu-abuela-150x150.jpg\" alt=\"\" \/><\/figure>\n<p class=\" eplus-wrapper\">A las 16.\u00a0<strong>\u00a1Ven\u00ed, abraz\u00e1 a tu abuela en el MEC!<br \/>\nMuseo Emilio Caraffa \u2013 Av. Poeta Lugones 411<br \/>\n<\/strong>Se trata de una actividad destinada para que abuelas y nietos visiten el\u00a0 museo y un fot\u00f3grafo profesional los retrate en los patios y salas, las fotos familiares ser\u00e1n exhibidas posteriormente en octubre. Propuesta sin inscripci\u00f3n previa, con entrada gratuita.<\/p>\n<figure class=\" wp-block-image alignright eplus-wrapper\"><img decoding=\"async\" class=\"wp-image-87393\" src=\"https:\/\/cultura.cba.gov.ar\/wp-content\/uploads\/2024\/07\/Cenicienta-Desencadenada-Real-150x150.jpg\" alt=\"\" \/><\/figure>\n<p class=\" eplus-wrapper\">A las 17.\u00a0<strong>Infantiles Reales en el Centro: Cenicienta Desencadenada<br \/>\nCentro Cultural C\u00f3rdoba \u2013 Av. Poeta Lugones 401<br \/>\n<\/strong>La Comedia Infanto juvenil con la direcci\u00f3n de Cristian Palacios sube a escena con la historia mil veces contada de Cenicienta y el zapato. La obra se pone patas para arriba cuando la protagonista descubre que vivir entre la realeza puede darle m\u00e1s de un dolor de cabeza (a ella y a la realeza). Una Cenicienta distinta, capaz de mirar la vida desde su propio lugar de origen, en una historia que nos habla sobre la necesidad de trascender las diferencias y sobre las dificultades que debe enfrentar el amor cuando el primer flechazo pasa y los amantes se enfrentan a la aventura de vivir juntos en un mundo donde para la felicidad, nada est\u00e1 ni remotamente preparado.<strong>\u00a0<\/strong>Entrada libre y gratuita.<\/p>\n<figure class=\" wp-block-image alignleft eplus-wrapper\"><img decoding=\"async\" class=\"wp-image-88477\" src=\"https:\/\/cultura.cba.gov.ar\/wp-content\/uploads\/2024\/08\/El-llamado-de-los-monstruos-150x150.jpg\" alt=\"\" \/><\/figure>\n<p class=\" eplus-wrapper\">A las 17.\u00a0<strong>El llamado de los monstruos<\/strong><br \/>\n<strong>Teatro del Libertador San Mart\u00edn \u2013 Sala Luis de Tejeda \u2013\u00a0 Av. V\u00e9lez Sarsfield 365<\/strong><strong><br \/>\n<\/strong>Con la compa\u00f1\u00eda Babel Recursos Art\u00edsticos. Una ni\u00f1a comienza un viaje de fantas\u00eda respondiendo al llamado de unos seres extra\u00f1os a ra\u00edz de una penitencia. Durante la traves\u00eda, la protagonista vive situaciones un tanto vertiginosas y logra valorar el amor de su hogar. Obra destinada a ni\u00f1os mayores de 5 a\u00f1os.\u00a0<strong>\u00a0Repone domingo 11, s\u00e1bado 17, y domingo 18, a las 15.<\/strong>Entradas desde $7.500 disponibles a trav\u00e9s de Autoentrada y en\u00a0 boleter\u00eda<\/p>\n<figure class=\" wp-block-image alignright eplus-wrapper\"><img decoding=\"async\" class=\"wp-image-82767\" src=\"https:\/\/cultura.cba.gov.ar\/wp-content\/uploads\/2024\/05\/Utero-Bicorne-Real-150x150.jpeg\" alt=\"\" \/><\/figure>\n<p class=\" eplus-wrapper\">A las 19.\u00a0<strong>Comedia Cordobesa:\u00a0\u00datero bicorne<br \/>\nTeatro Real \u2013 Azucena Carmona\u2013 San Jer\u00f3nimo 66<br \/>\n<\/strong>Una obra dirigida por Brenda Sorbera. En escena: Patricia Rojo. Viaje \u00edntimo e introspectivo de Eliana: una mujer descubre haber nacido con una malformaci\u00f3n cong\u00e9nita llamada \u00datero Bicorne. \u201cEste \u00f3rgano que en su normalidad es como una pera, en ella, es como un sombrero de arlequ\u00edn, como un coraz\u00f3n: Est\u00e1 partido al medio.\u201d Met\u00e1fora profunda sobre c\u00f3mo el ideal social y cient\u00edfico de perfecci\u00f3n del cuerpo femenino y el mandato sobre las formas hegem\u00f3nicas de la maternidad, producen heridas irreparables. Generaci\u00f3n tras generaci\u00f3n de mujeres de una misma familia compartiendo hilos, costuras, voces, derrotas, felicidades, po\u00e9ticas, sangre, un \u00fatero maldito que, sin embargo, no necesita compasiones para desestimar a la muerte; no necesita redenciones para saber que, del arte, tambi\u00e9n puede nacer la vida. Edad recomendada: mayores de 16 a\u00f1os. Entrada general $2.000\u00a0disponibles a trav\u00e9s de Autoentrada y en\u00a0 boleter\u00eda<\/p>\n<figure class=\" wp-block-image alignleft eplus-wrapper\"><img decoding=\"async\" class=\"wp-image-85603\" src=\"https:\/\/cultura.cba.gov.ar\/wp-content\/uploads\/2024\/06\/Orquesta-Provincial-de-Musica-Ciudadana-01-150x150.jpg\" alt=\"\" \/><\/figure>\n<p class=\" eplus-wrapper\">A las 20.\u00a0<strong>Orquesta Provincial de M\u00fasica Ciudadana: Las primeras d\u00e9cadas del Tango<br \/>\nTeatro del Libertador San Mart\u00edn \u2013 Av. V\u00e9lez Sarsfield 365<br \/>\n<\/strong>La orquesta propone una incursi\u00f3n a la m\u00fasica, la danza y la poes\u00eda que registran Las primeras d\u00e9cadas del tango, con las interpretaciones de Mery Mur\u00faa y Gustavo Visent\u00edn, coreograf\u00edas a cargo de Esmeralda y Walter, con la direcci\u00f3n general del maestro Dami\u00e1n Torres. Entradas desde $1.000 disponibles a trav\u00e9s de autoentrada y en\u00a0 boleter\u00eda.<\/p>\n<figure class=\" wp-block-image alignright eplus-wrapper\"><img decoding=\"async\" class=\"wp-image-88473\" src=\"https:\/\/cultura.cba.gov.ar\/wp-content\/uploads\/2024\/08\/Cuentos-clasicos-versione-Deluxe-150x150.jpg\" alt=\"\" \/><\/figure>\n<p class=\" eplus-wrapper\">A las 21.\u00a0<strong>Teatro Independiente en el Real: Cuentos cl\u00e1sicos versiones\u2026Deluxe<br \/>\nTeatro Real \u2013 Carlos Gim\u00e9nez\u2013 San Jer\u00f3nimo 66<br \/>\n<\/strong>Los Pelafustanes presentan un espect\u00e1culo de humor improvisado, en esta ocasi\u00f3n festejan los 15 a\u00f1os, y se rememorar\u00e1n juegos de improvisaci\u00f3n que hac\u00edan en esa \u00e9poca, improvisando nostalgias. Edad Recomendada: todo p\u00fablico. Entrada general $12.000\u00a0disponibles a trav\u00e9s de Autoentrada y en\u00a0 boleter\u00eda.<\/p>\n<p class=\" eplus-wrapper\"><strong>Domingo 11<\/strong>\u00a0<strong>de agosto<\/strong><\/p>\n<figure class=\" wp-block-image alignleft eplus-wrapper\"><img decoding=\"async\" class=\"wp-image-66360\" src=\"https:\/\/cultura.cba.gov.ar\/wp-content\/uploads\/2023\/05\/Tejiendo-Infancias-1-150x150.jpg\" alt=\"\" \/><\/figure>\n<p class=\" eplus-wrapper\">A las 11.\u00a0<strong>Tejiendo Infancias<br \/>\nTeatro Real \u2013 Hall \u2013 San Jer\u00f3nimo 66<br \/>\n<\/strong>Hasta las 16, el hall del Teatro Real se transforma en un espacio participativo para los m\u00e1s chicos con espect\u00e1culos musicales, actividades art\u00edsticas, l\u00fadicas y creativas, donde los ni\u00f1os y ni\u00f1as son protagonistas. Entrada libre y gratuita.<\/p>\n<figure class=\" wp-block-image alignright eplus-wrapper\"><img decoding=\"async\" class=\"wp-image-81319\" src=\"https:\/\/cultura.cba.gov.ar\/wp-content\/uploads\/2024\/04\/Mamumba-150x150.jpg\" alt=\"\" \/><\/figure>\n<p class=\" eplus-wrapper\">A las 15.\u00a0<strong>Teatro Infantil: Mamumba<\/strong>\u00a0(Circo en Acci\u00f3n)<br \/>\n<strong>Plaza Principal de Suco, Suco. Dpto. R\u00edo Cuarto<br \/>\n<\/strong><em>Circo. ATP. 55 minutos<br \/>\n<\/em>Combinando tradici\u00f3n de circo de larga data con circo de vanguardia, cada minuto ofrece excitaci\u00f3n y diversi\u00f3n sin parar. Haza\u00f1as de habilidad, destreza y suspenso; una experiencia inolvidable para los ni\u00f1os de todas las edades.\u00a0 Dos artistas deleitan al p\u00fablico con n\u00fameros de circo tradicionales, cuadros participativos y cuadros c\u00f3micos, de bicicletas, magia, malabares, ventriloquia, humor y acrobacia.<\/p>\n<figure class=\" wp-block-image alignleft eplus-wrapper\"><img decoding=\"async\" class=\"wp-image-79790\" src=\"https:\/\/cultura.cba.gov.ar\/wp-content\/uploads\/2024\/03\/celebrandolaninez-150x150.jpg\" alt=\"\" \/><\/figure>\n<p class=\" eplus-wrapper\">A las 15.\u00a0<strong>Teatro Infantil: Celebrando la ni\u00f1ez<\/strong>\u00a0(Circo QuiNoa)<br \/>\n<strong>Polideportivo Las Albahacas, Piedra Blanca S\/N, Las Albahacas. Dpto. R\u00edo Cuarto<br \/>\n<\/strong><em>Teatro, circo. ATP. 40 minutos<br \/>\n<\/em>Abordando el lenguaje del circo como eje de trabajo. \u201cQui\u201d y \u201cNoa\u201d nos invitan a alcanzar los sue\u00f1os volando y so\u00f1ando, con las disciplinas circenses como herramientas para lograrlo, realizando rutinas de malabares, acrobacia grupal, monociclos, hula. Con el amor, la pasi\u00f3n y el compa\u00f1erismo como nexo entre estos seres, que van por el mundo con entusiasmo y empe\u00f1o para alcanzar lo que parece inalcanzable, \u00bfPodr\u00e1n cumplir sus sue\u00f1os?\u00bfLos sue\u00f1os se hacen realidad?\u2026<\/p>\n<figure class=\" wp-block-image alignright eplus-wrapper\"><img decoding=\"async\" class=\"wp-image-85977\" src=\"https:\/\/cultura.cba.gov.ar\/wp-content\/uploads\/2024\/06\/las-aventuras-de-charito-150x150.jpeg\" alt=\"\" \/><\/figure>\n<p class=\" eplus-wrapper\">A las 16.\u00a0<strong>Teatro Infantil: Las Aventuras de Charito y Fan F\u00e1<\/strong>\u00a0(Re-Sueltos)<br \/>\n<strong>Centro Cultural Victorino Puglie, Gral Paz 555, Laguna Larga. Dpto R\u00edo Segundo<br \/>\n<\/strong><em>Comedia f\u00edsica, clown, magia. Infancias. 50 minutos<br \/>\n<\/em>Un espect\u00e1culo que invita a ni\u00f1os, ni\u00f1as y grandes a vivir un momento inolvidable. Charito es una payasa habilidosa y ocurrente, tambi\u00e9n es muy ordenada y exigente. Su alma inquieta la lleva por lugares insospechados. Fan F\u00e1 es un mago so\u00f1ador, y bastante distra\u00eddo, que quiere compartir sus experiencias m\u00e1gicas con todos los seres del mundo. Juntos inventan un espect\u00e1culo, para que sus anhelos e inquietudes se vuelvan realidad.\u00a0 La Magia y el juego como lenguaje e hilo conductor permiten que estos personajes se animen a mover todo lo que est\u00e1 a su alcance para despertar la curiosidad y movilizar la imaginaci\u00f3n. La risa y el asombro llevar\u00e1 a los y las ni\u00f1as a redescubrir su propio mundo y reinventar lo cotidiano. Las Aventuras de Charito y Fan F\u00e1, un show para chic@s, para disfrutar a lo grande.<\/p>\n<figure class=\" wp-block-image alignleft eplus-wrapper\"><img decoding=\"async\" class=\"wp-image-79811\" src=\"https:\/\/cultura.cba.gov.ar\/wp-content\/uploads\/2024\/03\/re-sostenido-150x150.jpg\" alt=\"\" \/><\/figure>\n<p class=\" eplus-wrapper\">A las 16.\u00a0<strong>Teatro Infantil: RE sostenido<\/strong>\u00a0(Circo Triloquio)<br \/>\n<strong>\u201cLa Pampita\u201d, Calle p\u00fablica s\/n, Cumbrecita. Dpto. Calamuchita<br \/>\n<\/strong><em>Circo teatro. ATP. 50 minutos<br \/>\n<\/em>Circo con humor para toda la familia.<\/p>\n<figure class=\" wp-block-image alignright eplus-wrapper\"><img decoding=\"async\" class=\"wp-image-88305\" src=\"https:\/\/cultura.cba.gov.ar\/wp-content\/uploads\/2024\/07\/Las-Aventuras-del-capitan-Pettun-Nahuel-Proetto-150x150.jpg\" alt=\"\" \/><\/figure>\n<p class=\" eplus-wrapper\">A las 16.30.\u00a0<strong>Teatro Infantil: Las Aventuras del Capit\u00e1n Pettun<\/strong>\u00a0(Capit\u00e1n Pettun)<br \/>\n<strong>Foro C\u00edvico Cultural Municipal, Alvear y San Mart\u00edn, Bulnes. Dpto. R\u00edo Cuarto<br \/>\n<\/strong><em>Payaso. ATP. 45 minutos<br \/>\n<\/em>Un espect\u00e1culo de circo con magia, malabares, globoflexia y humor. Aborda temas ecol\u00f3gicos y sociales, resaltando valores como el amor y la paciencia. \u00a1Diversi\u00f3n para toda la familia!<\/p>\n<p class=\" eplus-wrapper\">A las 16.30.\u00a0<strong>Teatro Infantil: El pueblo que no quer\u00eda ser gris<\/strong>\u00a0(Compa\u00f1ia Poca Verg\u00fcenza)<br \/>\n<strong>Biblioteca Popular Villa de Las Rosas, 25 de mayo 0334, Villa de Las Rosas. Dpto. San Javier<br \/>\n<\/strong><em>Teatro de t\u00edteres y objetos con m\u00fasica en vivo. ATP. 40 minutos<br \/>\n<\/em>Narraci\u00f3n oral de un cuento emblem\u00e1tico sobre el acuerdo colectivo y la fuerza de los pueblos. Entre canciones populares los t\u00edteres y objetos cobran vida, de forma l\u00fadica nos invitan a imaginar otro mundo posible.<\/p>\n<figure class=\" wp-block-image alignleft eplus-wrapper\"><img decoding=\"async\" class=\"wp-image-45651\" src=\"https:\/\/cultura.cba.gov.ar\/wp-content\/uploads\/2021\/10\/CAC-150x150.jpg\" alt=\"\" \/><\/figure>\n<p class=\" eplus-wrapper\">A las 16.\u00a0<strong>Historias para peque\u00f1os gigantes<\/strong><br \/>\n<strong>Centro de Arte Contempor\u00e1neo. Chateau \u2013 Antonio Segu\u00ed \u2013 Parque del Chateau<br \/>\n<\/strong>Proyecci\u00f3n de un film para las infancias.\u00a0 Ni\u00f1os\/as entrada gratuita. Valor de la entrada general $1.000, jubilados y estudiantes gratis.\u00a0 Las entradas se adquieren en la puerta de ingreso.<\/p>\n<figure class=\" wp-block-image alignright eplus-wrapper\"><img decoding=\"async\" class=\"wp-image-67757\" src=\"https:\/\/cultura.cba.gov.ar\/wp-content\/uploads\/2023\/06\/coros-en-el-buenpa-150x150.jpg\" alt=\"\" \/><\/figure>\n<p class=\" eplus-wrapper\">A las 18.\u00a0<strong>M\u00fasica en el Paseo: Encuentro de coros<br \/>\nPaseo del Buen Pastor \u2013 Capilla \u2013 Hip\u00f3lito Yrigoyen 325<br \/>\n<\/strong>En el marco del\u00a0<em>ciclo M\u00fasica en el Paseo<\/em>, se presentan el\u00a0<strong><em>Coral Mala Junta<\/em><\/strong>\u00a0con la direcci\u00f3n de Guillo Bonaparte, el\u00a0<strong><em>Coro de amigos<\/em><\/strong><em>\u00a0<\/em>formado en la pandemia, con un repertorio que abarca m\u00fasica popular argentina y latinoamericana\u00a0 y el\u00a0<strong><em>el Coro Municipal de Coronel Moldes\u00a0<\/em><\/strong>con la direcci\u00f3n de Ariel Rodriguez. De Mayo a Diciembre, diversas agrupaciones corales participan de esta actividad que se realiza los Domingos en la Capilla del Paseo. Para participar del ciclo, env\u00edanos tu propuesta al correo\u00a0<a href=\"mailto:produccionbuenpastor@gmail.com\" target=\"_blank\" rel=\"noreferrer noopener\">produccionbuenpastor@gmail.com<\/a>. Entrada libre y gratuita.<\/p>\n<figure class=\" wp-block-image alignleft eplus-wrapper\"><img decoding=\"async\" class=\"wp-image-81826\" src=\"https:\/\/cultura.cba.gov.ar\/wp-content\/uploads\/2024\/04\/san-martin-web-150x150.jpg\" alt=\"\" \/><\/figure>\n<p class=\" eplus-wrapper\">A las 20.\u00a0<strong>Orquesta Sinf\u00f3nica Nacional de Colombia<br \/>\nTeatro del Libertador San Mart\u00edn \u2013 Av. V\u00e9lez Sarsfield 365<br \/>\n<\/strong>Con la direcci\u00f3n del maestro israel\u00ed Yeruham Scharovsky, la orquesta ofrecer\u00e1 un concierto para piano y orquesta con la participaci\u00f3n solista de Tomer Lev en piano. Organiza Fundaci\u00f3n Pro Arte.\u00a0La Orquesta Sinf\u00f3nica Nacional de Colombia, es una orquesta contempor\u00e1nea, arriesgada y flexible, conformada por 55 m\u00fasicos de 12 departamentos de Colombia. Sus interpretaciones var\u00edan en todos los g\u00e9neros y estilos, incluyendo actuaciones con reconocidos artistas populares. Entradas desde $15.000 disponibles a trav\u00e9s de Autoentrada y en\u00a0 boleter\u00eda del Teatro.<\/p>\n","protected":false},"excerpt":{"rendered":"<p>Un repaso por la grilla de eventos de la Agencia C\u00f3rdoba Cultura, del 5 al 11 de agosto. Con entrada gratuita, inaugura \u201cEl \u00e1rbol de la vida\u201d, del artista visual Luciano Colman. Adem\u00e1s, actividades para toda la familia en el mes de las infancias. La grilla de actividades de la Agencia C\u00f3rdoba Cultura propone diversos &hellip;<\/p>\n","protected":false},"author":1,"featured_media":6630,"comment_status":"open","ping_status":"open","sticky":false,"template":"","format":"standard","meta":{"footnotes":""},"categories":[50,48],"tags":[],"class_list":["post-6629","post","type-post","status-publish","format-standard","has-post-thumbnail","hentry","category-entretenimiento","category-info-general"],"_links":{"self":[{"href":"https:\/\/radiobeat97.com.ar\/beat\/wp-json\/wp\/v2\/posts\/6629","targetHints":{"allow":["GET"]}}],"collection":[{"href":"https:\/\/radiobeat97.com.ar\/beat\/wp-json\/wp\/v2\/posts"}],"about":[{"href":"https:\/\/radiobeat97.com.ar\/beat\/wp-json\/wp\/v2\/types\/post"}],"author":[{"embeddable":true,"href":"https:\/\/radiobeat97.com.ar\/beat\/wp-json\/wp\/v2\/users\/1"}],"replies":[{"embeddable":true,"href":"https:\/\/radiobeat97.com.ar\/beat\/wp-json\/wp\/v2\/comments?post=6629"}],"version-history":[{"count":1,"href":"https:\/\/radiobeat97.com.ar\/beat\/wp-json\/wp\/v2\/posts\/6629\/revisions"}],"predecessor-version":[{"id":6631,"href":"https:\/\/radiobeat97.com.ar\/beat\/wp-json\/wp\/v2\/posts\/6629\/revisions\/6631"}],"wp:featuredmedia":[{"embeddable":true,"href":"https:\/\/radiobeat97.com.ar\/beat\/wp-json\/wp\/v2\/media\/6630"}],"wp:attachment":[{"href":"https:\/\/radiobeat97.com.ar\/beat\/wp-json\/wp\/v2\/media?parent=6629"}],"wp:term":[{"taxonomy":"category","embeddable":true,"href":"https:\/\/radiobeat97.com.ar\/beat\/wp-json\/wp\/v2\/categories?post=6629"},{"taxonomy":"post_tag","embeddable":true,"href":"https:\/\/radiobeat97.com.ar\/beat\/wp-json\/wp\/v2\/tags?post=6629"}],"curies":[{"name":"wp","href":"https:\/\/api.w.org\/{rel}","templated":true}]}}