{"id":6677,"date":"2024-08-26T11:21:44","date_gmt":"2024-08-26T11:21:44","guid":{"rendered":"https:\/\/radiobeat97.com.ar\/beat\/?p=6677"},"modified":"2024-08-26T11:21:44","modified_gmt":"2024-08-26T11:21:44","slug":"maligno-torres-festejo-su-oro-con-una-multitudinaria-vuelta-olimpica","status":"publish","type":"post","link":"https:\/\/radiobeat97.com.ar\/beat\/maligno-torres-festejo-su-oro-con-una-multitudinaria-vuelta-olimpica\/","title":{"rendered":"\u201cMaligno\u201d Torres festej\u00f3 su oro con una multitudinaria \u201cVuelta Ol\u00edmpica\u201d"},"content":{"rendered":"<ul class=\" eplus-wrapper eplus-styles-uid-862ef4\">\n<li class=\" eplus-wrapper\"><strong>Este s\u00e1bado, el medallista ol\u00edmpico realiz\u00f3 su vuelta ol\u00edmpica, junto a m\u00e1s de 600 ciclistas.<\/strong><\/li>\n<li class=\" eplus-wrapper\"><strong>La bicicleteada recorri\u00f3 3,5 kil\u00f3metros desde el Parque de las Naciones hasta el Parque del Kempes.<\/strong><\/li>\n<li class=\" eplus-wrapper\"><strong>En el BMX Freestyle Park, recibi\u00f3 un reconocimiento de parte de autoridades provinciales y municipales.<\/strong><\/li>\n<\/ul>\n<p class=\" eplus-wrapper\">El \u201cMaligno Park\u201d, una de las pistas m\u00e1s importantes de Latinoam\u00e9rica y la principal de este tipo en Argentina, recibi\u00f3 a m\u00e1s de 600 ciclistas de todas las edades que completaron el trayecto acompa\u00f1ando a Jos\u00e9 \u00abmaligno\u00bb Torres en su homenaje tras ganar la medalla de oro en los Juegos Ol\u00edmpicos de Par\u00eds 2024.<\/p>\n<p class=\" eplus-wrapper\">El evento, organizado por el Gobierno de la Provincia y la Municipalidad de C\u00f3rdoba, convoc\u00f3 a miles de vecinos que se unieron a la celebraci\u00f3n mayormente en bici, pero tambi\u00e9n en monopatines, skates, rollers y hasta a pie para festejar junto al campe\u00f3n.<\/p>\n<p class=\" eplus-wrapper\">La vuelta inici\u00f3 a las 10:30 de la ma\u00f1ana, tras una convocatoria abierta que super\u00f3 todas las expectativas.<\/p>\n<figure class=\" wp-block-gallery has-nested-images columns-default is-cropped eplus-wrapper wp-block-gallery-1 is-layout-flex wp-block-gallery-is-layout-flex\">\n<figure class=\" wp-block-image size-large eplus-wrapper\"><a href=\"https:\/\/prensa.cba.gov.ar\/wp-content\/uploads\/2024\/08\/DSC06618-1-scaled.jpg\"><img fetchpriority=\"high\" decoding=\"async\" class=\"wp-image-601568\" src=\"https:\/\/prensa.cba.gov.ar\/wp-content\/uploads\/2024\/08\/DSC06618-1-1024x683.jpg\" sizes=\"(max-width: 1024px) 100vw, 1024px\" srcset=\"https:\/\/prensa.cba.gov.ar\/wp-content\/uploads\/2024\/08\/DSC06618-1-1024x683.jpg 1024w, https:\/\/prensa.cba.gov.ar\/wp-content\/uploads\/2024\/08\/DSC06618-1-300x200.jpg 300w, https:\/\/prensa.cba.gov.ar\/wp-content\/uploads\/2024\/08\/DSC06618-1-768x512.jpg 768w, https:\/\/prensa.cba.gov.ar\/wp-content\/uploads\/2024\/08\/DSC06618-1-1536x1024.jpg 1536w, https:\/\/prensa.cba.gov.ar\/wp-content\/uploads\/2024\/08\/DSC06618-1-2048x1365.jpg 2048w\" alt=\"\" width=\"1024\" height=\"683\" data-id=\"601568\" \/><\/a><\/figure>\n<figure class=\" wp-block-image size-large eplus-wrapper\"><a href=\"https:\/\/prensa.cba.gov.ar\/wp-content\/uploads\/2024\/08\/bicicleteadamalignogob10.jpg\"><img decoding=\"async\" class=\"wp-image-601560\" src=\"https:\/\/prensa.cba.gov.ar\/wp-content\/uploads\/2024\/08\/bicicleteadamalignogob10.jpg\" sizes=\"(max-width: 993px) 100vw, 993px\" srcset=\"https:\/\/prensa.cba.gov.ar\/wp-content\/uploads\/2024\/08\/bicicleteadamalignogob10.jpg 993w, https:\/\/prensa.cba.gov.ar\/wp-content\/uploads\/2024\/08\/bicicleteadamalignogob10-300x199.jpg 300w, https:\/\/prensa.cba.gov.ar\/wp-content\/uploads\/2024\/08\/bicicleteadamalignogob10-768x510.jpg 768w\" alt=\"\" width=\"993\" height=\"660\" data-id=\"601560\" \/><\/a><\/figure>\n<\/figure>\n<p class=\" eplus-wrapper\">\n<p class=\" eplus-wrapper\">En el Parque del Kempes, mientras la caravana finalizaba su recorrido, los asistentes disfrutaron de espect\u00e1culos musicales y actividades recreativas. El momento m\u00e1s esperado fue la exhibici\u00f3n que Torres realiz\u00f3 en el BMX Freestyle Park, donde deslumbr\u00f3 a los presentes con una serie de trucos, saltos y giros junto a otros riders.<\/p>\n<p class=\" eplus-wrapper\"><em>\u201cLo que m\u00e1s quer\u00eda desde el primer momento era compartirlo con ustedes, que los ni\u00f1os se acerquen a conocer este deporte y ver lo que hacemos\u201d<\/em>, expres\u00f3 emocionado \u201cMaligno\u201d, tras sus primeras pasadas en pista.<\/p>\n<p class=\" eplus-wrapper\">Jos\u00e9 expres\u00f3 su felicidad por haber realizado un buen trabajo en estos a\u00f1os, que concluy\u00f3 con su consagraci\u00f3n en Par\u00eds. Adem\u00e1s, agreg\u00f3:<em>\u00a0\u201cLo m\u00e1s importante fue haber terminado el recorrido ac\u00e1, en el parque, donde finalmente nos pulimos todos para estar en el mejor nivel. Esta es nuestra casa donde entrenamos siempre, para m\u00ed fue muy importante.\u201d<\/em><\/p>\n<figure class=\" wp-block-gallery has-nested-images columns-default is-cropped eplus-wrapper wp-block-gallery-2 is-layout-flex wp-block-gallery-is-layout-flex\">\n<figure class=\" wp-block-image size-large eplus-wrapper\"><a href=\"https:\/\/prensa.cba.gov.ar\/wp-content\/uploads\/2024\/08\/bicicleteadamalignogob2.jpg\"><img decoding=\"async\" class=\"wp-image-601563\" src=\"https:\/\/prensa.cba.gov.ar\/wp-content\/uploads\/2024\/08\/bicicleteadamalignogob2.jpg\" sizes=\"(max-width: 993px) 100vw, 993px\" srcset=\"https:\/\/prensa.cba.gov.ar\/wp-content\/uploads\/2024\/08\/bicicleteadamalignogob2.jpg 993w, https:\/\/prensa.cba.gov.ar\/wp-content\/uploads\/2024\/08\/bicicleteadamalignogob2-300x199.jpg 300w, https:\/\/prensa.cba.gov.ar\/wp-content\/uploads\/2024\/08\/bicicleteadamalignogob2-768x510.jpg 768w\" alt=\"\" width=\"993\" height=\"660\" data-id=\"601563\" \/><\/a><\/figure>\n<figure class=\" wp-block-image size-large eplus-wrapper\"><a href=\"https:\/\/prensa.cba.gov.ar\/wp-content\/uploads\/2024\/08\/bicicleteadamaligno1gob.jpg\"><img loading=\"lazy\" decoding=\"async\" class=\"wp-image-601561\" src=\"https:\/\/prensa.cba.gov.ar\/wp-content\/uploads\/2024\/08\/bicicleteadamaligno1gob.jpg\" sizes=\"(max-width: 993px) 100vw, 993px\" srcset=\"https:\/\/prensa.cba.gov.ar\/wp-content\/uploads\/2024\/08\/bicicleteadamaligno1gob.jpg 993w, https:\/\/prensa.cba.gov.ar\/wp-content\/uploads\/2024\/08\/bicicleteadamaligno1gob-300x199.jpg 300w, https:\/\/prensa.cba.gov.ar\/wp-content\/uploads\/2024\/08\/bicicleteadamaligno1gob-768x510.jpg 768w\" alt=\"\" width=\"993\" height=\"660\" data-id=\"601561\" \/><\/a><\/figure>\n<\/figure>\n<p class=\" eplus-wrapper\">Agust\u00edn Calleri, Presidente de la Agencia C\u00f3rdoba Deportes, destac\u00f3 la importancia del evento y la figura del medallista ol\u00edmpico homenajeado. \u00abEra la fiesta que ten\u00eda que terminar ac\u00e1 en su pista, con su gente. Fue muy emocionante\u00bb, expres\u00f3 Calleri, quien resalt\u00f3 que su grandeza trasciende la medalla, reflejando la calidad de persona que es.<\/p>\n<p class=\" eplus-wrapper\">Al finalizar la jornada, el titular de deportes de la provincia, junto al intendente Daniel Passerini, el secretario de Fortalecimiento Vecinal y Deportes, H\u00e9ctor \u201cPichi\u201d Campana y Mariano Schiaretti, impulsor del programa CBAX, entregaron un presente elaborado con material reciclado como s\u00edmbolo de reconocimiento por el hist\u00f3rico logro alcanzado.<\/p>\n<p class=\" eplus-wrapper\">Maligno no solo comparti\u00f3 su pasi\u00f3n por el deporte, sino que tambi\u00e9n firm\u00f3 cascos y se tom\u00f3 fotos con todos los presentes, demostrando su habilidad y, a\u00fan m\u00e1s, su calidez humana. La \u201cVuelta Ol\u00edmpica\u201d en su honor fue un tributo a su extraordinaria trayectoria y un festejo inolvidable para la comunidad cordobesa.<\/p>\n<p class=\" eplus-wrapper\">\n<figure class=\" wp-block-gallery has-nested-images columns-default is-cropped eplus-wrapper wp-block-gallery-3 is-layout-flex wp-block-gallery-is-layout-flex\">\n<figure class=\" wp-block-image size-large eplus-wrapper\"><a href=\"https:\/\/prensa.cba.gov.ar\/wp-content\/uploads\/2024\/08\/bicicleteadamalignogob8.jpg\"><img loading=\"lazy\" decoding=\"async\" class=\"wp-image-601564\" src=\"https:\/\/prensa.cba.gov.ar\/wp-content\/uploads\/2024\/08\/bicicleteadamalignogob8.jpg\" sizes=\"(max-width: 993px) 100vw, 993px\" srcset=\"https:\/\/prensa.cba.gov.ar\/wp-content\/uploads\/2024\/08\/bicicleteadamalignogob8.jpg 993w, https:\/\/prensa.cba.gov.ar\/wp-content\/uploads\/2024\/08\/bicicleteadamalignogob8-300x199.jpg 300w, https:\/\/prensa.cba.gov.ar\/wp-content\/uploads\/2024\/08\/bicicleteadamalignogob8-768x510.jpg 768w\" alt=\"\" width=\"993\" height=\"660\" data-id=\"601564\" \/><\/a><\/figure>\n<figure class=\" wp-block-image size-large eplus-wrapper\"><a href=\"https:\/\/prensa.cba.gov.ar\/wp-content\/uploads\/2024\/08\/bicicleteadamalignogob9.jpg\"><img loading=\"lazy\" decoding=\"async\" class=\"wp-image-601559\" src=\"https:\/\/prensa.cba.gov.ar\/wp-content\/uploads\/2024\/08\/bicicleteadamalignogob9.jpg\" sizes=\"(max-width: 993px) 100vw, 993px\" srcset=\"https:\/\/prensa.cba.gov.ar\/wp-content\/uploads\/2024\/08\/bicicleteadamalignogob9.jpg 993w, https:\/\/prensa.cba.gov.ar\/wp-content\/uploads\/2024\/08\/bicicleteadamalignogob9-300x199.jpg 300w, https:\/\/prensa.cba.gov.ar\/wp-content\/uploads\/2024\/08\/bicicleteadamalignogob9-768x510.jpg 768w\" alt=\"\" width=\"993\" height=\"660\" data-id=\"601559\" \/><\/a><\/figure>\n<figure class=\" wp-block-image size-large eplus-wrapper\"><a href=\"https:\/\/prensa.cba.gov.ar\/wp-content\/uploads\/2024\/08\/bicicleteadamalignogob6.jpg\"><img loading=\"lazy\" decoding=\"async\" class=\"wp-image-601567\" src=\"https:\/\/prensa.cba.gov.ar\/wp-content\/uploads\/2024\/08\/bicicleteadamalignogob6.jpg\" sizes=\"(max-width: 993px) 100vw, 993px\" srcset=\"https:\/\/prensa.cba.gov.ar\/wp-content\/uploads\/2024\/08\/bicicleteadamalignogob6.jpg 993w, https:\/\/prensa.cba.gov.ar\/wp-content\/uploads\/2024\/08\/bicicleteadamalignogob6-300x199.jpg 300w, https:\/\/prensa.cba.gov.ar\/wp-content\/uploads\/2024\/08\/bicicleteadamalignogob6-768x510.jpg 768w\" alt=\"\" width=\"993\" height=\"660\" data-id=\"601567\" \/><\/a><\/figure>\n<\/figure>\n<h3 class=\" wp-block-heading eplus-wrapper\">Reconocimiento a un Campe\u00f3n<\/h3>\n<p class=\" eplus-wrapper\">Jos\u00e9 \u201cMaligno\u201d Torres, con 29 a\u00f1os, alcanz\u00f3 la gloria ol\u00edmpica el 31 de julio al conquistar la medalla de oro en BMX Freestyle en Par\u00eds 2024. Este triunfo no solo marc\u00f3 la primera medalla dorada para Argentina en estos Juegos Ol\u00edmpicos, sino que tambi\u00e9n estableci\u00f3 un nuevo r\u00e9cord ol\u00edmpico en la disciplina.<\/p>\n<p class=\" eplus-wrapper\">Su carrera en el BMX Freestyle se ha desarrollado gracias a la infraestructura del Polo Deportivo Kempes, creada por el Estado cordob\u00e9s. El programa, que instaur\u00f3 tres federaciones para deportes de tierra, agua y aire, ha organizado y apoyado a 35 disciplinas previamente sin estructura formal en C\u00f3rdoba.<\/p>\n<p><iframe title=\"YouTube video player\" src=\"https:\/\/www.youtube.com\/embed\/F-eY9KZRfVg?si=NxvyDZXHNuMvUHH4\" width=\"560\" height=\"315\" frameborder=\"0\" allowfullscreen=\"allowfullscreen\" data-mce-fragment=\"1\"><\/iframe><\/p>\n","protected":false},"excerpt":{"rendered":"<p>Este s\u00e1bado, el medallista ol\u00edmpico realiz\u00f3 su vuelta ol\u00edmpica, junto a m\u00e1s de 600 ciclistas. La bicicleteada recorri\u00f3 3,5 kil\u00f3metros desde el Parque de las Naciones hasta el Parque del Kempes. En el BMX Freestyle Park, recibi\u00f3 un reconocimiento de parte de autoridades provinciales y municipales. El \u201cMaligno Park\u201d, una de las pistas m\u00e1s importantes &hellip;<\/p>\n","protected":false},"author":1,"featured_media":6678,"comment_status":"open","ping_status":"open","sticky":false,"template":"","format":"standard","meta":{"footnotes":""},"categories":[47],"tags":[],"class_list":["post-6677","post","type-post","status-publish","format-standard","has-post-thumbnail","hentry","category-deportes"],"_links":{"self":[{"href":"https:\/\/radiobeat97.com.ar\/beat\/wp-json\/wp\/v2\/posts\/6677","targetHints":{"allow":["GET"]}}],"collection":[{"href":"https:\/\/radiobeat97.com.ar\/beat\/wp-json\/wp\/v2\/posts"}],"about":[{"href":"https:\/\/radiobeat97.com.ar\/beat\/wp-json\/wp\/v2\/types\/post"}],"author":[{"embeddable":true,"href":"https:\/\/radiobeat97.com.ar\/beat\/wp-json\/wp\/v2\/users\/1"}],"replies":[{"embeddable":true,"href":"https:\/\/radiobeat97.com.ar\/beat\/wp-json\/wp\/v2\/comments?post=6677"}],"version-history":[{"count":1,"href":"https:\/\/radiobeat97.com.ar\/beat\/wp-json\/wp\/v2\/posts\/6677\/revisions"}],"predecessor-version":[{"id":6679,"href":"https:\/\/radiobeat97.com.ar\/beat\/wp-json\/wp\/v2\/posts\/6677\/revisions\/6679"}],"wp:featuredmedia":[{"embeddable":true,"href":"https:\/\/radiobeat97.com.ar\/beat\/wp-json\/wp\/v2\/media\/6678"}],"wp:attachment":[{"href":"https:\/\/radiobeat97.com.ar\/beat\/wp-json\/wp\/v2\/media?parent=6677"}],"wp:term":[{"taxonomy":"category","embeddable":true,"href":"https:\/\/radiobeat97.com.ar\/beat\/wp-json\/wp\/v2\/categories?post=6677"},{"taxonomy":"post_tag","embeddable":true,"href":"https:\/\/radiobeat97.com.ar\/beat\/wp-json\/wp\/v2\/tags?post=6677"}],"curies":[{"name":"wp","href":"https:\/\/api.w.org\/{rel}","templated":true}]}}