{"id":6691,"date":"2024-09-02T11:24:54","date_gmt":"2024-09-02T11:24:54","guid":{"rendered":"https:\/\/radiobeat97.com.ar\/beat\/?p=6691"},"modified":"2024-09-02T11:24:54","modified_gmt":"2024-09-02T11:24:54","slug":"charly-garcia-anuncia-el-lanzamiento-de-un-nuevo-album","status":"publish","type":"post","link":"https:\/\/radiobeat97.com.ar\/beat\/charly-garcia-anuncia-el-lanzamiento-de-un-nuevo-album\/","title":{"rendered":"Charly Garc\u00eda anuncia el lanzamiento de un nuevo \u00e1lbum"},"content":{"rendered":"<p>Charly Garcia anuncia la fecha para el lanzamiento de su pr\u00f3ximo disco \u201cLa l\u00f3gica del escorpi\u00f3n\u201d, que se estrenar\u00e1 el 11 de septiembre en todas las plataformas y adem\u00e1s habr\u00e1 una edici\u00f3n limitada en vinilo.<\/p>\n<article class=\"col-lg-12 notinoti v2c\">\nEl disco contiene 13 tracks, entre temas in\u00e9ditos y nuevas versiones de canciones propias y de grandes artistas como Lennon, Spinetta\u00a0y Roger McGuinn. Tembi\u00e9n incluye colaboraciones de colegas de la talla de\u00a0David Leb\u00f3n,\u00a0Pedro Aznar\u00a0y\u00a0Fito Paez, m\u00e1s la voz\u00a0Luis Alberto Spinetta.<\/p>\n<p>Adem\u00e1s, ya se puede pre guardar el \u00e1lbum en Spotify y seguir la cuenta regresiva, en esta plataforma hasta el d\u00eda del lanzamiento.<\/p>\n<p>Este \u00e1lbum es un nuevo hito en la historia del gran Charly, como cada obra que hizo en su vida.<\/p>\n<p>En el D\u00eda del Maestro, este es el regalo que nos hace el Maestro Garc\u00eda, un disco de colecci\u00f3n.<\/p>\n<p>&nbsp;<\/p>\n<\/article>\n<div class=\"video\">\n<div class=\"col-md-12\">\n<div class=\"instagram\"><iframe id=\"instagram-embed-0\" class=\"instagram-media instagram-media-rendered\" src=\"https:\/\/www.instagram.com\/p\/C-TaBwMOZW4\/embed\/?cr=1&amp;v=14&amp;wp=810&amp;rd=https%3A%2F%2Fwww.cmtv.com.ar&amp;rp=%2Fnoticias%2Fnoticia_completa.php%3Fbnid%3D122%26nid%3D33155%26artista%3DCharly_Garcia%26titulo%3DCharly_Garcia_anuncia_el_lanzamiento_de_un_nuevo_album_#%7B%22ci%22%3A0%2C%22os%22%3A1536%2C%22ls%22%3A243.39999997615814%2C%22le%22%3A1283.3999999761581%7D\" height=\"747\" frameborder=\"0\" scrolling=\"no\" allowfullscreen=\"allowfullscreen\" data-instgrm-payload-id=\"instagram-media-payload-0\" data-mce-fragment=\"1\"><\/iframe><\/div>\n<\/div>\n<\/div>\n<p>&nbsp;<\/p>\n<p>La edici\u00f3n en vinilo de \u201cLa l\u00f3gica del escorpi\u00f3n\u201d cuenta con un arte de Renata Schussheim basado en una idea de Charly: portada doble, impresiones en dorado con relieves y sobre interno que incluye las letras de las canciones, m\u00e1s ficha t\u00e9cnica.<\/p>\n<p>Para finalizar les compartimos el video en vivo de su \u00faltimo single \u00abSucio y desprolijo\u00bb, junto a\u00a0Pappo.<\/p>\n<p>&nbsp;<\/p>\n<div class=\"video\">\n<div class=\"artista1 artista\">\n<div class=\"col-md-12 bio\">\n<div class=\"video-youtube\"><iframe class=\"iframeyoutube\" style=\"box-sizing: border-box; border: 9px solid #202020; width: -webkit-fill-available;\" title=\"\" src=\"https:\/\/www.youtube.com\/embed\/VUMcETL6sx4\" height=\"560\" frameborder=\"0\" allowfullscreen=\"allowfullscreen\" data-mce-fragment=\"1\"><\/iframe><\/div>\n<\/div>\n<\/div>\n<\/div>\n","protected":false},"excerpt":{"rendered":"<p>Charly Garcia anuncia la fecha para el lanzamiento de su pr\u00f3ximo disco \u201cLa l\u00f3gica del escorpi\u00f3n\u201d, que se estrenar\u00e1 el 11 de septiembre en todas las plataformas y adem\u00e1s habr\u00e1 una edici\u00f3n limitada en vinilo. El disco contiene 13 tracks, entre temas in\u00e9ditos y nuevas versiones de canciones propias y de grandes artistas como Lennon, &hellip;<\/p>\n","protected":false},"author":1,"featured_media":6692,"comment_status":"open","ping_status":"open","sticky":false,"template":"","format":"standard","meta":{"footnotes":""},"categories":[46],"tags":[],"class_list":["post-6691","post","type-post","status-publish","format-standard","has-post-thumbnail","hentry","category-musica"],"_links":{"self":[{"href":"https:\/\/radiobeat97.com.ar\/beat\/wp-json\/wp\/v2\/posts\/6691","targetHints":{"allow":["GET"]}}],"collection":[{"href":"https:\/\/radiobeat97.com.ar\/beat\/wp-json\/wp\/v2\/posts"}],"about":[{"href":"https:\/\/radiobeat97.com.ar\/beat\/wp-json\/wp\/v2\/types\/post"}],"author":[{"embeddable":true,"href":"https:\/\/radiobeat97.com.ar\/beat\/wp-json\/wp\/v2\/users\/1"}],"replies":[{"embeddable":true,"href":"https:\/\/radiobeat97.com.ar\/beat\/wp-json\/wp\/v2\/comments?post=6691"}],"version-history":[{"count":1,"href":"https:\/\/radiobeat97.com.ar\/beat\/wp-json\/wp\/v2\/posts\/6691\/revisions"}],"predecessor-version":[{"id":6693,"href":"https:\/\/radiobeat97.com.ar\/beat\/wp-json\/wp\/v2\/posts\/6691\/revisions\/6693"}],"wp:featuredmedia":[{"embeddable":true,"href":"https:\/\/radiobeat97.com.ar\/beat\/wp-json\/wp\/v2\/media\/6692"}],"wp:attachment":[{"href":"https:\/\/radiobeat97.com.ar\/beat\/wp-json\/wp\/v2\/media?parent=6691"}],"wp:term":[{"taxonomy":"category","embeddable":true,"href":"https:\/\/radiobeat97.com.ar\/beat\/wp-json\/wp\/v2\/categories?post=6691"},{"taxonomy":"post_tag","embeddable":true,"href":"https:\/\/radiobeat97.com.ar\/beat\/wp-json\/wp\/v2\/tags?post=6691"}],"curies":[{"name":"wp","href":"https:\/\/api.w.org\/{rel}","templated":true}]}}