{"id":6714,"date":"2024-09-09T11:38:36","date_gmt":"2024-09-09T11:38:36","guid":{"rendered":"https:\/\/radiobeat97.com.ar\/beat\/?p=6714"},"modified":"2024-09-09T11:52:05","modified_gmt":"2024-09-09T11:52:05","slug":"un-verano-y-chano-presentan-el-single-de-abajo-para-arriba","status":"publish","type":"post","link":"https:\/\/radiobeat97.com.ar\/beat\/un-verano-y-chano-presentan-el-single-de-abajo-para-arriba\/","title":{"rendered":"Un Verano y Chano presentan el single \u201cDe abajo para arriba\u201d"},"content":{"rendered":"<p>Un Verano, la banda revelaci\u00f3n del pop rock argentino se une a Chano para lanzar su nuevo single y video \u201cDe Abajo Para Arriba\u201d.<\/p>\n<p>Esta canci\u00f3n es el octavo single que lanza la banda, anticipo de su esperado \u00e1lbum debut que ser\u00e1 lanzado en octubre. \u201cDe Abajo Para Arriba\u201d tiene todos los ingredientes del mejor pop rock, ritmo atrapante y una l\u00edrica pegadiza. La canci\u00f3n cont\u00f3 con la producci\u00f3n de Renzo Luca, miembro de la banda y notable productor discogr\u00e1fico, quien junto a La Duke, Gero, Mil\u00e1n y Flexo vienen mostrando canci\u00f3n tras canci\u00f3n porque son la revelaci\u00f3n musical del a\u00f1o. \u201cDe Abajo Para Arriba\u201d tiene destino de hit por su frescura y contundencia pop-rock, una de esa canciones que te dejan con ganas de m\u00e1s.<\/p>\n<p>En menos de dos a\u00f1os Un Verano consigui\u00f3 ocupar un lugar de privilegio en el centro de la escena musical argentina y se prepara para presentarse en el Festival Harlem por segundo a\u00f1o consecutivo.<\/p>\n<p>Mira el video:<\/p>\n<p><iframe title=\"Un Verano, Chano! - De Abajo Para Arriba\" width=\"500\" height=\"281\" src=\"https:\/\/www.youtube.com\/embed\/xwzrVg-ITb8?feature=oembed\" frameborder=\"0\" allow=\"accelerometer; autoplay; clipboard-write; encrypted-media; gyroscope; picture-in-picture; web-share\" referrerpolicy=\"strict-origin-when-cross-origin\" allowfullscreen><\/iframe><\/p>\n<p>&nbsp;<\/p>\n<p>&nbsp;<\/p>\n","protected":false},"excerpt":{"rendered":"<p>Un Verano, la banda revelaci\u00f3n del pop rock argentino se une a Chano para lanzar su nuevo single y video \u201cDe Abajo Para Arriba\u201d. Esta canci\u00f3n es el octavo single que lanza la banda, anticipo de su esperado \u00e1lbum debut que ser\u00e1 lanzado en octubre. \u201cDe Abajo Para Arriba\u201d tiene todos los ingredientes del mejor &hellip;<\/p>\n","protected":false},"author":1,"featured_media":6715,"comment_status":"open","ping_status":"open","sticky":false,"template":"","format":"standard","meta":{"footnotes":""},"categories":[46],"tags":[],"class_list":["post-6714","post","type-post","status-publish","format-standard","has-post-thumbnail","hentry","category-musica"],"_links":{"self":[{"href":"https:\/\/radiobeat97.com.ar\/beat\/wp-json\/wp\/v2\/posts\/6714","targetHints":{"allow":["GET"]}}],"collection":[{"href":"https:\/\/radiobeat97.com.ar\/beat\/wp-json\/wp\/v2\/posts"}],"about":[{"href":"https:\/\/radiobeat97.com.ar\/beat\/wp-json\/wp\/v2\/types\/post"}],"author":[{"embeddable":true,"href":"https:\/\/radiobeat97.com.ar\/beat\/wp-json\/wp\/v2\/users\/1"}],"replies":[{"embeddable":true,"href":"https:\/\/radiobeat97.com.ar\/beat\/wp-json\/wp\/v2\/comments?post=6714"}],"version-history":[{"count":3,"href":"https:\/\/radiobeat97.com.ar\/beat\/wp-json\/wp\/v2\/posts\/6714\/revisions"}],"predecessor-version":[{"id":6718,"href":"https:\/\/radiobeat97.com.ar\/beat\/wp-json\/wp\/v2\/posts\/6714\/revisions\/6718"}],"wp:featuredmedia":[{"embeddable":true,"href":"https:\/\/radiobeat97.com.ar\/beat\/wp-json\/wp\/v2\/media\/6715"}],"wp:attachment":[{"href":"https:\/\/radiobeat97.com.ar\/beat\/wp-json\/wp\/v2\/media?parent=6714"}],"wp:term":[{"taxonomy":"category","embeddable":true,"href":"https:\/\/radiobeat97.com.ar\/beat\/wp-json\/wp\/v2\/categories?post=6714"},{"taxonomy":"post_tag","embeddable":true,"href":"https:\/\/radiobeat97.com.ar\/beat\/wp-json\/wp\/v2\/tags?post=6714"}],"curies":[{"name":"wp","href":"https:\/\/api.w.org\/{rel}","templated":true}]}}