{"id":6736,"date":"2024-09-18T14:30:47","date_gmt":"2024-09-18T14:30:47","guid":{"rendered":"https:\/\/radiobeat97.com.ar\/beat\/?p=6736"},"modified":"2024-09-18T14:30:47","modified_gmt":"2024-09-18T14:30:47","slug":"se-viene-la-8-noche-de-los-teatros-en-toda-la-provincia","status":"publish","type":"post","link":"https:\/\/radiobeat97.com.ar\/beat\/se-viene-la-8-noche-de-los-teatros-en-toda-la-provincia\/","title":{"rendered":"Se viene la 8\u00b0 Noche de los Teatros en toda la provincia"},"content":{"rendered":"<article id=\"post-603752\" class=\"post-603752 post type-post status-publish format-standard has-post-thumbnail hentry category-cultura-y-espectaculos category-informacion-general ast-article-single\">\n<div class=\"ast-post-format- single-layout-1\">\n<div class=\"entry-content clear\">\n<ul class=\" eplus-wrapper eplus-styles-uid-d22a10\">\n<li class=\" eplus-wrapper\"><strong>El s\u00e1bado 28 de septiembre llega una nueva entrega de la velada dedicada a las artes esc\u00e9nicas.<\/strong><\/li>\n<li class=\" eplus-wrapper\"><strong>Habr\u00e1 55 funciones en 48 salas independientes de Capital y el interior.<\/strong><\/li>\n<li class=\" eplus-wrapper\"><strong>La entrada es libre y a la gorra.<\/strong><\/li>\n<\/ul>\n<p class=\" eplus-wrapper\">El s\u00e1bado 28 de septiembre llega una nueva\u00a0<strong>Noche de los Teatros<\/strong>, organizada por la Agencia C\u00f3rdoba Cultura del Gobierno de C\u00f3rdoba junto a la Red de Salas de Teatro Independiente.<\/p>\n<p class=\" eplus-wrapper\">La velada propone 55 obras teatrales que se presentar\u00e1n en 48 salas independientes de todo el territorio provincial. La programaci\u00f3n comienza a las 16 horas y se extiende hasta la medianoche. La entrada es libre, y la salida, a la gorra.<\/p>\n<p class=\" eplus-wrapper\">El ya cl\u00e1sico evento propone obras en 21 salas de la Ciudad y en 27 espacios de diferentes localidades del interior: Luyaba, Cosqu\u00edn, Pilar, Villa Dolores, Jos\u00e9 de la Quintana, Almafuerte, Mina Clavero, Santa Mar\u00eda de Punilla, Villa Mar\u00eda, Villa Carlos Paz, Alta Gracia, Capilla del Monte, Jes\u00fas Mar\u00eda, Mendiolaza, R\u00edo Tercero, Villa Cerro Azul, Villa de Las Rosas, Villa del Rosario, Villa Giardino, Villa Nueva y R\u00edo Cuarto.<\/p>\n<p class=\" eplus-wrapper\">Las propuestas esc\u00e9nicas incluyen piezas teatrales propias y adaptaciones de gran producci\u00f3n en g\u00e9neros como el clown, danza-teatro, t\u00edteres, marionetas y teatro para adultos.<\/p>\n<figure class=\" wp-block-gallery has-nested-images columns-default is-cropped eplus-wrapper wp-block-gallery-1 is-layout-flex wp-block-gallery-is-layout-flex\">\n<figure class=\" wp-block-image size-large eplus-wrapper wp-lightbox-container\" data-wp-context=\"{ &quot;core&quot;:\n\t\t\t\t{ &quot;image&quot;:\n\t\t\t\t\t{   &quot;imageLoaded&quot;: false,\n\t\t\t\t\t\t&quot;initialized&quot;: false,\n\t\t\t\t\t\t&quot;lightboxEnabled&quot;: false,\n\t\t\t\t\t\t&quot;hideAnimationEnabled&quot;: false,\n\t\t\t\t\t\t&quot;preloadInitialized&quot;: false,\n\t\t\t\t\t\t&quot;lightboxAnimation&quot;: &quot;zoom&quot;,\n\t\t\t\t\t\t&quot;imageUploadedSrc&quot;: &quot;https:\/\/prensa.cba.gov.ar\/wp-content\/uploads\/2024\/09\/43b-5Foto-1-Medida-x-Medida-mxm.png&quot;,\n\t\t\t\t\t\t&quot;imageCurrentSrc&quot;: &quot;&quot;,\n\t\t\t\t\t\t&quot;targetWidth&quot;: &quot;2428&quot;,\n\t\t\t\t\t\t&quot;targetHeight&quot;: &quot;1618&quot;,\n\t\t\t\t\t\t&quot;scaleAttr&quot;: &quot;&quot;,\n\t\t\t\t\t\t&quot;dialogLabel&quot;: &quot;Imagen ampliada&quot;\n\t\t\t\t\t}\n\t\t\t\t}\n\t\t\t}\" data-wp-interactive=\"\"><img fetchpriority=\"high\" decoding=\"async\" class=\"wp-image-603756\" src=\"https:\/\/prensa.cba.gov.ar\/wp-content\/uploads\/2024\/09\/43b-5Foto-1-Medida-x-Medida-mxm-1024x682.png\" sizes=\"(max-width: 1024px) 100vw, 1024px\" srcset=\"https:\/\/prensa.cba.gov.ar\/wp-content\/uploads\/2024\/09\/43b-5Foto-1-Medida-x-Medida-mxm-1024x682.png 1024w, https:\/\/prensa.cba.gov.ar\/wp-content\/uploads\/2024\/09\/43b-5Foto-1-Medida-x-Medida-mxm-300x200.png 300w, https:\/\/prensa.cba.gov.ar\/wp-content\/uploads\/2024\/09\/43b-5Foto-1-Medida-x-Medida-mxm-768x512.png 768w, https:\/\/prensa.cba.gov.ar\/wp-content\/uploads\/2024\/09\/43b-5Foto-1-Medida-x-Medida-mxm-1536x1024.png 1536w, https:\/\/prensa.cba.gov.ar\/wp-content\/uploads\/2024\/09\/43b-5Foto-1-Medida-x-Medida-mxm-2048x1365.png 2048w\" alt=\"\" width=\"1024\" height=\"682\" data-wp-effect--setstylesonresize=\"effects.core.image.setStylesOnResize\" data-wp-effect=\"effects.core.image.setButtonStyles\" data-wp-init=\"effects.core.image.initOriginImage\" data-wp-on--click=\"actions.core.image.showLightbox\" data-wp-on--load=\"actions.core.image.handleLoad\" data-id=\"603756\" \/><button class=\"lightbox-trigger\" type=\"button\" aria-haspopup=\"dialog\" aria-label=\"Ampliar la imagen\" data-wp-on--click=\"actions.core.image.showLightbox\" data-wp-style--right=\"context.core.image.imageButtonRight\" data-wp-style--top=\"context.core.image.imageButtonTop\"><\/button><\/figure>\n<figure class=\" wp-block-image size-large eplus-wrapper wp-lightbox-container\" data-wp-context=\"{ &quot;core&quot;:\n\t\t\t\t{ &quot;image&quot;:\n\t\t\t\t\t{   &quot;imageLoaded&quot;: false,\n\t\t\t\t\t\t&quot;initialized&quot;: false,\n\t\t\t\t\t\t&quot;lightboxEnabled&quot;: false,\n\t\t\t\t\t\t&quot;hideAnimationEnabled&quot;: false,\n\t\t\t\t\t\t&quot;preloadInitialized&quot;: false,\n\t\t\t\t\t\t&quot;lightboxAnimation&quot;: &quot;zoom&quot;,\n\t\t\t\t\t\t&quot;imageUploadedSrc&quot;: &quot;https:\/\/prensa.cba.gov.ar\/wp-content\/uploads\/2024\/09\/07-1-Soledad-Castillo-scaled.jpg&quot;,\n\t\t\t\t\t\t&quot;imageCurrentSrc&quot;: &quot;&quot;,\n\t\t\t\t\t\t&quot;targetWidth&quot;: &quot;2560&quot;,\n\t\t\t\t\t\t&quot;targetHeight&quot;: &quot;1707&quot;,\n\t\t\t\t\t\t&quot;scaleAttr&quot;: &quot;&quot;,\n\t\t\t\t\t\t&quot;dialogLabel&quot;: &quot;Imagen ampliada&quot;\n\t\t\t\t\t}\n\t\t\t\t}\n\t\t\t}\" data-wp-interactive=\"\"><img decoding=\"async\" class=\"wp-image-603758\" src=\"https:\/\/prensa.cba.gov.ar\/wp-content\/uploads\/2024\/09\/07-1-Soledad-Castillo-1024x683.jpg\" sizes=\"(max-width: 1024px) 100vw, 1024px\" srcset=\"https:\/\/prensa.cba.gov.ar\/wp-content\/uploads\/2024\/09\/07-1-Soledad-Castillo-1024x683.jpg 1024w, https:\/\/prensa.cba.gov.ar\/wp-content\/uploads\/2024\/09\/07-1-Soledad-Castillo-300x200.jpg 300w, https:\/\/prensa.cba.gov.ar\/wp-content\/uploads\/2024\/09\/07-1-Soledad-Castillo-768x512.jpg 768w, https:\/\/prensa.cba.gov.ar\/wp-content\/uploads\/2024\/09\/07-1-Soledad-Castillo-1536x1024.jpg 1536w, https:\/\/prensa.cba.gov.ar\/wp-content\/uploads\/2024\/09\/07-1-Soledad-Castillo-2048x1365.jpg 2048w\" alt=\"\" width=\"1024\" height=\"683\" data-wp-effect--setstylesonresize=\"effects.core.image.setStylesOnResize\" data-wp-effect=\"effects.core.image.setButtonStyles\" data-wp-init=\"effects.core.image.initOriginImage\" data-wp-on--click=\"actions.core.image.showLightbox\" data-wp-on--load=\"actions.core.image.handleLoad\" data-id=\"603758\" \/><button class=\"lightbox-trigger\" type=\"button\" aria-haspopup=\"dialog\" aria-label=\"Ampliar la imagen\" data-wp-on--click=\"actions.core.image.showLightbox\" data-wp-style--right=\"context.core.image.imageButtonRight\" data-wp-style--top=\"context.core.image.imageButtonTop\"><\/button><\/figure>\n<figure class=\" wp-block-image size-large eplus-wrapper wp-lightbox-container\" data-wp-context=\"{ &quot;core&quot;:\n\t\t\t\t{ &quot;image&quot;:\n\t\t\t\t\t{   &quot;imageLoaded&quot;: false,\n\t\t\t\t\t\t&quot;initialized&quot;: false,\n\t\t\t\t\t\t&quot;lightboxEnabled&quot;: false,\n\t\t\t\t\t\t&quot;hideAnimationEnabled&quot;: false,\n\t\t\t\t\t\t&quot;preloadInitialized&quot;: false,\n\t\t\t\t\t\t&quot;lightboxAnimation&quot;: &quot;zoom&quot;,\n\t\t\t\t\t\t&quot;imageUploadedSrc&quot;: &quot;https:\/\/prensa.cba.gov.ar\/wp-content\/uploads\/2024\/09\/13-2-Tapetumm-10-Foto-HUGO-SUAREZ-clowns-c-natalia-colautti-scaled.jpg&quot;,\n\t\t\t\t\t\t&quot;imageCurrentSrc&quot;: &quot;&quot;,\n\t\t\t\t\t\t&quot;targetWidth&quot;: &quot;2560&quot;,\n\t\t\t\t\t\t&quot;targetHeight&quot;: &quot;2048&quot;,\n\t\t\t\t\t\t&quot;scaleAttr&quot;: &quot;&quot;,\n\t\t\t\t\t\t&quot;dialogLabel&quot;: &quot;Imagen ampliada&quot;\n\t\t\t\t\t}\n\t\t\t\t}\n\t\t\t}\" data-wp-interactive=\"\"><img decoding=\"async\" class=\"wp-image-603757\" src=\"https:\/\/prensa.cba.gov.ar\/wp-content\/uploads\/2024\/09\/13-2-Tapetumm-10-Foto-HUGO-SUAREZ-clowns-c-natalia-colautti-1024x819.jpg\" sizes=\"(max-width: 1024px) 100vw, 1024px\" srcset=\"https:\/\/prensa.cba.gov.ar\/wp-content\/uploads\/2024\/09\/13-2-Tapetumm-10-Foto-HUGO-SUAREZ-clowns-c-natalia-colautti-1024x819.jpg 1024w, https:\/\/prensa.cba.gov.ar\/wp-content\/uploads\/2024\/09\/13-2-Tapetumm-10-Foto-HUGO-SUAREZ-clowns-c-natalia-colautti-300x240.jpg 300w, https:\/\/prensa.cba.gov.ar\/wp-content\/uploads\/2024\/09\/13-2-Tapetumm-10-Foto-HUGO-SUAREZ-clowns-c-natalia-colautti-768x614.jpg 768w, https:\/\/prensa.cba.gov.ar\/wp-content\/uploads\/2024\/09\/13-2-Tapetumm-10-Foto-HUGO-SUAREZ-clowns-c-natalia-colautti-1536x1229.jpg 1536w, https:\/\/prensa.cba.gov.ar\/wp-content\/uploads\/2024\/09\/13-2-Tapetumm-10-Foto-HUGO-SUAREZ-clowns-c-natalia-colautti-2048x1638.jpg 2048w\" alt=\"\" width=\"1024\" height=\"819\" data-wp-effect--setstylesonresize=\"effects.core.image.setStylesOnResize\" data-wp-effect=\"effects.core.image.setButtonStyles\" data-wp-init=\"effects.core.image.initOriginImage\" data-wp-on--click=\"actions.core.image.showLightbox\" data-wp-on--load=\"actions.core.image.handleLoad\" data-id=\"603757\" \/><button class=\"lightbox-trigger\" type=\"button\" aria-haspopup=\"dialog\" aria-label=\"Ampliar la imagen\" data-wp-on--click=\"actions.core.image.showLightbox\" data-wp-style--right=\"context.core.image.imageButtonRight\" data-wp-style--top=\"context.core.image.imageButtonTop\"><\/button><\/figure>\n<\/figure>\n<p class=\" eplus-wrapper\">La Noche de los Teatros es una iniciativa orientada a poner en relieve la importancia y la vitalidad del teatro independiente de C\u00f3rdoba, dando cuenta del gran volumen de espacios y elencos teatrales de la provincia.<\/p>\n<p class=\" eplus-wrapper\">Esta jornada es una muestra de las mejores producciones teatrales realizadas en C\u00f3rdoba, con propuestas para p\u00fablicos de todas las edades.<\/p>\n<figure class=\" wp-block-audio eplus-wrapper\"><audio src=\"https:\/\/prensa.cba.gov.ar\/wp-content\/uploads\/2024\/09\/WhatsApp-Audio-2024-09-17-at-18.45.10.ogg\" controls=\"controls\" data-mce-fragment=\"1\"><\/audio><\/figure>\n<p class=\" eplus-wrapper\"><em><strong>Audio: Alicia Manzur. Responsable de Artes Esc\u00e9nicas de la Agencia C\u00f3rdoba Cultura.<\/strong><\/em><\/p>\n<h4 class=\" wp-block-heading eplus-wrapper\">Grilla completa de las funciones en la ciudad de C\u00f3rdoba<\/h4>\n<div class=\" wp-block-file eplus-wrapper\" data-wp-interactive=\"\"><object class=\"wp-block-file__embed\" data=\"https:\/\/prensa.cba.gov.ar\/wp-content\/uploads\/2024\/09\/Salas-Capital.pdf\" type=\"application\/pdf\" width=\"300\" height=\"150\" data-wp-bind--hidden=\"!selectors.core.file.hasPdfPreview\" aria-label=\"Incrustado de Salas-Capital.\" data-mce-fragment=\"1\"><\/object><a id=\"wp-block-file--media-40f3b55c-67e5-4f3d-b178-3778c6f1db6d\" href=\"https:\/\/prensa.cba.gov.ar\/wp-content\/uploads\/2024\/09\/Salas-Capital.pdf\">Salas-Capital<\/a><a class=\"wp-block-file__button wp-element-button\" href=\"https:\/\/prensa.cba.gov.ar\/wp-content\/uploads\/2024\/09\/Salas-Capital.pdf\" download=\"\" aria-describedby=\"wp-block-file--media-40f3b55c-67e5-4f3d-b178-3778c6f1db6d\">Descarga<\/a><\/div>\n<h4 class=\" wp-block-heading eplus-wrapper\">Horarios y salas en el interior provincial<\/h4>\n<div class=\" wp-block-file eplus-wrapper\" data-wp-interactive=\"\"><object class=\"wp-block-file__embed\" data=\"https:\/\/prensa.cba.gov.ar\/wp-content\/uploads\/2024\/09\/Salas-Interior-1.pdf\" type=\"application\/pdf\" width=\"300\" height=\"150\" data-wp-bind--hidden=\"!selectors.core.file.hasPdfPreview\" aria-label=\"Incrustado de Salas-Interior-1.\" data-mce-fragment=\"1\"><\/object><a id=\"wp-block-file--media-bb8674dd-d68e-4455-9bd6-013dded9b70c\" href=\"https:\/\/prensa.cba.gov.ar\/wp-content\/uploads\/2024\/09\/Salas-Interior-1.pdf\">Salas-Interior-1<\/a><a class=\"wp-block-file__button wp-element-button\" href=\"https:\/\/prensa.cba.gov.ar\/wp-content\/uploads\/2024\/09\/Salas-Interior-1.pdf\" download=\"\" aria-describedby=\"wp-block-file--media-bb8674dd-d68e-4455-9bd6-013dded9b70c\">Descarga<\/a><\/div>\n<\/div>\n<\/div>\n<\/article>\n","protected":false},"excerpt":{"rendered":"<p>El s\u00e1bado 28 de septiembre llega una nueva entrega de la velada dedicada a las artes esc\u00e9nicas. Habr\u00e1 55 funciones en 48 salas independientes de Capital y el interior. La entrada es libre y a la gorra. El s\u00e1bado 28 de septiembre llega una nueva\u00a0Noche de los Teatros, organizada por la Agencia C\u00f3rdoba Cultura del &hellip;<\/p>\n","protected":false},"author":1,"featured_media":6737,"comment_status":"open","ping_status":"open","sticky":false,"template":"","format":"standard","meta":{"footnotes":""},"categories":[50],"tags":[],"class_list":["post-6736","post","type-post","status-publish","format-standard","has-post-thumbnail","hentry","category-entretenimiento"],"_links":{"self":[{"href":"https:\/\/radiobeat97.com.ar\/beat\/wp-json\/wp\/v2\/posts\/6736","targetHints":{"allow":["GET"]}}],"collection":[{"href":"https:\/\/radiobeat97.com.ar\/beat\/wp-json\/wp\/v2\/posts"}],"about":[{"href":"https:\/\/radiobeat97.com.ar\/beat\/wp-json\/wp\/v2\/types\/post"}],"author":[{"embeddable":true,"href":"https:\/\/radiobeat97.com.ar\/beat\/wp-json\/wp\/v2\/users\/1"}],"replies":[{"embeddable":true,"href":"https:\/\/radiobeat97.com.ar\/beat\/wp-json\/wp\/v2\/comments?post=6736"}],"version-history":[{"count":1,"href":"https:\/\/radiobeat97.com.ar\/beat\/wp-json\/wp\/v2\/posts\/6736\/revisions"}],"predecessor-version":[{"id":6738,"href":"https:\/\/radiobeat97.com.ar\/beat\/wp-json\/wp\/v2\/posts\/6736\/revisions\/6738"}],"wp:featuredmedia":[{"embeddable":true,"href":"https:\/\/radiobeat97.com.ar\/beat\/wp-json\/wp\/v2\/media\/6737"}],"wp:attachment":[{"href":"https:\/\/radiobeat97.com.ar\/beat\/wp-json\/wp\/v2\/media?parent=6736"}],"wp:term":[{"taxonomy":"category","embeddable":true,"href":"https:\/\/radiobeat97.com.ar\/beat\/wp-json\/wp\/v2\/categories?post=6736"},{"taxonomy":"post_tag","embeddable":true,"href":"https:\/\/radiobeat97.com.ar\/beat\/wp-json\/wp\/v2\/tags?post=6736"}],"curies":[{"name":"wp","href":"https:\/\/api.w.org\/{rel}","templated":true}]}}