{"id":6771,"date":"2024-09-30T11:34:43","date_gmt":"2024-09-30T11:34:43","guid":{"rendered":"https:\/\/radiobeat97.com.ar\/beat\/?p=6771"},"modified":"2024-09-30T11:34:43","modified_gmt":"2024-09-30T11:34:43","slug":"mark-zuckerberg-apuesta-por-essilorluxottica-segun-el-puede-llegar-a-ser-la-samsung-europea","status":"publish","type":"post","link":"https:\/\/radiobeat97.com.ar\/beat\/mark-zuckerberg-apuesta-por-essilorluxottica-segun-el-puede-llegar-a-ser-la-samsung-europea\/","title":{"rendered":"Mark Zuckerberg apuesta por EssilorLuxottica. Seg\u00fan \u00e9l, puede llegar a ser la Samsung europea"},"content":{"rendered":"<p>El \u00e9xito de las Ray-Ban Meta ha tenido un efecto sorpresa para muchos: EssilorLuxottica, el mayor fabricante de gafas del mundo, acab\u00f3 captando el inter\u00e9s de la empresa de Mark Zuckerberg \u2014y el de Google\u2014. Meta confirm\u00f3 hace meses que invertir\u00eda en ella. Ahora tenemos m\u00e1s detalles de una inversi\u00f3n que es en realidad una apuesta de futuro por la empresa italo-francesa.<\/p>\n<p>&nbsp;<\/p>\n<p><strong>Una inversi\u00f3n \u00absimb\u00f3lica\u00bb<\/strong>. Hasta ahora no se sab\u00eda el alcance de esa alianza, pero en una entrevista que Zuckerberg concedi\u00f3 a The Verge coment\u00f3 que es m\u00e1s una inversi\u00f3n \u00absimb\u00f3lica\u00bb que ha hecho que Meta se haga con el 5% de la participaci\u00f3n de la compa\u00f1\u00eda. Para \u00e9l esto es una alianza a largo plazo, y esa inversi\u00f3n era un \u00abbonito gesto\u00bb que demostraba su compromiso con la apuesta.<\/p>\n<p>&nbsp;<\/p>\n<div class=\"article-asset-image article-asset-normal article-asset-center\">\n<div class=\"asset-content\">\n<div class=\"caption-img \">\n<p><img decoding=\"async\" class=\"tie-appear\" src=\"https:\/\/i.blogs.es\/ed12f3\/meta-11\/450_1000.jpeg\" alt=\"Meta 11\" \/><\/p>\n<p>Mark Zuckeberg, durante el evento Meta Connect 2024. Fuente: Meta Developers (YouTube).<\/p>\n<\/div>\n<p>&nbsp;<\/p>\n<\/div>\n<\/div>\n<p><strong>Un fabricante que va a m\u00e1s<\/strong>. El CEO de Meta explicaba que ahora son el fabricante m\u00e1s importante de gafas de todo el mundo, pero acabar\u00e1n siendo \u00abuna de las compa\u00f1\u00edas tecnol\u00f3gicas m\u00e1s importantes del mundo\u00bb.<\/p>\n<p>&nbsp;<\/p>\n<p><strong>La Samsung europea<\/strong>. De hecho, hac\u00eda una analog\u00eda con lo que ha logrado Samsung para Corea del Sur, y cree que EssilorLuxottica ser\u00e1 una de las mejores oportunidades para Europea en general y para Italia en particular a la hora de convertirse en un gran hub de la fabricaci\u00f3n y el dise\u00f1o de la pr\u00f3xima gran categor\u00eda de gafas inteligentes y de plataformas de computaci\u00f3n en general.<\/p>\n<p>&nbsp;<\/p>\n<p><strong>Piropos con mucho sentido<\/strong>. Las declaraciones de Zuckerberg son l\u00f3gicas si tenemos en cuenta que si EssilorLuxottica acaba convirti\u00e9ndose en un gigante, Meta saldr\u00e1 muy beneficiada. No solo econ\u00f3micamente, sino por el hecho de que eso significar\u00e1 que su apuesta por gafas conectadas \u2014como las Ray-Ban Meta\u2014 o gafas de realidad aumentada como las del Project Orion han conseguido popularizarse.<\/p>\n<p>&nbsp;<\/p>\n<div class=\"article-asset-video article-asset-normal\">\n<div class=\"asset-content\">\n<div class=\"base-asset-video\">\n<div class=\"js-dailymotion\"><\/div>\n<p>&nbsp;<\/p>\n<\/div>\n<p>&nbsp;<\/p>\n<\/div>\n<\/div>\n<p><strong>Pero<\/strong>. La apuesta es sobre todo eso: una apuesta. El \u00e9xito de las Ray-Ban Meta es llamativo, pero limitado: los analistas de Sinolink Securities estiman que las ventas anuales en 2024 podr\u00edan alcanzar los dos millones de unidades, aunque con las opciones de integraci\u00f3n de IA esas ventas podr\u00edan dispararse hasta los seis millones de unidades. Otros tienen serias dudas sobre el futuro de estos dispositivos, desde luego.<\/p>\n<p>&nbsp;<\/p>\n<p><strong>Comparando con el Apple Watch<\/strong>. Puede ser el principio de un fen\u00f3meno notable, pero a\u00fan est\u00e1n lejos del segmento de los relojes inteligentes. Seg\u00fan Statista, Apple vendi\u00f3 38,3 millones de Apple Watch en 2023, aunque su m\u00e1ximo de 2022 fue mucho mayor, 53,9 millones de unidades. EssilorLuxottica trabaja con muchas m\u00e1s firmas y vende much\u00edsimas m\u00e1s gafas, desde luego, pero si nos restringimos al \u00e1mbito de las gafas conectadas, la apuesta de Mark Zuckerberg es incierta.<\/p>\n<p>&nbsp;<\/p>\n<p>En Xataka | Sam Altman se postula como el Zuckerberg de la IA: est\u00e1 cada vez m\u00e1s solo, y que OpenAI triunfe o fracase ser\u00e1 cosa suya<\/p>\n<p>\u2013<br \/>\nLa noticia<\/p>\n<p><em>Mark Zuckerberg apuesta por EssilorLuxottica. Seg\u00fan \u00e9l, puede llegar a ser la Samsung europea<\/em><\/p>\n<p>fue publicada originalmente en<\/p>\n<p><strong>Xataka<\/strong><\/p>\n<p>por<br \/>\nJavier Pastor<\/p>\n","protected":false},"excerpt":{"rendered":"<p>El \u00e9xito de las Ray-Ban Meta ha tenido un efecto sorpresa para muchos: EssilorLuxottica, el mayor fabricante de gafas del mundo, acab\u00f3 captando el inter\u00e9s de la empresa de Mark Zuckerberg \u2014y el de Google\u2014. Meta confirm\u00f3 hace meses que invertir\u00eda en ella. Ahora tenemos m\u00e1s detalles de una inversi\u00f3n que es en realidad una &hellip;<\/p>\n","protected":false},"author":1,"featured_media":6772,"comment_status":"open","ping_status":"open","sticky":false,"template":"","format":"standard","meta":{"footnotes":""},"categories":[3,45],"tags":[],"class_list":["post-6771","post","type-post","status-publish","format-standard","has-post-thumbnail","hentry","category-lifestyle","category-tecnologia"],"_links":{"self":[{"href":"https:\/\/radiobeat97.com.ar\/beat\/wp-json\/wp\/v2\/posts\/6771","targetHints":{"allow":["GET"]}}],"collection":[{"href":"https:\/\/radiobeat97.com.ar\/beat\/wp-json\/wp\/v2\/posts"}],"about":[{"href":"https:\/\/radiobeat97.com.ar\/beat\/wp-json\/wp\/v2\/types\/post"}],"author":[{"embeddable":true,"href":"https:\/\/radiobeat97.com.ar\/beat\/wp-json\/wp\/v2\/users\/1"}],"replies":[{"embeddable":true,"href":"https:\/\/radiobeat97.com.ar\/beat\/wp-json\/wp\/v2\/comments?post=6771"}],"version-history":[{"count":1,"href":"https:\/\/radiobeat97.com.ar\/beat\/wp-json\/wp\/v2\/posts\/6771\/revisions"}],"predecessor-version":[{"id":6773,"href":"https:\/\/radiobeat97.com.ar\/beat\/wp-json\/wp\/v2\/posts\/6771\/revisions\/6773"}],"wp:featuredmedia":[{"embeddable":true,"href":"https:\/\/radiobeat97.com.ar\/beat\/wp-json\/wp\/v2\/media\/6772"}],"wp:attachment":[{"href":"https:\/\/radiobeat97.com.ar\/beat\/wp-json\/wp\/v2\/media?parent=6771"}],"wp:term":[{"taxonomy":"category","embeddable":true,"href":"https:\/\/radiobeat97.com.ar\/beat\/wp-json\/wp\/v2\/categories?post=6771"},{"taxonomy":"post_tag","embeddable":true,"href":"https:\/\/radiobeat97.com.ar\/beat\/wp-json\/wp\/v2\/tags?post=6771"}],"curies":[{"name":"wp","href":"https:\/\/api.w.org\/{rel}","templated":true}]}}