{"id":6786,"date":"2024-10-02T15:39:58","date_gmt":"2024-10-02T15:39:58","guid":{"rendered":"https:\/\/radiobeat97.com.ar\/beat\/?p=6786"},"modified":"2024-10-02T11:41:47","modified_gmt":"2024-10-02T11:41:47","slug":"cordoba-sera-la-nueva-sede-del-mundial-de-motocross-argentina-2025","status":"publish","type":"post","link":"https:\/\/radiobeat97.com.ar\/beat\/cordoba-sera-la-nueva-sede-del-mundial-de-motocross-argentina-2025\/","title":{"rendered":"C\u00f3rdoba ser\u00e1 la nueva sede del Mundial de Motocross Argentina 2025"},"content":{"rendered":"<ul class=\" eplus-wrapper eplus-styles-uid-5c4ed2\">\n<li class=\" eplus-wrapper\"><strong>La carrera se celebrar\u00e1 el 1 y 2 de marzo 2025 en ciudad de C\u00f3rdoba.<\/strong><\/li>\n<li class=\" eplus-wrapper\"><strong>En octubre comienza la venta de entradas.<\/strong><\/li>\n<\/ul>\n<p class=\" eplus-wrapper\">A partir del pr\u00f3ximo a\u00f1o, C\u00f3rdoba ser\u00e1 sede del Campeonato Mundial de Motocross (MXGP), que se disputar\u00e1 el 1 y 2 de marzo del 2025 en Infinito Race Track, en la capital provincial.<\/p>\n<p class=\" eplus-wrapper\">Ser\u00e1 el d\u00e9cimo s\u00e9ptimo GP celebrado en Argentina desde la primera edici\u00f3n en 1985 en Salta y tendr\u00e1 lugar en tierras cordobesas por los pr\u00f3ximos tres a\u00f1os.<\/p>\n<p class=\" eplus-wrapper\">En la presentaci\u00f3n, David Eli, organizador del MXGP en Argentina, sostuvo:\u00a0<em>\u201cEste es un evento en franco crecimiento, que adem\u00e1s es muy convocante para todos los fan\u00e1ticos de la regi\u00f3n ya que Argentina tiene la \u00fanica fecha del campeonato en el continente americano, y creemos que esta nueva sede lo potenciar\u00e1 a\u00fan m\u00e1s -entre otras cosas- gracias a las facilidades log\u00edsticas que ofrece C\u00f3rdoba. Es un espect\u00e1culo deportivo de \u00e9lite, muy entretenido de ver\u201d.<\/em><\/p>\n<p class=\" eplus-wrapper\">En los \u00faltimos a\u00f1os, la prueba se llev\u00f3 a cabo en Villa La Angostura, en la provincia de Neuqu\u00e9n.<\/p>\n<figure class=\" wp-block-image size-large eplus-wrapper\"><img fetchpriority=\"high\" decoding=\"async\" class=\"wp-image-604917\" src=\"https:\/\/prensa.cba.gov.ar\/wp-content\/uploads\/2024\/10\/IMG-20240929-WA0000-1024x682.jpg\" sizes=\"(max-width: 1024px) 100vw, 1024px\" srcset=\"https:\/\/prensa.cba.gov.ar\/wp-content\/uploads\/2024\/10\/IMG-20240929-WA0000-1024x682.jpg 1024w, https:\/\/prensa.cba.gov.ar\/wp-content\/uploads\/2024\/10\/IMG-20240929-WA0000-300x200.jpg 300w, https:\/\/prensa.cba.gov.ar\/wp-content\/uploads\/2024\/10\/IMG-20240929-WA0000-768x512.jpg 768w, https:\/\/prensa.cba.gov.ar\/wp-content\/uploads\/2024\/10\/IMG-20240929-WA0000.jpg 1280w\" alt=\"\" width=\"1024\" height=\"682\" \/><\/figure>\n<p class=\" eplus-wrapper\">En representaci\u00f3n de la Agencia C\u00f3rdoba Deportes, el vocal de directorio Gabriel Raies enfatiz\u00f3 la relevancia de este evento para C\u00f3rdoba:\u00a0<em>\u201cPara nosotros, el turismo y el deporte est\u00e1n \u00edntimamente relacionados. Cada evento es un asunto de estado y estamos comprometidos en atraer m\u00e1s competencias. Adem\u00e1s, con el nuevo circuito, los asistentes podr\u00e1n disfrutar de una experiencia en 360 grados. La provincia siempre est\u00e1 lista para estos grandes eventos. Esto ser\u00e1 una verdadera fiesta\u201d.<\/em><\/p>\n<p class=\" eplus-wrapper\">Por su parte, el presidente de la Agencia C\u00f3rdoba Turismo, Dar\u00edo Capitani, destac\u00f3 la realizaci\u00f3n de este evento de proyecci\u00f3n internacional, que promete una gran convocatoria de aficionados y competidores de todo el mundo.<\/p>\n<p class=\" eplus-wrapper\">Esto se traduce en un importante impulso para la econom\u00eda local, que va desde la generaci\u00f3n de puestos de trabajo, el desarrollo de proveedores y la movilizaci\u00f3n de la industria gastron\u00f3mica, comercial y hotelera.<\/p>\n<p class=\" eplus-wrapper\">Cristian Martin, CEO Infinito \u2013 Socio, complet\u00f3 el panel durante la presentaci\u00f3n de la competencia.<\/p>\n<p class=\" eplus-wrapper\">El p\u00fablico podr\u00e1 descubrir detalles y sorpresas sobre la pr\u00f3xima edici\u00f3n de la competencia en la Feria Internacional de Turismo de Am\u00e9rica Latina (FIT), que se llevar\u00e1 a cabo este fin de semana en la Ciudad Aut\u00f3noma de Buenos Aires.<\/p>\n<p class=\" eplus-wrapper\"><strong>Infinito Race Track, el nuevo escenario del MXGP Argentina<\/strong><\/p>\n<p class=\" eplus-wrapper\">Como en las ocho ediciones anteriores del MXGP en Argentina, Lucas De La Fuente ser\u00e1 el encargado de dise\u00f1ar el nuevo circuito, Infinito Race Track.<\/p>\n<p class=\" eplus-wrapper\">El argentino es reconocido por haber dise\u00f1ado el galardonado circuito de Villa La Angostura, considerado en reiteradas oportunidades como el mejor dentro del calendario del mundial. Con su experiencia seguramente mantendr\u00e1 los altos est\u00e1ndares.<\/p>\n<p class=\" eplus-wrapper\">\n<figure class=\" wp-block-image size-large eplus-wrapper\"><img decoding=\"async\" class=\"wp-image-604918\" src=\"https:\/\/prensa.cba.gov.ar\/wp-content\/uploads\/2024\/10\/IMG-20240929-WA0001-1024x684.jpg\" sizes=\"(max-width: 1024px) 100vw, 1024px\" srcset=\"https:\/\/prensa.cba.gov.ar\/wp-content\/uploads\/2024\/10\/IMG-20240929-WA0001-1024x684.jpg 1024w, https:\/\/prensa.cba.gov.ar\/wp-content\/uploads\/2024\/10\/IMG-20240929-WA0001-300x200.jpg 300w, https:\/\/prensa.cba.gov.ar\/wp-content\/uploads\/2024\/10\/IMG-20240929-WA0001-768x513.jpg 768w, https:\/\/prensa.cba.gov.ar\/wp-content\/uploads\/2024\/10\/IMG-20240929-WA0001.jpg 1280w\" alt=\"\" width=\"1024\" height=\"684\" \/><\/figure>\n<p class=\" eplus-wrapper\">El flamante trazado de 1.600 metros de extensi\u00f3n estar\u00e1 ubicado en la capital cordobesa dentro de Infinito Open. Este moderno y novedoso \u00edcono cordob\u00e9s se trata de un original polo tur\u00edstico, comercial y de entretenimiento de nivel internacional.<\/p>\n<p class=\" eplus-wrapper\"><strong>En octubre comienza la venta de entradas<\/strong><\/p>\n<p class=\" eplus-wrapper\">La venta de entradas para la pr\u00f3xima edici\u00f3n del Mundial de Motocross comenzar\u00e1 en octubre. Los fan\u00e1ticos de este deporte podr\u00e1n asegurar su lugar para uno de los eventos internacionales m\u00e1s importantes que visitar\u00e1n el pa\u00eds en 2025, adquiriendo sus boletos a trav\u00e9s de la plataforma Paseshow (<a href=\"http:\/\/paseshow.com.ar\/\">www.paseshow.com.ar<\/a>)<\/p>\n<p class=\" eplus-wrapper\">Esta nueva edici\u00f3n del MXGP contar\u00e1 -una vez m\u00e1s- con la participaci\u00f3n de la \u00e9lite mundial con la presencia de 80 pilotos, en dos categor\u00edas (MXGP y MX2). Como ya es habitual, habr\u00e1 disponibles entradas generales y VIP, permiti\u00e9ndole al p\u00fablico disfrutar de este mega evento mundial en un fin de semana a puro motocross.<\/p>\n<p><iframe title=\"El MXGP llega a C\u00f3rdoba en el 2025\" src=\"https:\/\/www.youtube.com\/embed\/gZ22OZEKpuc\" width=\"908\" height=\"511\" frameborder=\"0\" allowfullscreen=\"allowfullscreen\" data-mce-fragment=\"1\"><\/iframe><\/p>\n","protected":false},"excerpt":{"rendered":"<p>La carrera se celebrar\u00e1 el 1 y 2 de marzo 2025 en ciudad de C\u00f3rdoba. En octubre comienza la venta de entradas. A partir del pr\u00f3ximo a\u00f1o, C\u00f3rdoba ser\u00e1 sede del Campeonato Mundial de Motocross (MXGP), que se disputar\u00e1 el 1 y 2 de marzo del 2025 en Infinito Race Track, en la capital provincial. &hellip;<\/p>\n","protected":false},"author":1,"featured_media":6790,"comment_status":"open","ping_status":"open","sticky":false,"template":"","format":"standard","meta":{"footnotes":""},"categories":[47],"tags":[],"class_list":["post-6786","post","type-post","status-publish","format-standard","has-post-thumbnail","hentry","category-deportes"],"_links":{"self":[{"href":"https:\/\/radiobeat97.com.ar\/beat\/wp-json\/wp\/v2\/posts\/6786","targetHints":{"allow":["GET"]}}],"collection":[{"href":"https:\/\/radiobeat97.com.ar\/beat\/wp-json\/wp\/v2\/posts"}],"about":[{"href":"https:\/\/radiobeat97.com.ar\/beat\/wp-json\/wp\/v2\/types\/post"}],"author":[{"embeddable":true,"href":"https:\/\/radiobeat97.com.ar\/beat\/wp-json\/wp\/v2\/users\/1"}],"replies":[{"embeddable":true,"href":"https:\/\/radiobeat97.com.ar\/beat\/wp-json\/wp\/v2\/comments?post=6786"}],"version-history":[{"count":1,"href":"https:\/\/radiobeat97.com.ar\/beat\/wp-json\/wp\/v2\/posts\/6786\/revisions"}],"predecessor-version":[{"id":6791,"href":"https:\/\/radiobeat97.com.ar\/beat\/wp-json\/wp\/v2\/posts\/6786\/revisions\/6791"}],"wp:featuredmedia":[{"embeddable":true,"href":"https:\/\/radiobeat97.com.ar\/beat\/wp-json\/wp\/v2\/media\/6790"}],"wp:attachment":[{"href":"https:\/\/radiobeat97.com.ar\/beat\/wp-json\/wp\/v2\/media?parent=6786"}],"wp:term":[{"taxonomy":"category","embeddable":true,"href":"https:\/\/radiobeat97.com.ar\/beat\/wp-json\/wp\/v2\/categories?post=6786"},{"taxonomy":"post_tag","embeddable":true,"href":"https:\/\/radiobeat97.com.ar\/beat\/wp-json\/wp\/v2\/tags?post=6786"}],"curies":[{"name":"wp","href":"https:\/\/api.w.org\/{rel}","templated":true}]}}