{"id":6812,"date":"2024-10-14T12:11:06","date_gmt":"2024-10-14T12:11:06","guid":{"rendered":"https:\/\/radiobeat97.com.ar\/beat\/?p=6812"},"modified":"2024-10-14T12:11:06","modified_gmt":"2024-10-14T12:11:06","slug":"las-tc-pick-up-llegan-al-cabalen","status":"publish","type":"post","link":"https:\/\/radiobeat97.com.ar\/beat\/las-tc-pick-up-llegan-al-cabalen\/","title":{"rendered":"Las TC Pick Up llegan al Cabal\u00e9n"},"content":{"rendered":"<ul class=\" eplus-wrapper eplus-styles-uid-23d7ff\">\n<li class=\" eplus-wrapper\"><strong>El evento ser\u00e1 el pr\u00f3ximo 2 y 3 de noviembre, el circuito recibir\u00e1 a la moderna competencia.<\/strong><\/li>\n<li class=\" eplus-wrapper\"><strong>Esta carrera est\u00e1 dentro del acuerdo al plan de trabajo que cuenta con el apoyo del Gobierno de la Provincia de C\u00f3rdoba.<\/strong><\/li>\n<\/ul>\n<p class=\" eplus-wrapper\">El Aut\u00f3dromo Oscar Cabal\u00e9n se prepara para recibir, por primera vez, a las TC Pick Up el pr\u00f3ximo 2 y 3 de noviembre. La competencia, organizada por la Asociaci\u00f3n Corredores de Turismo Carretera (ACTC) y que cuenta con el apoyo del Gobierno de la Provincia de C\u00f3rdoba, a trav\u00e9s de la Agencia C\u00f3rdoba Deportes, traer\u00e1 a C\u00f3rdoba una de las categor\u00edas m\u00e1s pujantes y populares del automovilismo nacional.<\/p>\n<p class=\" eplus-wrapper\">Esta carrera marca un hito en el automovilismo provincial, y forma parte de un plan de trabajo conjunto entre el Gobierno de la Provincia, la ACTC, y el aut\u00f3dromo Oscar Cabal\u00e9n para posicionar, una vez m\u00e1s, a C\u00f3rdoba como sede de grandes eventos del deporte motor.<\/p>\n<p class=\" eplus-wrapper\">De esta manera, por decisi\u00f3n del Gobernador Mart\u00edn Llaryora, se recupera un escenario hist\u00f3rico, que est\u00e1 siendo remozado de acuerdo a un plan de trabajo auspicioso que en esta primera etapa recibir\u00e1 a una de las categor\u00edas m\u00e1s pr\u00f3speras de la asociaci\u00f3n.<\/p>\n<figure class=\" wp-block-gallery has-nested-images columns-default is-cropped eplus-wrapper wp-block-gallery-1 is-layout-flex wp-block-gallery-is-layout-flex\">\n<figure class=\"wp-block-image size-large eplus-wrapper\"><img fetchpriority=\"high\" decoding=\"async\" class=\"wp-image-605765\" src=\"https:\/\/prensa.cba.gov.ar\/wp-content\/uploads\/2024\/10\/tcpkgob2.jpg\" sizes=\"(max-width: 993px) 100vw, 993px\" srcset=\"https:\/\/prensa.cba.gov.ar\/wp-content\/uploads\/2024\/10\/tcpkgob2.jpg 993w, https:\/\/prensa.cba.gov.ar\/wp-content\/uploads\/2024\/10\/tcpkgob2-300x199.jpg 300w, https:\/\/prensa.cba.gov.ar\/wp-content\/uploads\/2024\/10\/tcpkgob2-768x510.jpg 768w\" alt=\"\" width=\"993\" height=\"660\" data-id=\"605765\" \/><\/figure>\n<figure class=\"wp-block-image size-large eplus-wrapper\"><img decoding=\"async\" class=\"wp-image-605766\" src=\"https:\/\/prensa.cba.gov.ar\/wp-content\/uploads\/2024\/10\/tcpkgob1.jpg\" sizes=\"(max-width: 993px) 100vw, 993px\" srcset=\"https:\/\/prensa.cba.gov.ar\/wp-content\/uploads\/2024\/10\/tcpkgob1.jpg 993w, https:\/\/prensa.cba.gov.ar\/wp-content\/uploads\/2024\/10\/tcpkgob1-300x199.jpg 300w, https:\/\/prensa.cba.gov.ar\/wp-content\/uploads\/2024\/10\/tcpkgob1-768x510.jpg 768w\" alt=\"\" width=\"993\" height=\"660\" data-id=\"605766\" \/><\/figure>\n<\/figure>\n<p class=\" eplus-wrapper\">Antes de llegar a tierras cordobesas, la categor\u00eda tendr\u00e1 su antesala este fin de semana en el Aut\u00f3dromo de Villicum, San Juan, donde se disputar\u00e1 la 9\u00aa fecha del campeonato, y la 2da. fecha de la Copa de Oro y la Copa de Plata.<\/p>\n<p class=\" eplus-wrapper\">La \u00faltima vez que las Pick Ups de la ACTC visitaron la Provincia de C\u00f3rdoba, fue en octubre del 2022, siendo Agust\u00edn Mart\u00ednez el ganador de la competencia.<\/p>\n<p class=\" eplus-wrapper\">Las entradas anticipadas para la competencia en el Aut\u00f3dromo Oscar Cabal\u00e9n de la ciudad de Alta Gracia, ya est\u00e1n disponibles a trav\u00e9s del sitio\u00a0<a href=\"http:\/\/paseshow.com.ar\/\">paseshow.com.ar<\/a>.<\/p>\n","protected":false},"excerpt":{"rendered":"<p>El evento ser\u00e1 el pr\u00f3ximo 2 y 3 de noviembre, el circuito recibir\u00e1 a la moderna competencia. Esta carrera est\u00e1 dentro del acuerdo al plan de trabajo que cuenta con el apoyo del Gobierno de la Provincia de C\u00f3rdoba. El Aut\u00f3dromo Oscar Cabal\u00e9n se prepara para recibir, por primera vez, a las TC Pick Up &hellip;<\/p>\n","protected":false},"author":1,"featured_media":6813,"comment_status":"open","ping_status":"open","sticky":false,"template":"","format":"standard","meta":{"footnotes":""},"categories":[47],"tags":[],"class_list":["post-6812","post","type-post","status-publish","format-standard","has-post-thumbnail","hentry","category-deportes"],"_links":{"self":[{"href":"https:\/\/radiobeat97.com.ar\/beat\/wp-json\/wp\/v2\/posts\/6812","targetHints":{"allow":["GET"]}}],"collection":[{"href":"https:\/\/radiobeat97.com.ar\/beat\/wp-json\/wp\/v2\/posts"}],"about":[{"href":"https:\/\/radiobeat97.com.ar\/beat\/wp-json\/wp\/v2\/types\/post"}],"author":[{"embeddable":true,"href":"https:\/\/radiobeat97.com.ar\/beat\/wp-json\/wp\/v2\/users\/1"}],"replies":[{"embeddable":true,"href":"https:\/\/radiobeat97.com.ar\/beat\/wp-json\/wp\/v2\/comments?post=6812"}],"version-history":[{"count":1,"href":"https:\/\/radiobeat97.com.ar\/beat\/wp-json\/wp\/v2\/posts\/6812\/revisions"}],"predecessor-version":[{"id":6814,"href":"https:\/\/radiobeat97.com.ar\/beat\/wp-json\/wp\/v2\/posts\/6812\/revisions\/6814"}],"wp:featuredmedia":[{"embeddable":true,"href":"https:\/\/radiobeat97.com.ar\/beat\/wp-json\/wp\/v2\/media\/6813"}],"wp:attachment":[{"href":"https:\/\/radiobeat97.com.ar\/beat\/wp-json\/wp\/v2\/media?parent=6812"}],"wp:term":[{"taxonomy":"category","embeddable":true,"href":"https:\/\/radiobeat97.com.ar\/beat\/wp-json\/wp\/v2\/categories?post=6812"},{"taxonomy":"post_tag","embeddable":true,"href":"https:\/\/radiobeat97.com.ar\/beat\/wp-json\/wp\/v2\/tags?post=6812"}],"curies":[{"name":"wp","href":"https:\/\/api.w.org\/{rel}","templated":true}]}}