{"id":6826,"date":"2024-10-16T11:53:38","date_gmt":"2024-10-16T11:53:38","guid":{"rendered":"https:\/\/radiobeat97.com.ar\/beat\/?p=6826"},"modified":"2024-10-16T11:53:38","modified_gmt":"2024-10-16T11:53:38","slug":"the-cure-lanza-un-nuevo-adelanto-de-su-proximo-disco","status":"publish","type":"post","link":"https:\/\/radiobeat97.com.ar\/beat\/the-cure-lanza-un-nuevo-adelanto-de-su-proximo-disco\/","title":{"rendered":"The Cure lanza un nuevo adelanto de su pr\u00f3ximo disco"},"content":{"rendered":"<article class=\"col-lg-12 notinoti v2c\">\u00abA fragile thing\u201d es el segundo track del nuevo \u00e1lbum de <b>The Cure<\/b>, \u201cSongs of a lost world\u201d que se lanzar\u00e1 el 1ro de Noviembre. El \u00e1lbum, decimocuarto de estudio, es el primero en 16 a\u00f1os.<\/p>\n<p>Las canciones del disco fueron estrenadas durante la gira de la banda de 90 fechas y 33 pa\u00edses \u201cShows Of A Lost World\u201d, para m\u00e1s de 1,3 millones de personas y con gran \u00e9xito de cr\u00edtica y de fans.<\/p>\n<p>El single ya esta disponible para escuchar y la banda revelo hoy el resto de los nombres de las canciones del \u00e1lbum.<\/p>\n<p>\u00ab<i>A fragile thing\u201d est\u00e1 impulsado por las dificultades que enfrentamos al elegir entre necesidades mutuamente excluyentes y c\u00f3mo lidiamos con el arrepentimiento in\u00fatil que puede seguir a estas elecciones, por m\u00e1s seguros que estemos de que se han tomado las decisiones correctas&#8230; a menudo puede ser muy dif\u00edcil ser la persona que realmente necesitas ser<\/i>\u201d, expres\u00f3 Robert Smith.<\/p>\n<p>\u201cSongs of a lost world\u201d fue escrito y arreglado por Robert Smith, producido y mezclado por Robert Smith &amp; Paul Corkett y realizado por The Cure &#8211; Robert Smith: voces \/ guitarra \/ bajo de 6 cuerdas \/ teclado, Simon Gallup: bajo, Jason Cooper: bater\u00eda \/ percusi\u00f3n, Roger O\u201dDonnell: teclados, Reeves Gabrels: guitarra.<\/p>\n<p>El \u00e1lbum fue grabado en Rockfield Studios en Gales.<\/p>\n<p>Robert Smith cre\u00f3 el concepto de la portada, y Andy Vella, colaborador de Cure desde hace mucho tiempo, se encarg\u00f3 del arte y del dise\u00f1o del \u00e1lbum. La portada muestra \u00abBagatelle\u00bb, una escultura de 1975 de Janez Pirnat.<\/p>\n<p>Este material se lanzar\u00e1 como un 1LP, un master de 2 LP a media velocidad de Abbey Road de Miles Showell, un LP de color m\u00e1rmol, un casete doble, un CD, un paquete de CD de lujo con un Blu-ray con una versi\u00f3n instrumental del disco y una mezcla Dolby Atmos del \u00e1lbum, y formatos digitales.<\/p>\n<p>&nbsp;<\/p>\n<\/article>\n<div class=\"video\">\n<div class=\"col-md-12\">\n<div class=\"instagram\"><iframe id=\"instagram-embed-0\" class=\"instagram-media instagram-media-rendered\" src=\"https:\/\/www.instagram.com\/reel\/DA6iTGcokhd\/embed\/?cr=1&amp;v=14&amp;wp=810&amp;rd=https%3A%2F%2Fwww.cmtv.com.ar&amp;rp=%2Fnoticias%2Fnoticia_completa.php%3Fbnid%3D1657%26nid%3D33358%26artista%3DCMTV.com.ar%26titulo%3DThe_Cure_lanza_un_nuevo_adelanto_de_su_proximo_disco_#%7B%22ci%22%3A0%2C%22os%22%3A603.7000000476837%2C%22ls%22%3A176.60000002384186%2C%22le%22%3A596.3999999761581%7D\" height=\"882\" frameborder=\"0\" scrolling=\"no\" allowfullscreen=\"allowfullscreen\" data-instgrm-payload-id=\"instagram-media-payload-0\" data-mce-fragment=\"1\"><\/iframe><\/div>\n<\/div>\n<\/div>\n<p>&nbsp;<\/p>\n<p>Inicialmente formada en 1978, The Cure ha vendido mas de 30 millones de \u00e1lbumes en todo el mundo, han encabezado el festival de Glastonbury cuatro veces y han sido incluidos en el Rock And Roll Hall of Fame en 2019.<\/p>\n<p>Son considerados una de las bandas m\u00e1s influyentes que han surgido del Reino Unido.<\/p>\n<p>Como cierre les compartimos el video de \u00abA fragile thing\u00bb:<\/p>\n<p>&nbsp;<\/p>\n<div class=\"video\">\n<div class=\"artista1 artista\">\n<div class=\"col-md-12 bio\">\n<div class=\"video-youtube\"><iframe class=\"iframeyoutube\" style=\"box-sizing: border-box; border: 9px solid #202020; color: #191919; font-family: roboto_regular, sans-serif; font-size: 14px; font-style: normal; font-variant-ligatures: normal; font-variant-caps: normal; font-weight: 400; letter-spacing: normal; orphans: 2; text-align: start; text-indent: 0px; text-transform: none; widows: 2; word-spacing: 0px; -webkit-text-stroke-width: 0px; white-space: normal; background-color: #ffffff; text-decoration-thickness: initial; text-decoration-style: initial; text-decoration-color: initial; width: -webkit-fill-available;\" title=\"\" src=\"https:\/\/www.youtube.com\/embed\/V7sZlKuh8gA\" height=\"560\" frameborder=\"0\" allowfullscreen=\"allowfullscreen\" data-mce-fragment=\"1\"><\/iframe><\/p>\n<div class=\"suscribirse hidden-xs\"><\/div>\n<\/div>\n<div><\/div>\n<\/div>\n<\/div>\n<\/div>\n","protected":false},"excerpt":{"rendered":"<p>\u00abA fragile thing\u201d es el segundo track del nuevo \u00e1lbum de The Cure, \u201cSongs of a lost world\u201d que se lanzar\u00e1 el 1ro de Noviembre. El \u00e1lbum, decimocuarto de estudio, es el primero en 16 a\u00f1os. Las canciones del disco fueron estrenadas durante la gira de la banda de 90 fechas y 33 pa\u00edses \u201cShows &hellip;<\/p>\n","protected":false},"author":1,"featured_media":6827,"comment_status":"open","ping_status":"open","sticky":false,"template":"","format":"standard","meta":{"footnotes":""},"categories":[46],"tags":[],"class_list":["post-6826","post","type-post","status-publish","format-standard","has-post-thumbnail","hentry","category-musica"],"_links":{"self":[{"href":"https:\/\/radiobeat97.com.ar\/beat\/wp-json\/wp\/v2\/posts\/6826","targetHints":{"allow":["GET"]}}],"collection":[{"href":"https:\/\/radiobeat97.com.ar\/beat\/wp-json\/wp\/v2\/posts"}],"about":[{"href":"https:\/\/radiobeat97.com.ar\/beat\/wp-json\/wp\/v2\/types\/post"}],"author":[{"embeddable":true,"href":"https:\/\/radiobeat97.com.ar\/beat\/wp-json\/wp\/v2\/users\/1"}],"replies":[{"embeddable":true,"href":"https:\/\/radiobeat97.com.ar\/beat\/wp-json\/wp\/v2\/comments?post=6826"}],"version-history":[{"count":1,"href":"https:\/\/radiobeat97.com.ar\/beat\/wp-json\/wp\/v2\/posts\/6826\/revisions"}],"predecessor-version":[{"id":6828,"href":"https:\/\/radiobeat97.com.ar\/beat\/wp-json\/wp\/v2\/posts\/6826\/revisions\/6828"}],"wp:featuredmedia":[{"embeddable":true,"href":"https:\/\/radiobeat97.com.ar\/beat\/wp-json\/wp\/v2\/media\/6827"}],"wp:attachment":[{"href":"https:\/\/radiobeat97.com.ar\/beat\/wp-json\/wp\/v2\/media?parent=6826"}],"wp:term":[{"taxonomy":"category","embeddable":true,"href":"https:\/\/radiobeat97.com.ar\/beat\/wp-json\/wp\/v2\/categories?post=6826"},{"taxonomy":"post_tag","embeddable":true,"href":"https:\/\/radiobeat97.com.ar\/beat\/wp-json\/wp\/v2\/tags?post=6826"}],"curies":[{"name":"wp","href":"https:\/\/api.w.org\/{rel}","templated":true}]}}