{"id":6844,"date":"2024-10-22T13:27:05","date_gmt":"2024-10-22T13:27:05","guid":{"rendered":"https:\/\/radiobeat97.com.ar\/beat\/?p=6844"},"modified":"2024-10-22T13:27:05","modified_gmt":"2024-10-22T13:27:05","slug":"cordoba-medira-el-impacto-de-los-congresos-espectaculos-y-eventos-deportivos","status":"publish","type":"post","link":"https:\/\/radiobeat97.com.ar\/beat\/cordoba-medira-el-impacto-de-los-congresos-espectaculos-y-eventos-deportivos\/","title":{"rendered":"C\u00f3rdoba medir\u00e1 el impacto de los congresos, espect\u00e1culos y eventos deportivos"},"content":{"rendered":"<article id=\"post-606607\" class=\"post-606607 post type-post status-publish format-standard has-post-thumbnail hentry category-informacion-general category-no-home ast-article-single\">\n<div class=\"ast-post-format- single-layout-1\">\n<div class=\"entry-content clear\">\n<ul class=\" eplus-wrapper eplus-styles-uid-32473d\">\n<li class=\" eplus-wrapper\"><strong>La Agencia C\u00f3rdoba Turismo y la Universidad Empresarial Siglo 21 firmaron un convenio para relevar y medir el impacto econ\u00f3mico, social y ambiental.<\/strong><\/li>\n<li class=\" eplus-wrapper\"><strong>La medici\u00f3n de impacto inicia ma\u00f1ana mi\u00e9rcoles 23, en el marco del espect\u00e1culo de Paul McCartney en el estadio Kempes.<\/strong><\/li>\n<\/ul>\n<p class=\" eplus-wrapper\">La Agencia C\u00f3rdoba Turismo y la Universidad Empresarial Siglo 21 firmaron un convenio para relevar y medir el impacto econ\u00f3mico, social y ambiental (entre otros factores) de los congresos y ferias, espect\u00e1culos art\u00edsticos y eventos deportivos en la provincia de C\u00f3rdoba, en alianza con el cl\u00faster que nuclea a la industria en C\u00f3rdoba.<\/p>\n<p class=\" eplus-wrapper\">La reuni\u00f3n fue presidida por el presidente de la Agencia C\u00f3rdoba Turismo, Dar\u00edo Capitani, junto a Leonardo Medrano, secretario general de Academia y Desarrollo de la UES Siglo21 y Gast\u00f3n Utrera, Director del Instituto de Econom\u00eda Pol\u00edtica de la universidad.<\/p>\n<p class=\" eplus-wrapper\">El proceso contempla, en primera instancia, la medici\u00f3n de siete eventos concretos: dos congresos y ferias, dos espect\u00e1culos art\u00edsticos, dos eventos deportivos y posiblemente un festival.<\/p>\n<p class=\" eplus-wrapper\">La medici\u00f3n de impacto inicia este mi\u00e9rcoles 23, en el marco del espect\u00e1culo de Paul McCartney en el estadio Kempes.<\/p>\n<p class=\" eplus-wrapper\">Luego de esta primera instancia, se evaluar\u00e1 el proceso, con vistas a iniciar la medici\u00f3n sostenida en 2025 de los sectores mencionados.<\/p>\n<p class=\" eplus-wrapper\">Dario Capitani resalt\u00f3 que\u00a0<em>\u201ces una pol\u00edtica de Estado el apoyo a estos sectores que son tan potentes, representativos y dinamizadores de la econom\u00eda de la provincia. El proceso de medici\u00f3n pretende reflejar fielmente el impacto que los eventos de estos rubros tienen en la econom\u00eda regional\u201d.<\/em><\/p>\n<p class=\" eplus-wrapper\">A su turno, Gast\u00f3n Utrera destac\u00f3 que \u201c<em>este es un proceso productivo, no una investigaci\u00f3n cerrada, por lo que la iremos perfeccionando entre los tres sectores, acad\u00e9mico, p\u00fablico y privado\u201d.<\/em><\/p>\n<p class=\" eplus-wrapper\">En el acto de presentaci\u00f3n participaron los principales referentes del sector privado nucleados en el C\u00f3rdoba Cl\u00faster Congresos y Espect\u00e1culos y el C\u00f3rdoba Convention &amp; Visitors Bureau: Daniel Quinteros (Cluster Manager), Mart\u00edn Colazo (Vicepresidente Bureau), Juan Manuel Rodr\u00edguez (En Vivo Producciones y Atenas Estadio), Dami\u00e1n Ju\u00e1rez (Club Belgrano), Gast\u00f3n Defagot (Club Instituto), Carli Jimenez (Universo Jimenez), Mar\u00eda P\u00eda Arrigoni (Universo Jimenez), Daniel Gomez Coronado (Capitalinas) y Francisco Qui\u00f1onero (BS Group). Jose Palazzo (Presidente C\u00f3rdoba Cluster), Federico Ricotini (Presidente C\u00f3rdoba Bureau) y Miguel Cavatorta (Talleres) acompa\u00f1aron activamente todo el proceso.<\/p>\n<p class=\" eplus-wrapper\">La visi\u00f3n es articular los esfuerzos del sector p\u00fablico y privado para posicionar a C\u00f3rdoba como referente del desarrollo productivo y cultural.<\/p>\n<\/div>\n<\/div>\n<\/article>\n","protected":false},"excerpt":{"rendered":"<p>La Agencia C\u00f3rdoba Turismo y la Universidad Empresarial Siglo 21 firmaron un convenio para relevar y medir el impacto econ\u00f3mico, social y ambiental. La medici\u00f3n de impacto inicia ma\u00f1ana mi\u00e9rcoles 23, en el marco del espect\u00e1culo de Paul McCartney en el estadio Kempes. La Agencia C\u00f3rdoba Turismo y la Universidad Empresarial Siglo 21 firmaron un &hellip;<\/p>\n","protected":false},"author":1,"featured_media":6845,"comment_status":"open","ping_status":"open","sticky":false,"template":"","format":"standard","meta":{"footnotes":""},"categories":[47],"tags":[],"class_list":["post-6844","post","type-post","status-publish","format-standard","has-post-thumbnail","hentry","category-deportes"],"_links":{"self":[{"href":"https:\/\/radiobeat97.com.ar\/beat\/wp-json\/wp\/v2\/posts\/6844","targetHints":{"allow":["GET"]}}],"collection":[{"href":"https:\/\/radiobeat97.com.ar\/beat\/wp-json\/wp\/v2\/posts"}],"about":[{"href":"https:\/\/radiobeat97.com.ar\/beat\/wp-json\/wp\/v2\/types\/post"}],"author":[{"embeddable":true,"href":"https:\/\/radiobeat97.com.ar\/beat\/wp-json\/wp\/v2\/users\/1"}],"replies":[{"embeddable":true,"href":"https:\/\/radiobeat97.com.ar\/beat\/wp-json\/wp\/v2\/comments?post=6844"}],"version-history":[{"count":1,"href":"https:\/\/radiobeat97.com.ar\/beat\/wp-json\/wp\/v2\/posts\/6844\/revisions"}],"predecessor-version":[{"id":6846,"href":"https:\/\/radiobeat97.com.ar\/beat\/wp-json\/wp\/v2\/posts\/6844\/revisions\/6846"}],"wp:featuredmedia":[{"embeddable":true,"href":"https:\/\/radiobeat97.com.ar\/beat\/wp-json\/wp\/v2\/media\/6845"}],"wp:attachment":[{"href":"https:\/\/radiobeat97.com.ar\/beat\/wp-json\/wp\/v2\/media?parent=6844"}],"wp:term":[{"taxonomy":"category","embeddable":true,"href":"https:\/\/radiobeat97.com.ar\/beat\/wp-json\/wp\/v2\/categories?post=6844"},{"taxonomy":"post_tag","embeddable":true,"href":"https:\/\/radiobeat97.com.ar\/beat\/wp-json\/wp\/v2\/tags?post=6844"}],"curies":[{"name":"wp","href":"https:\/\/api.w.org\/{rel}","templated":true}]}}