{"id":6847,"date":"2024-10-22T13:33:39","date_gmt":"2024-10-22T13:33:39","guid":{"rendered":"https:\/\/radiobeat97.com.ar\/beat\/?p=6847"},"modified":"2024-10-22T13:33:39","modified_gmt":"2024-10-22T13:33:39","slug":"estos-son-los-ganadores-en-la-primera-entrega-de-los-martin-fierro-de-cine-2024","status":"publish","type":"post","link":"https:\/\/radiobeat97.com.ar\/beat\/estos-son-los-ganadores-en-la-primera-entrega-de-los-martin-fierro-de-cine-2024\/","title":{"rendered":"Estos son los ganadores en la primera entrega de los Mart\u00edn Fierro de Cine 2024"},"content":{"rendered":"<p data-mrf-recirculation=\"Cuerpo de la nota\">Este lunes 21 de octubre se llev\u00f3 a cabo la primera entrega de los Premios Mart\u00edn Fierro del Cine en la Usina del Arte con la conducci\u00f3n de Mariana Fabbiani y Benjam\u00edn Vicu\u00f1a y con transmisi\u00f3n de Am\u00e9rica TV. La entrega logr\u00f3 gran convocatoria de actores, con m\u00e1s de 500 invitados a la ceremonia.<\/p>\n<p data-mrf-recirculation=\"Cuerpo de la nota\">En los discursos de los ganadores hicieron varias menciones a la situaci\u00f3n actual que atraviesa la cultura y el panorma desfavorable al cine nacional. La pel\u00edcula m\u00e1s premiada fue \u201cPuan\u201d, que cuenta la historia de un profesor de la universidad de filosof\u00eda. El largometraje obtuvo siete galardones, entre ellos el de \u201cMejor Pel\u00edcula\u201d. El Mart\u00edn Fierro de Oro fue para Guillermo Francella, quien tambi\u00e9n gan\u00f3 el premio a mejor actor de serie por El encargado.<\/p>\n<p data-mrf-recirculation=\"Cuerpo de la nota\">\n<div class=\"twitter-tweet twitter-tweet-rendered\"><iframe id=\"twitter-widget-0\" class=\"\" title=\"X Post\" src=\"https:\/\/platform.twitter.com\/embed\/Tweet.html?dnt=false&amp;embedId=twitter-widget-0&amp;features=eyJ0ZndfdGltZWxpbmVfbGlzdCI6eyJidWNrZXQiOltdLCJ2ZXJzaW9uIjpudWxsfSwidGZ3X2ZvbGxvd2VyX2NvdW50X3N1bnNldCI6eyJidWNrZXQiOnRydWUsInZlcnNpb24iOm51bGx9LCJ0ZndfdHdlZXRfZWRpdF9iYWNrZW5kIjp7ImJ1Y2tldCI6Im9uIiwidmVyc2lvbiI6bnVsbH0sInRmd19yZWZzcmNfc2Vzc2lvbiI6eyJidWNrZXQiOiJvbiIsInZlcnNpb24iOm51bGx9LCJ0ZndfZm9zbnJfc29mdF9pbnRlcnZlbnRpb25zX2VuYWJsZWQiOnsiYnVja2V0Ijoib24iLCJ2ZXJzaW9uIjpudWxsfSwidGZ3X21peGVkX21lZGlhXzE1ODk3Ijp7ImJ1Y2tldCI6InRyZWF0bWVudCIsInZlcnNpb24iOm51bGx9LCJ0ZndfZXhwZXJpbWVudHNfY29va2llX2V4cGlyYXRpb24iOnsiYnVja2V0IjoxMjA5NjAwLCJ2ZXJzaW9uIjpudWxsfSwidGZ3X3Nob3dfYmlyZHdhdGNoX3Bpdm90c19lbmFibGVkIjp7ImJ1Y2tldCI6Im9uIiwidmVyc2lvbiI6bnVsbH0sInRmd19kdXBsaWNhdGVfc2NyaWJlc190b19zZXR0aW5ncyI6eyJidWNrZXQiOiJvbiIsInZlcnNpb24iOm51bGx9LCJ0ZndfdXNlX3Byb2ZpbGVfaW1hZ2Vfc2hhcGVfZW5hYmxlZCI6eyJidWNrZXQiOiJvbiIsInZlcnNpb24iOm51bGx9LCJ0ZndfdmlkZW9faGxzX2R5bmFtaWNfbWFuaWZlc3RzXzE1MDgyIjp7ImJ1Y2tldCI6InRydWVfYml0cmF0ZSIsInZlcnNpb24iOm51bGx9LCJ0ZndfbGVnYWN5X3RpbWVsaW5lX3N1bnNldCI6eyJidWNrZXQiOnRydWUsInZlcnNpb24iOm51bGx9LCJ0ZndfdHdlZXRfZWRpdF9mcm9udGVuZCI6eyJidWNrZXQiOiJvbiIsInZlcnNpb24iOm51bGx9fQ%3D%3D&amp;frame=false&amp;hideCard=false&amp;hideThread=false&amp;id=1848574737917657572&amp;lang=es&amp;origin=https%3A%2F%2Fwww.cadena3.com%2Fnoticia%2Fpasen-y-vean%2Ftodos-los-ganadores-en-la-primera-entrega-de-los-martin-fierro-de-cine-2024_399255&amp;sessionId=99ab5df2e1d050567cfceceddf85421a7c587973&amp;siteScreenName=Cadena3Com&amp;theme=light&amp;widgetsVersion=2615f7e52b7e0%3A1702314776716&amp;width=550px\" frameborder=\"0\" scrolling=\"no\" allowfullscreen=\"allowfullscreen\" data-tweet-id=\"1848574737917657572\" data-mce-fragment=\"1\"><\/iframe><\/div>\n<p data-mrf-recirculation=\"Cuerpo de la nota\">\n<h2>La lista completa de ganadores:<\/h2>\n<p data-mrf-recirculation=\"Cuerpo de la nota\"><b><u>Direcci\u00f3n de Arte<\/u><\/b><\/p>\n<p data-mrf-recirculation=\"Cuerpo de la nota\">Julieta Dolinsky &#8211; Puan<\/p>\n<p data-mrf-recirculation=\"Cuerpo de la nota\">Sebasti\u00e1n Orgambide &#8211; El Rapto<\/p>\n<p data-mrf-recirculation=\"Cuerpo de la nota\"><b>Laura Aguerrebehere &#8211; Cuando Acecha la Maldad\u00a0<\/b><\/p>\n<p data-mrf-recirculation=\"Cuerpo de la nota\">Graciela Fraguglia &#8211; Goyo<\/p>\n<p data-mrf-recirculation=\"Cuerpo de la nota\"><u><b>Dise\u00f1o de Vestuario<\/b><\/u><\/p>\n<p data-mrf-recirculation=\"Cuerpo de la nota\">Mariana Seropian &#8211; Puan<\/p>\n<p data-mrf-recirculation=\"Cuerpo de la nota\"><b>Pheon\u00eda Veloz &#8211; El Rapto y Cuando Acecha la Maldad<\/b><\/p>\n<p data-mrf-recirculation=\"Cuerpo de la nota\">Mercedes Gallego &#8211; Goyo<\/p>\n<p data-mrf-recirculation=\"Cuerpo de la nota\">\n<div class=\"twitter-tweet twitter-tweet-rendered\"><iframe id=\"twitter-widget-1\" class=\"\" title=\"X Post\" src=\"https:\/\/platform.twitter.com\/embed\/Tweet.html?dnt=false&amp;embedId=twitter-widget-1&amp;features=eyJ0ZndfdGltZWxpbmVfbGlzdCI6eyJidWNrZXQiOltdLCJ2ZXJzaW9uIjpudWxsfSwidGZ3X2ZvbGxvd2VyX2NvdW50X3N1bnNldCI6eyJidWNrZXQiOnRydWUsInZlcnNpb24iOm51bGx9LCJ0ZndfdHdlZXRfZWRpdF9iYWNrZW5kIjp7ImJ1Y2tldCI6Im9uIiwidmVyc2lvbiI6bnVsbH0sInRmd19yZWZzcmNfc2Vzc2lvbiI6eyJidWNrZXQiOiJvbiIsInZlcnNpb24iOm51bGx9LCJ0ZndfZm9zbnJfc29mdF9pbnRlcnZlbnRpb25zX2VuYWJsZWQiOnsiYnVja2V0Ijoib24iLCJ2ZXJzaW9uIjpudWxsfSwidGZ3X21peGVkX21lZGlhXzE1ODk3Ijp7ImJ1Y2tldCI6InRyZWF0bWVudCIsInZlcnNpb24iOm51bGx9LCJ0ZndfZXhwZXJpbWVudHNfY29va2llX2V4cGlyYXRpb24iOnsiYnVja2V0IjoxMjA5NjAwLCJ2ZXJzaW9uIjpudWxsfSwidGZ3X3Nob3dfYmlyZHdhdGNoX3Bpdm90c19lbmFibGVkIjp7ImJ1Y2tldCI6Im9uIiwidmVyc2lvbiI6bnVsbH0sInRmd19kdXBsaWNhdGVfc2NyaWJlc190b19zZXR0aW5ncyI6eyJidWNrZXQiOiJvbiIsInZlcnNpb24iOm51bGx9LCJ0ZndfdXNlX3Byb2ZpbGVfaW1hZ2Vfc2hhcGVfZW5hYmxlZCI6eyJidWNrZXQiOiJvbiIsInZlcnNpb24iOm51bGx9LCJ0ZndfdmlkZW9faGxzX2R5bmFtaWNfbWFuaWZlc3RzXzE1MDgyIjp7ImJ1Y2tldCI6InRydWVfYml0cmF0ZSIsInZlcnNpb24iOm51bGx9LCJ0ZndfbGVnYWN5X3RpbWVsaW5lX3N1bnNldCI6eyJidWNrZXQiOnRydWUsInZlcnNpb24iOm51bGx9LCJ0ZndfdHdlZXRfZWRpdF9mcm9udGVuZCI6eyJidWNrZXQiOiJvbiIsInZlcnNpb24iOm51bGx9fQ%3D%3D&amp;frame=false&amp;hideCard=false&amp;hideThread=false&amp;id=1848570958589710440&amp;lang=es&amp;origin=https%3A%2F%2Fwww.cadena3.com%2Fnoticia%2Fpasen-y-vean%2Ftodos-los-ganadores-en-la-primera-entrega-de-los-martin-fierro-de-cine-2024_399255&amp;sessionId=99ab5df2e1d050567cfceceddf85421a7c587973&amp;siteScreenName=Cadena3Com&amp;theme=light&amp;widgetsVersion=2615f7e52b7e0%3A1702314776716&amp;width=550px\" frameborder=\"0\" scrolling=\"no\" allowfullscreen=\"allowfullscreen\" data-tweet-id=\"1848570958589710440\" data-mce-fragment=\"1\"><\/iframe><\/div>\n<p data-mrf-recirculation=\"Cuerpo de la nota\">\n<p data-mrf-recirculation=\"Cuerpo de la nota\"><b><u>Sonido<\/u><\/b><\/p>\n<p data-mrf-recirculation=\"Cuerpo de la nota\">Roberto Espinosa &#8211; Los Delincuentes<\/p>\n<p data-mrf-recirculation=\"Cuerpo de la nota\">Fernando Ribero &#8211; Puan<\/p>\n<p data-mrf-recirculation=\"Cuerpo de la nota\">Leandro De Loredo &#8211; El Rapto<\/p>\n<p data-mrf-recirculation=\"Cuerpo de la nota\"><b>Pablo Isola &#8211; Cuando Acecha la Maldad<\/b><\/p>\n<p data-mrf-recirculation=\"Cuerpo de la nota\"><u><b>\u00d3pera Prima<\/b><\/u><\/p>\n<p data-mrf-recirculation=\"Cuerpo de la nota\">Adentro M\u00edo Estoy Bailando \u2013 Direcci\u00f3n: Leandro Koch y Paloma Schachmann<\/p>\n<p data-mrf-recirculation=\"Cuerpo de la nota\">Ven a mi Casa Esta Navidad \u2013 Direcci\u00f3n: Sabrina Campos<\/p>\n<p data-mrf-recirculation=\"Cuerpo de la nota\">Alemania \u2013 Direcci\u00f3n: Mar\u00eda Zanetti<\/p>\n<p data-mrf-recirculation=\"Cuerpo de la nota\">El Agr\u00f3nomo \u2013 Direcci\u00f3n: Mart\u00edn Turnes<\/p>\n<p data-mrf-recirculation=\"Cuerpo de la nota\"><b>Blondi \u2013 Direcci\u00f3n: Dolores Fonzi<\/b><\/p>\n<p data-mrf-recirculation=\"Cuerpo de la nota\">\n<div class=\"twitter-tweet twitter-tweet-rendered\"><iframe id=\"twitter-widget-2\" class=\"\" title=\"X Post\" src=\"https:\/\/platform.twitter.com\/embed\/Tweet.html?dnt=false&amp;embedId=twitter-widget-2&amp;features=eyJ0ZndfdGltZWxpbmVfbGlzdCI6eyJidWNrZXQiOltdLCJ2ZXJzaW9uIjpudWxsfSwidGZ3X2ZvbGxvd2VyX2NvdW50X3N1bnNldCI6eyJidWNrZXQiOnRydWUsInZlcnNpb24iOm51bGx9LCJ0ZndfdHdlZXRfZWRpdF9iYWNrZW5kIjp7ImJ1Y2tldCI6Im9uIiwidmVyc2lvbiI6bnVsbH0sInRmd19yZWZzcmNfc2Vzc2lvbiI6eyJidWNrZXQiOiJvbiIsInZlcnNpb24iOm51bGx9LCJ0ZndfZm9zbnJfc29mdF9pbnRlcnZlbnRpb25zX2VuYWJsZWQiOnsiYnVja2V0Ijoib24iLCJ2ZXJzaW9uIjpudWxsfSwidGZ3X21peGVkX21lZGlhXzE1ODk3Ijp7ImJ1Y2tldCI6InRyZWF0bWVudCIsInZlcnNpb24iOm51bGx9LCJ0ZndfZXhwZXJpbWVudHNfY29va2llX2V4cGlyYXRpb24iOnsiYnVja2V0IjoxMjA5NjAwLCJ2ZXJzaW9uIjpudWxsfSwidGZ3X3Nob3dfYmlyZHdhdGNoX3Bpdm90c19lbmFibGVkIjp7ImJ1Y2tldCI6Im9uIiwidmVyc2lvbiI6bnVsbH0sInRmd19kdXBsaWNhdGVfc2NyaWJlc190b19zZXR0aW5ncyI6eyJidWNrZXQiOiJvbiIsInZlcnNpb24iOm51bGx9LCJ0ZndfdXNlX3Byb2ZpbGVfaW1hZ2Vfc2hhcGVfZW5hYmxlZCI6eyJidWNrZXQiOiJvbiIsInZlcnNpb24iOm51bGx9LCJ0ZndfdmlkZW9faGxzX2R5bmFtaWNfbWFuaWZlc3RzXzE1MDgyIjp7ImJ1Y2tldCI6InRydWVfYml0cmF0ZSIsInZlcnNpb24iOm51bGx9LCJ0ZndfbGVnYWN5X3RpbWVsaW5lX3N1bnNldCI6eyJidWNrZXQiOnRydWUsInZlcnNpb24iOm51bGx9LCJ0ZndfdHdlZXRfZWRpdF9mcm9udGVuZCI6eyJidWNrZXQiOiJvbiIsInZlcnNpb24iOm51bGx9fQ%3D%3D&amp;frame=false&amp;hideCard=false&amp;hideThread=false&amp;id=1848569447633559919&amp;lang=es&amp;origin=https%3A%2F%2Fwww.cadena3.com%2Fnoticia%2Fpasen-y-vean%2Ftodos-los-ganadores-en-la-primera-entrega-de-los-martin-fierro-de-cine-2024_399255&amp;sessionId=99ab5df2e1d050567cfceceddf85421a7c587973&amp;siteScreenName=Cadena3Com&amp;theme=light&amp;widgetsVersion=2615f7e52b7e0%3A1702314776716&amp;width=550px\" frameborder=\"0\" scrolling=\"no\" allowfullscreen=\"allowfullscreen\" data-tweet-id=\"1848569447633559919\" data-mce-fragment=\"1\"><\/iframe><\/div>\n<p data-mrf-recirculation=\"Cuerpo de la nota\">\n<p data-mrf-recirculation=\"Cuerpo de la nota\"><b><u>Actor Protag\u00f3nico Drama<\/u><\/b><\/p>\n<p data-mrf-recirculation=\"Cuerpo de la nota\">Alfredo Castro &#8211; El Viento que Arrasa<\/p>\n<p data-mrf-recirculation=\"Cuerpo de la nota\"><b>Rodrigo de la Serna &#8211; El Rapto<\/b><\/p>\n<p data-mrf-recirculation=\"Cuerpo de la nota\">Joaqu\u00edn Furriel &#8211; Descansar en Paz<\/p>\n<p data-mrf-recirculation=\"Cuerpo de la nota\">Ezequiel Rodr\u00edguez &#8211; Cuando Acecha la Maldad<\/p>\n<p data-mrf-recirculation=\"Cuerpo de la nota\">\n<div class=\"twitter-tweet twitter-tweet-rendered\"><iframe id=\"twitter-widget-3\" class=\"\" title=\"X Post\" src=\"https:\/\/platform.twitter.com\/embed\/Tweet.html?dnt=false&amp;embedId=twitter-widget-3&amp;features=eyJ0ZndfdGltZWxpbmVfbGlzdCI6eyJidWNrZXQiOltdLCJ2ZXJzaW9uIjpudWxsfSwidGZ3X2ZvbGxvd2VyX2NvdW50X3N1bnNldCI6eyJidWNrZXQiOnRydWUsInZlcnNpb24iOm51bGx9LCJ0ZndfdHdlZXRfZWRpdF9iYWNrZW5kIjp7ImJ1Y2tldCI6Im9uIiwidmVyc2lvbiI6bnVsbH0sInRmd19yZWZzcmNfc2Vzc2lvbiI6eyJidWNrZXQiOiJvbiIsInZlcnNpb24iOm51bGx9LCJ0ZndfZm9zbnJfc29mdF9pbnRlcnZlbnRpb25zX2VuYWJsZWQiOnsiYnVja2V0Ijoib24iLCJ2ZXJzaW9uIjpudWxsfSwidGZ3X21peGVkX21lZGlhXzE1ODk3Ijp7ImJ1Y2tldCI6InRyZWF0bWVudCIsInZlcnNpb24iOm51bGx9LCJ0ZndfZXhwZXJpbWVudHNfY29va2llX2V4cGlyYXRpb24iOnsiYnVja2V0IjoxMjA5NjAwLCJ2ZXJzaW9uIjpudWxsfSwidGZ3X3Nob3dfYmlyZHdhdGNoX3Bpdm90c19lbmFibGVkIjp7ImJ1Y2tldCI6Im9uIiwidmVyc2lvbiI6bnVsbH0sInRmd19kdXBsaWNhdGVfc2NyaWJlc190b19zZXR0aW5ncyI6eyJidWNrZXQiOiJvbiIsInZlcnNpb24iOm51bGx9LCJ0ZndfdXNlX3Byb2ZpbGVfaW1hZ2Vfc2hhcGVfZW5hYmxlZCI6eyJidWNrZXQiOiJvbiIsInZlcnNpb24iOm51bGx9LCJ0ZndfdmlkZW9faGxzX2R5bmFtaWNfbWFuaWZlc3RzXzE1MDgyIjp7ImJ1Y2tldCI6InRydWVfYml0cmF0ZSIsInZlcnNpb24iOm51bGx9LCJ0ZndfbGVnYWN5X3RpbWVsaW5lX3N1bnNldCI6eyJidWNrZXQiOnRydWUsInZlcnNpb24iOm51bGx9LCJ0ZndfdHdlZXRfZWRpdF9mcm9udGVuZCI6eyJidWNrZXQiOiJvbiIsInZlcnNpb24iOm51bGx9fQ%3D%3D&amp;frame=false&amp;hideCard=false&amp;hideThread=false&amp;id=1848566356075069764&amp;lang=es&amp;origin=https%3A%2F%2Fwww.cadena3.com%2Fnoticia%2Fpasen-y-vean%2Ftodos-los-ganadores-en-la-primera-entrega-de-los-martin-fierro-de-cine-2024_399255&amp;sessionId=99ab5df2e1d050567cfceceddf85421a7c587973&amp;siteScreenName=Cadena3Com&amp;theme=light&amp;widgetsVersion=2615f7e52b7e0%3A1702314776716&amp;width=550px\" frameborder=\"0\" scrolling=\"no\" allowfullscreen=\"allowfullscreen\" data-tweet-id=\"1848566356075069764\" data-mce-fragment=\"1\"><\/iframe><\/div>\n<p data-mrf-recirculation=\"Cuerpo de la nota\">\n<p data-mrf-recirculation=\"Cuerpo de la nota\"><b><u>Documental<\/u><\/b><\/p>\n<p data-mrf-recirculation=\"Cuerpo de la nota\"><b>Traslados \u2013 Direcci\u00f3n: Nicol\u00e1s Gil Lavedra<\/b><\/p>\n<p data-mrf-recirculation=\"Cuerpo de la nota\">Un Hombre que Escribe \u2013 Direcci\u00f3n: Liliana Paolinel<\/p>\n<p data-mrf-recirculation=\"Cuerpo de la nota\">liItalpark \u2013 Direcci\u00f3n: Juan Carlos Dom\u00ednguez<\/p>\n<p data-mrf-recirculation=\"Cuerpo de la nota\">Despu\u00e9s de un Buen D\u00eda \u2013 Direcci\u00f3n: N\u00e9stor Frenkel<\/p>\n<p data-mrf-recirculation=\"Cuerpo de la nota\">\n<div class=\"twitter-tweet twitter-tweet-rendered\"><iframe id=\"twitter-widget-4\" class=\"\" title=\"X Post\" src=\"https:\/\/platform.twitter.com\/embed\/Tweet.html?dnt=false&amp;embedId=twitter-widget-4&amp;features=eyJ0ZndfdGltZWxpbmVfbGlzdCI6eyJidWNrZXQiOltdLCJ2ZXJzaW9uIjpudWxsfSwidGZ3X2ZvbGxvd2VyX2NvdW50X3N1bnNldCI6eyJidWNrZXQiOnRydWUsInZlcnNpb24iOm51bGx9LCJ0ZndfdHdlZXRfZWRpdF9iYWNrZW5kIjp7ImJ1Y2tldCI6Im9uIiwidmVyc2lvbiI6bnVsbH0sInRmd19yZWZzcmNfc2Vzc2lvbiI6eyJidWNrZXQiOiJvbiIsInZlcnNpb24iOm51bGx9LCJ0ZndfZm9zbnJfc29mdF9pbnRlcnZlbnRpb25zX2VuYWJsZWQiOnsiYnVja2V0Ijoib24iLCJ2ZXJzaW9uIjpudWxsfSwidGZ3X21peGVkX21lZGlhXzE1ODk3Ijp7ImJ1Y2tldCI6InRyZWF0bWVudCIsInZlcnNpb24iOm51bGx9LCJ0ZndfZXhwZXJpbWVudHNfY29va2llX2V4cGlyYXRpb24iOnsiYnVja2V0IjoxMjA5NjAwLCJ2ZXJzaW9uIjpudWxsfSwidGZ3X3Nob3dfYmlyZHdhdGNoX3Bpdm90c19lbmFibGVkIjp7ImJ1Y2tldCI6Im9uIiwidmVyc2lvbiI6bnVsbH0sInRmd19kdXBsaWNhdGVfc2NyaWJlc190b19zZXR0aW5ncyI6eyJidWNrZXQiOiJvbiIsInZlcnNpb24iOm51bGx9LCJ0ZndfdXNlX3Byb2ZpbGVfaW1hZ2Vfc2hhcGVfZW5hYmxlZCI6eyJidWNrZXQiOiJvbiIsInZlcnNpb24iOm51bGx9LCJ0ZndfdmlkZW9faGxzX2R5bmFtaWNfbWFuaWZlc3RzXzE1MDgyIjp7ImJ1Y2tldCI6InRydWVfYml0cmF0ZSIsInZlcnNpb24iOm51bGx9LCJ0ZndfbGVnYWN5X3RpbWVsaW5lX3N1bnNldCI6eyJidWNrZXQiOnRydWUsInZlcnNpb24iOm51bGx9LCJ0ZndfdHdlZXRfZWRpdF9mcm9udGVuZCI6eyJidWNrZXQiOiJvbiIsInZlcnNpb24iOm51bGx9fQ%3D%3D&amp;frame=false&amp;hideCard=false&amp;hideThread=false&amp;id=1848557647592640571&amp;lang=es&amp;origin=https%3A%2F%2Fwww.cadena3.com%2Fnoticia%2Fpasen-y-vean%2Ftodos-los-ganadores-en-la-primera-entrega-de-los-martin-fierro-de-cine-2024_399255&amp;sessionId=99ab5df2e1d050567cfceceddf85421a7c587973&amp;siteScreenName=Cadena3Com&amp;theme=light&amp;widgetsVersion=2615f7e52b7e0%3A1702314776716&amp;width=550px\" frameborder=\"0\" scrolling=\"no\" allowfullscreen=\"allowfullscreen\" data-tweet-id=\"1848557647592640571\" data-mce-fragment=\"1\"><\/iframe><\/div>\n<p data-mrf-recirculation=\"Cuerpo de la nota\">\n<p data-mrf-recirculation=\"Cuerpo de la nota\"><b><u>Pel\u00edcula Plataforma<\/u><\/b><\/p>\n<p data-mrf-recirculation=\"Cuerpo de la nota\">Doble Discurso \u2013 Direcci\u00f3n: Hern\u00e1n Guerschuny<\/p>\n<p data-mrf-recirculation=\"Cuerpo de la nota\">El Duelo \u2013 Direcci\u00f3n: Augusto Tejada<\/p>\n<p data-mrf-recirculation=\"Cuerpo de la nota\">Nahir \u2013 Direcci\u00f3n: Hern\u00e1n Guerschuny<\/p>\n<p data-mrf-recirculation=\"Cuerpo de la nota\"><b>Descansar en Paz \u2013 Direcci\u00f3n: Sebasti\u00e1n Borensztein<\/b><\/p>\n<p data-mrf-recirculation=\"Cuerpo de la nota\">Elena Sabe \u2013 Direcci\u00f3n: Anah\u00ed Berneri<\/p>\n<p data-mrf-recirculation=\"Cuerpo de la nota\">Goyo \u2013 Direcci\u00f3n: Marcos Carnevale<\/p>\n<p data-mrf-recirculation=\"Cuerpo de la nota\"><b><u>Director de Serie<\/u><\/b><\/p>\n<p data-mrf-recirculation=\"Cuerpo de la nota\"><b>Mariano Cohn y Gast\u00f3n Duprat \u2013 El Encargado &#8211; Nada -Bellas Artes (Disney+)<\/b><\/p>\n<p data-mrf-recirculation=\"Cuerpo de la nota\">Marcelo Pi\u00f1eyro y Miguel Cohan \u2013 El Reino (Netflix)<\/p>\n<p data-mrf-recirculation=\"Cuerpo de la nota\">Ariel Winograd \u2013 Coppola, el Representante (Disney+)<\/p>\n<p data-mrf-recirculation=\"Cuerpo de la nota\">Daniel Burman, Sebasti\u00e1n Borensztein y Mart\u00edn Hodara &#8211; Iosi, el Esp\u00eda Arrepentido (Prime Video)<\/p>\n<p data-mrf-recirculation=\"Cuerpo de la nota\">Santiago Korovsky \u2013 Divisi\u00f3n Palermo (Netflix)<\/p>\n<p data-mrf-recirculation=\"Cuerpo de la nota\"><b><u>Guion<\/u><\/b><\/p>\n<p data-mrf-recirculation=\"Cuerpo de la nota\">Rodrigo Moreno &#8211; Los Delincuentes<\/p>\n<p data-mrf-recirculation=\"Cuerpo de la nota\"><b>Mar\u00eda Alch\u00e9 y Benjam\u00edn Naishtat &#8211; Puan<\/b><\/p>\n<p data-mrf-recirculation=\"Cuerpo de la nota\">Daniela Goggi y Andrea Garrote &#8211; El Rapto<\/p>\n<p data-mrf-recirculation=\"Cuerpo de la nota\">Demi\u00e1n Rugna &#8211; Cuando Acecha la Maldad<\/p>\n<p data-mrf-recirculation=\"Cuerpo de la nota\">Marco Berger &#8211; Los Amantes Astronautas<\/p>\n<p data-mrf-recirculation=\"Cuerpo de la nota\">Zoe Hochbaum y Gustavo Gersberg &#8211; Como el Mar<\/p>\n<p data-mrf-recirculation=\"Cuerpo de la nota\"><b><u>Edici\u00f3n<\/u><\/b><\/p>\n<p data-mrf-recirculation=\"Cuerpo de la nota\">Livia Serpa &#8211; Puan<\/p>\n<p data-mrf-recirculation=\"Cuerpo de la nota\"><b>Eliane Katz &#8211; El Rapto<\/b><\/p>\n<p data-mrf-recirculation=\"Cuerpo de la nota\">Lionel Cornistein &#8211; Cuando Acecha la Maldad<\/p>\n<p data-mrf-recirculation=\"Cuerpo de la nota\">Alberto Ponce &#8211; Goyo<\/p>\n<p data-mrf-recirculation=\"Cuerpo de la nota\">Blondi<\/p>\n<p data-mrf-recirculation=\"Cuerpo de la nota\"><b><u>Direcci\u00f3n de Fotograf\u00eda<\/u><\/b><\/p>\n<p data-mrf-recirculation=\"Cuerpo de la nota\">In\u00e9s Duacastella y Alejo Maglio &#8211; Los Delincuentes<\/p>\n<p data-mrf-recirculation=\"Cuerpo de la nota\">Agust\u00edn Barrutia &#8211; Alemania<\/p>\n<p data-mrf-recirculation=\"Cuerpo de la nota\"><b>Mariano Su\u00e1rez &#8211; Cuando Acecha la Maldad<\/b><\/p>\n<p data-mrf-recirculation=\"Cuerpo de la nota\">Horacio Maira &#8211; Goyo<\/p>\n<p data-mrf-recirculation=\"Cuerpo de la nota\">Germ\u00e1n Nocella &#8211; Como el Mar<\/p>\n<p data-mrf-recirculation=\"Cuerpo de la nota\">Iv\u00e1n Gierasinchuk &#8211; El Viento que Arrasa<\/p>\n<p data-mrf-recirculation=\"Cuerpo de la nota\">\n<div class=\"twitter-tweet twitter-tweet-rendered\"><iframe id=\"twitter-widget-5\" class=\"\" title=\"X Post\" src=\"https:\/\/platform.twitter.com\/embed\/Tweet.html?dnt=false&amp;embedId=twitter-widget-5&amp;features=eyJ0ZndfdGltZWxpbmVfbGlzdCI6eyJidWNrZXQiOltdLCJ2ZXJzaW9uIjpudWxsfSwidGZ3X2ZvbGxvd2VyX2NvdW50X3N1bnNldCI6eyJidWNrZXQiOnRydWUsInZlcnNpb24iOm51bGx9LCJ0ZndfdHdlZXRfZWRpdF9iYWNrZW5kIjp7ImJ1Y2tldCI6Im9uIiwidmVyc2lvbiI6bnVsbH0sInRmd19yZWZzcmNfc2Vzc2lvbiI6eyJidWNrZXQiOiJvbiIsInZlcnNpb24iOm51bGx9LCJ0ZndfZm9zbnJfc29mdF9pbnRlcnZlbnRpb25zX2VuYWJsZWQiOnsiYnVja2V0Ijoib24iLCJ2ZXJzaW9uIjpudWxsfSwidGZ3X21peGVkX21lZGlhXzE1ODk3Ijp7ImJ1Y2tldCI6InRyZWF0bWVudCIsInZlcnNpb24iOm51bGx9LCJ0ZndfZXhwZXJpbWVudHNfY29va2llX2V4cGlyYXRpb24iOnsiYnVja2V0IjoxMjA5NjAwLCJ2ZXJzaW9uIjpudWxsfSwidGZ3X3Nob3dfYmlyZHdhdGNoX3Bpdm90c19lbmFibGVkIjp7ImJ1Y2tldCI6Im9uIiwidmVyc2lvbiI6bnVsbH0sInRmd19kdXBsaWNhdGVfc2NyaWJlc190b19zZXR0aW5ncyI6eyJidWNrZXQiOiJvbiIsInZlcnNpb24iOm51bGx9LCJ0ZndfdXNlX3Byb2ZpbGVfaW1hZ2Vfc2hhcGVfZW5hYmxlZCI6eyJidWNrZXQiOiJvbiIsInZlcnNpb24iOm51bGx9LCJ0ZndfdmlkZW9faGxzX2R5bmFtaWNfbWFuaWZlc3RzXzE1MDgyIjp7ImJ1Y2tldCI6InRydWVfYml0cmF0ZSIsInZlcnNpb24iOm51bGx9LCJ0ZndfbGVnYWN5X3RpbWVsaW5lX3N1bnNldCI6eyJidWNrZXQiOnRydWUsInZlcnNpb24iOm51bGx9LCJ0ZndfdHdlZXRfZWRpdF9mcm9udGVuZCI6eyJidWNrZXQiOiJvbiIsInZlcnNpb24iOm51bGx9fQ%3D%3D&amp;frame=false&amp;hideCard=false&amp;hideThread=false&amp;id=1848540387490603213&amp;lang=es&amp;origin=https%3A%2F%2Fwww.cadena3.com%2Fnoticia%2Fpasen-y-vean%2Ftodos-los-ganadores-en-la-primera-entrega-de-los-martin-fierro-de-cine-2024_399255&amp;sessionId=99ab5df2e1d050567cfceceddf85421a7c587973&amp;siteScreenName=Cadena3Com&amp;theme=light&amp;widgetsVersion=2615f7e52b7e0%3A1702314776716&amp;width=550px\" frameborder=\"0\" scrolling=\"no\" allowfullscreen=\"allowfullscreen\" data-tweet-id=\"1848540387490603213\" data-mce-fragment=\"1\"><\/iframe><\/div>\n<p data-mrf-recirculation=\"Cuerpo de la nota\">\n<p data-mrf-recirculation=\"Cuerpo de la nota\"><b>Martin Fierro de Brillante para Mirtha Legrand<\/b><\/p>\n<p data-mrf-recirculation=\"Cuerpo de la nota\"><b><u>Actriz Reparto Comedia<\/u><\/b><\/p>\n<p data-mrf-recirculation=\"Cuerpo de la nota\">Paola Barrientos &#8211; Casi Muerta<\/p>\n<p data-mrf-recirculation=\"Cuerpo de la nota\"><b>Alejandra Flechner &#8211; Puan<\/b><\/p>\n<p data-mrf-recirculation=\"Cuerpo de la nota\">Eugenia Guerty &#8211; No me Rompan<\/p>\n<p data-mrf-recirculation=\"Cuerpo de la nota\">Laura Paredes &#8211; Los Delincuentes<\/p>\n<p data-mrf-recirculation=\"Cuerpo de la nota\"><u><b>Actor Protag\u00f3nico Comedia<\/b><\/u><\/p>\n<p data-mrf-recirculation=\"Cuerpo de la nota\">Esteban Bigliardi &#8211; Los Delincuentes<\/p>\n<p data-mrf-recirculation=\"Cuerpo de la nota\">Daniel El\u00edas &#8211; Los Delincuentes<\/p>\n<p data-mrf-recirculation=\"Cuerpo de la nota\">Claudio Rissi &#8211; Los Justos<\/p>\n<p data-mrf-recirculation=\"Cuerpo de la nota\"><b>Marcelo Subiotto &#8211; Puan<\/b><\/p>\n<p data-mrf-recirculation=\"Cuerpo de la nota\">Mart\u00edn Piroyansky &#8211; El M\u00e9todo Tangalanga<\/p>\n<p data-mrf-recirculation=\"Cuerpo de la nota\"><b><u>Actriz Protag\u00f3nica Comedia<\/u><\/b><\/p>\n<p data-mrf-recirculation=\"Cuerpo de la nota\">Margarita Molfino &#8211; Los Delincuentes<\/p>\n<p data-mrf-recirculation=\"Cuerpo de la nota\">Mercedes Mor\u00e1n &#8211; Norma<\/p>\n<p data-mrf-recirculation=\"Cuerpo de la nota\"><b>Carla Peterson &#8211; No me Rompan<\/b><\/p>\n<p data-mrf-recirculation=\"Cuerpo de la nota\">Julieta Zylberberg &#8211; Un P\u00e1jaro Azul<\/p>\n<p data-mrf-recirculation=\"Cuerpo de la nota\"><b>Martin Fierro \u00cdcono del Cine: Graciela Borges<\/b><\/p>\n<p data-mrf-recirculation=\"Cuerpo de la nota\"><b><u>Revelaci\u00f3n<\/u><\/b><\/p>\n<p data-mrf-recirculation=\"Cuerpo de la nota\">Maite Aguilar &#8211; Alemania<\/p>\n<p data-mrf-recirculation=\"Cuerpo de la nota\">Mariana Chaud &#8211; Los Delincuentes<\/p>\n<p data-mrf-recirculation=\"Cuerpo de la nota\">Marcelo Michinaux &#8211; Cuando Acecha la Maldad<\/p>\n<p data-mrf-recirculation=\"Cuerpo de la nota\">Camila Peralta &#8211; Puan<\/p>\n<p data-mrf-recirculation=\"Cuerpo de la nota\"><b>Zoe Hochbaum &#8211; Como el Mar<\/b><\/p>\n<p data-mrf-recirculation=\"Cuerpo de la nota\">Ignacio Quesada &#8211; Cambio, Cambio<\/p>\n<p data-mrf-recirculation=\"Cuerpo de la nota\">\n<div class=\"twitter-tweet twitter-tweet-rendered\"><iframe id=\"twitter-widget-6\" class=\"\" title=\"X Post\" src=\"https:\/\/platform.twitter.com\/embed\/Tweet.html?dnt=false&amp;embedId=twitter-widget-6&amp;features=eyJ0ZndfdGltZWxpbmVfbGlzdCI6eyJidWNrZXQiOltdLCJ2ZXJzaW9uIjpudWxsfSwidGZ3X2ZvbGxvd2VyX2NvdW50X3N1bnNldCI6eyJidWNrZXQiOnRydWUsInZlcnNpb24iOm51bGx9LCJ0ZndfdHdlZXRfZWRpdF9iYWNrZW5kIjp7ImJ1Y2tldCI6Im9uIiwidmVyc2lvbiI6bnVsbH0sInRmd19yZWZzcmNfc2Vzc2lvbiI6eyJidWNrZXQiOiJvbiIsInZlcnNpb24iOm51bGx9LCJ0ZndfZm9zbnJfc29mdF9pbnRlcnZlbnRpb25zX2VuYWJsZWQiOnsiYnVja2V0Ijoib24iLCJ2ZXJzaW9uIjpudWxsfSwidGZ3X21peGVkX21lZGlhXzE1ODk3Ijp7ImJ1Y2tldCI6InRyZWF0bWVudCIsInZlcnNpb24iOm51bGx9LCJ0ZndfZXhwZXJpbWVudHNfY29va2llX2V4cGlyYXRpb24iOnsiYnVja2V0IjoxMjA5NjAwLCJ2ZXJzaW9uIjpudWxsfSwidGZ3X3Nob3dfYmlyZHdhdGNoX3Bpdm90c19lbmFibGVkIjp7ImJ1Y2tldCI6Im9uIiwidmVyc2lvbiI6bnVsbH0sInRmd19kdXBsaWNhdGVfc2NyaWJlc190b19zZXR0aW5ncyI6eyJidWNrZXQiOiJvbiIsInZlcnNpb24iOm51bGx9LCJ0ZndfdXNlX3Byb2ZpbGVfaW1hZ2Vfc2hhcGVfZW5hYmxlZCI6eyJidWNrZXQiOiJvbiIsInZlcnNpb24iOm51bGx9LCJ0ZndfdmlkZW9faGxzX2R5bmFtaWNfbWFuaWZlc3RzXzE1MDgyIjp7ImJ1Y2tldCI6InRydWVfYml0cmF0ZSIsInZlcnNpb24iOm51bGx9LCJ0ZndfbGVnYWN5X3RpbWVsaW5lX3N1bnNldCI6eyJidWNrZXQiOnRydWUsInZlcnNpb24iOm51bGx9LCJ0ZndfdHdlZXRfZWRpdF9mcm9udGVuZCI6eyJidWNrZXQiOiJvbiIsInZlcnNpb24iOm51bGx9fQ%3D%3D&amp;frame=false&amp;hideCard=false&amp;hideThread=false&amp;id=1848535745645957152&amp;lang=es&amp;origin=https%3A%2F%2Fwww.cadena3.com%2Fnoticia%2Fpasen-y-vean%2Ftodos-los-ganadores-en-la-primera-entrega-de-los-martin-fierro-de-cine-2024_399255&amp;sessionId=99ab5df2e1d050567cfceceddf85421a7c587973&amp;siteScreenName=Cadena3Com&amp;theme=light&amp;widgetsVersion=2615f7e52b7e0%3A1702314776716&amp;width=550px\" frameborder=\"0\" scrolling=\"no\" allowfullscreen=\"allowfullscreen\" data-tweet-id=\"1848535745645957152\" data-mce-fragment=\"1\"><\/iframe><\/div>\n<p data-mrf-recirculation=\"Cuerpo de la nota\">\n<p data-mrf-recirculation=\"Cuerpo de la nota\"><u>Maquillaje<\/u><\/p>\n<p data-mrf-recirculation=\"Cuerpo de la nota\">Marisa Amenta &#8211; Puan<\/p>\n<p data-mrf-recirculation=\"Cuerpo de la nota\">Emmanuel Mi\u00f1o &#8211; Elena Sabe<\/p>\n<p data-mrf-recirculation=\"Cuerpo de la nota\">Paz Albo y Jorge Palacios &#8211; El Rapto<\/p>\n<p data-mrf-recirculation=\"Cuerpo de la nota\"><b>Marcos Berta y Elizabet Gora &#8211; Cuando Acecha la Maldad<\/b><\/p>\n<p data-mrf-recirculation=\"Cuerpo de la nota\"><b>Mart\u00edn Fierro de Brillante: Susana Gim\u00e9nez por \u201cLa Mary\u201d<\/b><\/p>\n<p data-mrf-recirculation=\"Cuerpo de la nota\"><b><u>M\u00fasica Original<\/u><\/b><\/p>\n<p data-mrf-recirculation=\"Cuerpo de la nota\"><b>Santiago Dolan &#8211; Puan<\/b><\/p>\n<p data-mrf-recirculation=\"Cuerpo de la nota\">Sergio de la Puente &#8211; Alemania<\/p>\n<p data-mrf-recirculation=\"Cuerpo de la nota\">Pablo Fuu &#8211; Cuando Acecha la Maldad<\/p>\n<p data-mrf-recirculation=\"Cuerpo de la nota\">Iv\u00e1n Wyszogrod &#8211; Goyo<\/p>\n<p data-mrf-recirculation=\"Cuerpo de la nota\">Pedro Irusta &#8211; Los Amantes Astronautas<\/p>\n<p data-mrf-recirculation=\"Cuerpo de la nota\"><u><b>Actriz Reparto Drama<\/b><\/u><\/p>\n<p data-mrf-recirculation=\"Cuerpo de la nota\">Virginia Gar\u00f3falo &#8211; Cuando Acecha la Maldad<\/p>\n<p data-mrf-recirculation=\"Cuerpo de la nota\">Andrea Garrote &#8211; El Rapto<\/p>\n<p data-mrf-recirculation=\"Cuerpo de la nota\">Mar\u00eda Ucedo &#8211; Alemania<\/p>\n<p data-mrf-recirculation=\"Cuerpo de la nota\"><b>Soledad Villamil &#8211; Goyo<\/b><\/p>\n<p data-mrf-recirculation=\"Cuerpo de la nota\">\n<div class=\"twitter-tweet twitter-tweet-rendered\"><iframe id=\"twitter-widget-7\" class=\"\" title=\"X Post\" src=\"https:\/\/platform.twitter.com\/embed\/Tweet.html?dnt=false&amp;embedId=twitter-widget-7&amp;features=eyJ0ZndfdGltZWxpbmVfbGlzdCI6eyJidWNrZXQiOltdLCJ2ZXJzaW9uIjpudWxsfSwidGZ3X2ZvbGxvd2VyX2NvdW50X3N1bnNldCI6eyJidWNrZXQiOnRydWUsInZlcnNpb24iOm51bGx9LCJ0ZndfdHdlZXRfZWRpdF9iYWNrZW5kIjp7ImJ1Y2tldCI6Im9uIiwidmVyc2lvbiI6bnVsbH0sInRmd19yZWZzcmNfc2Vzc2lvbiI6eyJidWNrZXQiOiJvbiIsInZlcnNpb24iOm51bGx9LCJ0ZndfZm9zbnJfc29mdF9pbnRlcnZlbnRpb25zX2VuYWJsZWQiOnsiYnVja2V0Ijoib24iLCJ2ZXJzaW9uIjpudWxsfSwidGZ3X21peGVkX21lZGlhXzE1ODk3Ijp7ImJ1Y2tldCI6InRyZWF0bWVudCIsInZlcnNpb24iOm51bGx9LCJ0ZndfZXhwZXJpbWVudHNfY29va2llX2V4cGlyYXRpb24iOnsiYnVja2V0IjoxMjA5NjAwLCJ2ZXJzaW9uIjpudWxsfSwidGZ3X3Nob3dfYmlyZHdhdGNoX3Bpdm90c19lbmFibGVkIjp7ImJ1Y2tldCI6Im9uIiwidmVyc2lvbiI6bnVsbH0sInRmd19kdXBsaWNhdGVfc2NyaWJlc190b19zZXR0aW5ncyI6eyJidWNrZXQiOiJvbiIsInZlcnNpb24iOm51bGx9LCJ0ZndfdXNlX3Byb2ZpbGVfaW1hZ2Vfc2hhcGVfZW5hYmxlZCI6eyJidWNrZXQiOiJvbiIsInZlcnNpb24iOm51bGx9LCJ0ZndfdmlkZW9faGxzX2R5bmFtaWNfbWFuaWZlc3RzXzE1MDgyIjp7ImJ1Y2tldCI6InRydWVfYml0cmF0ZSIsInZlcnNpb24iOm51bGx9LCJ0ZndfbGVnYWN5X3RpbWVsaW5lX3N1bnNldCI6eyJidWNrZXQiOnRydWUsInZlcnNpb24iOm51bGx9LCJ0ZndfdHdlZXRfZWRpdF9mcm9udGVuZCI6eyJidWNrZXQiOiJvbiIsInZlcnNpb24iOm51bGx9fQ%3D%3D&amp;frame=false&amp;hideCard=false&amp;hideThread=false&amp;id=1848564381769928801&amp;lang=es&amp;origin=https%3A%2F%2Fwww.cadena3.com%2Fnoticia%2Fpasen-y-vean%2Ftodos-los-ganadores-en-la-primera-entrega-de-los-martin-fierro-de-cine-2024_399255&amp;sessionId=99ab5df2e1d050567cfceceddf85421a7c587973&amp;siteScreenName=Cadena3Com&amp;theme=light&amp;widgetsVersion=2615f7e52b7e0%3A1702314776716&amp;width=550px\" frameborder=\"0\" scrolling=\"no\" allowfullscreen=\"allowfullscreen\" data-tweet-id=\"1848564381769928801\" data-mce-fragment=\"1\"><\/iframe><\/div>\n<p data-mrf-recirculation=\"Cuerpo de la nota\">\n<p data-mrf-recirculation=\"Cuerpo de la nota\"><b><u>Actor de Serie<\/u><\/b><\/p>\n<p data-mrf-recirculation=\"Cuerpo de la nota\">Luis Brandoni &#8211; Nada (Disney+)<\/p>\n<p data-mrf-recirculation=\"Cuerpo de la nota\">Juan Minuj\u00edn &#8211; Coppola, el Representante (Disney+)<\/p>\n<p data-mrf-recirculation=\"Cuerpo de la nota\"><b>Guillermo Francella &#8211; El Encargado (Disney+)<\/b><\/p>\n<p data-mrf-recirculation=\"Cuerpo de la nota\">Diego Peretti &#8211; El Reino (Netflix)<\/p>\n<p data-mrf-recirculation=\"Cuerpo de la nota\">Iv\u00e1n Hochman &#8211; El Amor Despu\u00e9s del Amor (Netflix)<\/p>\n<p data-mrf-recirculation=\"Cuerpo de la nota\">Gast\u00f3n Pauls &#8211; Barrabrava (Prime Video)<\/p>\n<p data-mrf-recirculation=\"Cuerpo de la nota\">Santiago Korovsky &#8211; Divisi\u00f3n Palermo (Netflix)<\/p>\n<p data-mrf-recirculation=\"Cuerpo de la nota\"><u><b>Actor Reparto Drama<\/b><\/u><\/p>\n<p data-mrf-recirculation=\"Cuerpo de la nota\">Gabriel Goity &#8211; Descansar en Paz<\/p>\n<p data-mrf-recirculation=\"Cuerpo de la nota\">Jorge Marrale &#8211; El Rapto<\/p>\n<p data-mrf-recirculation=\"Cuerpo de la nota\"><b>Pablo Rago &#8211; Goyo<\/b><\/p>\n<p data-mrf-recirculation=\"Cuerpo de la nota\">Luis Ziembrowski &#8211; Cuando Acecha la Maldad<\/p>\n<p data-mrf-recirculation=\"Cuerpo de la nota\"><b><u>Direcci\u00f3n<\/u><\/b><\/p>\n<p data-mrf-recirculation=\"Cuerpo de la nota\">Rodrigo Moreno &#8211; Los Delincuentes<\/p>\n<p data-mrf-recirculation=\"Cuerpo de la nota\"><b>Mar\u00eda Alch\u00e9 y Benjam\u00edn Naishtat &#8211; Puan<\/b><\/p>\n<p data-mrf-recirculation=\"Cuerpo de la nota\">Daniela Goggi &#8211; El Rapto<\/p>\n<p data-mrf-recirculation=\"Cuerpo de la nota\">Demi\u00e1n Rugna &#8211; Cuando Acecha la Maldad<\/p>\n<p data-mrf-recirculation=\"Cuerpo de la nota\">Gonzalo Arias y Mart\u00edn M\u00e9ndez &#8211; Elijo Creer<\/p>\n<p data-mrf-recirculation=\"Cuerpo de la nota\"><b>Mart\u00edn Fierro de Platino para Luis Brandoni<\/b><\/p>\n<p data-mrf-recirculation=\"Cuerpo de la nota\"><b><u>Actor Reparto Comedia<\/u><\/b><\/p>\n<p data-mrf-recirculation=\"Cuerpo de la nota\">Alberto Ajaka &#8211; Casi Muerta<\/p>\n<p data-mrf-recirculation=\"Cuerpo de la nota\">Norman Briski &#8211; Un P\u00e1jaro Azul<\/p>\n<p data-mrf-recirculation=\"Cuerpo de la nota\">Germ\u00e1n de Silva &#8211; Los Delincuentes<\/p>\n<p data-mrf-recirculation=\"Cuerpo de la nota\"><b>Leonardo Sbaraglia &#8211; Puan<\/b><\/p>\n<p data-mrf-recirculation=\"Cuerpo de la nota\">Marco Antonio Caponi &#8211; Asfixiados<\/p>\n<p data-mrf-recirculation=\"Cuerpo de la nota\"><b><u>Actriz Protag\u00f3nica Drama<\/u><\/b><\/p>\n<p data-mrf-recirculation=\"Cuerpo de la nota\">Miranda de la Serna &#8211; Alemania<\/p>\n<p data-mrf-recirculation=\"Cuerpo de la nota\">Nancy Dupl\u00e1a &#8211; Goyo<\/p>\n<p data-mrf-recirculation=\"Cuerpo de la nota\"><b>Mercedes Mor\u00e1n &#8211; Elena Sabe<\/b><\/p>\n<p data-mrf-recirculation=\"Cuerpo de la nota\">Cecilia Roth &#8211; Conversaciones sobre el Odio<\/p>\n<p data-mrf-recirculation=\"Cuerpo de la nota\">Sof\u00eda Gala Castiglione &#8211; Como el Mar<\/p>\n<p data-mrf-recirculation=\"Cuerpo de la nota\">\n<div class=\"twitter-tweet twitter-tweet-rendered\"><iframe id=\"twitter-widget-8\" class=\"\" title=\"X Post\" src=\"https:\/\/platform.twitter.com\/embed\/Tweet.html?dnt=false&amp;embedId=twitter-widget-8&amp;features=eyJ0ZndfdGltZWxpbmVfbGlzdCI6eyJidWNrZXQiOltdLCJ2ZXJzaW9uIjpudWxsfSwidGZ3X2ZvbGxvd2VyX2NvdW50X3N1bnNldCI6eyJidWNrZXQiOnRydWUsInZlcnNpb24iOm51bGx9LCJ0ZndfdHdlZXRfZWRpdF9iYWNrZW5kIjp7ImJ1Y2tldCI6Im9uIiwidmVyc2lvbiI6bnVsbH0sInRmd19yZWZzcmNfc2Vzc2lvbiI6eyJidWNrZXQiOiJvbiIsInZlcnNpb24iOm51bGx9LCJ0ZndfZm9zbnJfc29mdF9pbnRlcnZlbnRpb25zX2VuYWJsZWQiOnsiYnVja2V0Ijoib24iLCJ2ZXJzaW9uIjpudWxsfSwidGZ3X21peGVkX21lZGlhXzE1ODk3Ijp7ImJ1Y2tldCI6InRyZWF0bWVudCIsInZlcnNpb24iOm51bGx9LCJ0ZndfZXhwZXJpbWVudHNfY29va2llX2V4cGlyYXRpb24iOnsiYnVja2V0IjoxMjA5NjAwLCJ2ZXJzaW9uIjpudWxsfSwidGZ3X3Nob3dfYmlyZHdhdGNoX3Bpdm90c19lbmFibGVkIjp7ImJ1Y2tldCI6Im9uIiwidmVyc2lvbiI6bnVsbH0sInRmd19kdXBsaWNhdGVfc2NyaWJlc190b19zZXR0aW5ncyI6eyJidWNrZXQiOiJvbiIsInZlcnNpb24iOm51bGx9LCJ0ZndfdXNlX3Byb2ZpbGVfaW1hZ2Vfc2hhcGVfZW5hYmxlZCI6eyJidWNrZXQiOiJvbiIsInZlcnNpb24iOm51bGx9LCJ0ZndfdmlkZW9faGxzX2R5bmFtaWNfbWFuaWZlc3RzXzE1MDgyIjp7ImJ1Y2tldCI6InRydWVfYml0cmF0ZSIsInZlcnNpb24iOm51bGx9LCJ0ZndfbGVnYWN5X3RpbWVsaW5lX3N1bnNldCI6eyJidWNrZXQiOnRydWUsInZlcnNpb24iOm51bGx9LCJ0ZndfdHdlZXRfZWRpdF9mcm9udGVuZCI6eyJidWNrZXQiOiJvbiIsInZlcnNpb24iOm51bGx9fQ%3D%3D&amp;frame=false&amp;hideCard=false&amp;hideThread=false&amp;id=1848552764567122037&amp;lang=es&amp;origin=https%3A%2F%2Fwww.cadena3.com%2Fnoticia%2Fpasen-y-vean%2Ftodos-los-ganadores-en-la-primera-entrega-de-los-martin-fierro-de-cine-2024_399255&amp;sessionId=99ab5df2e1d050567cfceceddf85421a7c587973&amp;siteScreenName=Cadena3Com&amp;theme=light&amp;widgetsVersion=2615f7e52b7e0%3A1702314776716&amp;width=550px\" frameborder=\"0\" scrolling=\"no\" allowfullscreen=\"allowfullscreen\" data-tweet-id=\"1848552764567122037\" data-mce-fragment=\"1\"><\/iframe><\/div>\n<p data-mrf-recirculation=\"Cuerpo de la nota\">\n<p data-mrf-recirculation=\"Cuerpo de la nota\"><b><u>Serie<\/u><\/b><\/p>\n<p data-mrf-recirculation=\"Cuerpo de la nota\">Nada &#8211; Disney+<\/p>\n<p data-mrf-recirculation=\"Cuerpo de la nota\"><b>El Encargado &#8211; Disney+ (empate con El amor despu\u00e9s del amor)\u00a0\u00a0<\/b><\/p>\n<p data-mrf-recirculation=\"Cuerpo de la nota\">El Reino &#8211; Netflix<\/p>\n<p data-mrf-recirculation=\"Cuerpo de la nota\"><b>El Amor Despu\u00e9s del Amor &#8211; Netflix (empate con El Encargado)<\/b><\/p>\n<p data-mrf-recirculation=\"Cuerpo de la nota\">Iosi, el Esp\u00eda Arrepentido &#8211; Prime Video<\/p>\n<p data-mrf-recirculation=\"Cuerpo de la nota\">Divisi\u00f3n Palermo &#8211; Netflix<\/p>\n<p data-mrf-recirculation=\"Cuerpo de la nota\"><b><u>Actriz de Serie<\/u><\/b><\/p>\n<p data-mrf-recirculation=\"Cuerpo de la nota\">Mercedes Mor\u00e1n &#8211; El Reino (Netflix)<\/p>\n<p data-mrf-recirculation=\"Cuerpo de la nota\">Mar\u00eda Rosa Fugazot &#8211; Nada (Disney+)<\/p>\n<p data-mrf-recirculation=\"Cuerpo de la nota\">Pochi Ducasse &#8211; El Encargado (Disney+)<\/p>\n<p data-mrf-recirculation=\"Cuerpo de la nota\">Mina Serrano &#8211; Cris Miro (Ella) (Flow y Max)<\/p>\n<p data-mrf-recirculation=\"Cuerpo de la nota\"><b>Natalia Oreiro &#8211; Iosi, el Esp\u00eda Arrepentido (Prime Video)<\/b><\/p>\n<p data-mrf-recirculation=\"Cuerpo de la nota\">Micaela Riera &#8211; El Amor Despu\u00e9s del Amor (Netflix)<\/p>\n<p data-mrf-recirculation=\"Cuerpo de la nota\">Pilar Gamboa &#8211; Divisi\u00f3n Palermo (Netflix)<\/p>\n<p data-mrf-recirculation=\"Cuerpo de la nota\"><b><u>Pel\u00edcula Cine<\/u><\/b><\/p>\n<p data-mrf-recirculation=\"Cuerpo de la nota\">Los Delincuentes \u2013 Direcci\u00f3n: Rodrigo Moreno<\/p>\n<p data-mrf-recirculation=\"Cuerpo de la nota\"><b>Puan \u2013 Direcci\u00f3n: Mar\u00eda Alch\u00e9 y Benjam\u00edn Naishtat<\/b><\/p>\n<p data-mrf-recirculation=\"Cuerpo de la nota\">El Rapto \u2013 Direcci\u00f3n: Daniela Goggi<\/p>\n<p data-mrf-recirculation=\"Cuerpo de la nota\">Cuando Acecha la Maldad \u2013 Direcci\u00f3n: Demi\u00e1n Rugna<\/p>\n<p data-mrf-recirculation=\"Cuerpo de la nota\">Empieza el Baile \u2013 Direcci\u00f3n: Marina Seresesky<\/p>\n<p data-mrf-recirculation=\"Cuerpo de la nota\">\n<p data-mrf-recirculation=\"Cuerpo de la nota\"><b>MART\u00cdN FIERRO DE ORO:\u00a0<\/b><\/p>\n<p data-mrf-recirculation=\"Cuerpo de la nota\"><b>Guillermo Francella<\/b><\/p>\n","protected":false},"excerpt":{"rendered":"<p>Este lunes 21 de octubre se llev\u00f3 a cabo la primera entrega de los Premios Mart\u00edn Fierro del Cine en la Usina del Arte con la conducci\u00f3n de Mariana Fabbiani y Benjam\u00edn Vicu\u00f1a y con transmisi\u00f3n de Am\u00e9rica TV. La entrega logr\u00f3 gran convocatoria de actores, con m\u00e1s de 500 invitados a la ceremonia. En &hellip;<\/p>\n","protected":false},"author":1,"featured_media":6848,"comment_status":"open","ping_status":"open","sticky":false,"template":"","format":"standard","meta":{"footnotes":""},"categories":[50,48],"tags":[],"class_list":["post-6847","post","type-post","status-publish","format-standard","has-post-thumbnail","hentry","category-entretenimiento","category-info-general"],"_links":{"self":[{"href":"https:\/\/radiobeat97.com.ar\/beat\/wp-json\/wp\/v2\/posts\/6847","targetHints":{"allow":["GET"]}}],"collection":[{"href":"https:\/\/radiobeat97.com.ar\/beat\/wp-json\/wp\/v2\/posts"}],"about":[{"href":"https:\/\/radiobeat97.com.ar\/beat\/wp-json\/wp\/v2\/types\/post"}],"author":[{"embeddable":true,"href":"https:\/\/radiobeat97.com.ar\/beat\/wp-json\/wp\/v2\/users\/1"}],"replies":[{"embeddable":true,"href":"https:\/\/radiobeat97.com.ar\/beat\/wp-json\/wp\/v2\/comments?post=6847"}],"version-history":[{"count":1,"href":"https:\/\/radiobeat97.com.ar\/beat\/wp-json\/wp\/v2\/posts\/6847\/revisions"}],"predecessor-version":[{"id":6849,"href":"https:\/\/radiobeat97.com.ar\/beat\/wp-json\/wp\/v2\/posts\/6847\/revisions\/6849"}],"wp:featuredmedia":[{"embeddable":true,"href":"https:\/\/radiobeat97.com.ar\/beat\/wp-json\/wp\/v2\/media\/6848"}],"wp:attachment":[{"href":"https:\/\/radiobeat97.com.ar\/beat\/wp-json\/wp\/v2\/media?parent=6847"}],"wp:term":[{"taxonomy":"category","embeddable":true,"href":"https:\/\/radiobeat97.com.ar\/beat\/wp-json\/wp\/v2\/categories?post=6847"},{"taxonomy":"post_tag","embeddable":true,"href":"https:\/\/radiobeat97.com.ar\/beat\/wp-json\/wp\/v2\/tags?post=6847"}],"curies":[{"name":"wp","href":"https:\/\/api.w.org\/{rel}","templated":true}]}}