{"id":6861,"date":"2024-10-24T08:17:02","date_gmt":"2024-10-24T11:17:02","guid":{"rendered":"https:\/\/radiobeat97.com.ar\/beat\/?p=6861"},"modified":"2024-10-24T08:17:02","modified_gmt":"2024-10-24T11:17:02","slug":"pasantias-mas-de-9-000-alumnos-cordobeses-tienen-su-primera-experiencia-laboral","status":"publish","type":"post","link":"https:\/\/radiobeat97.com.ar\/beat\/pasantias-mas-de-9-000-alumnos-cordobeses-tienen-su-primera-experiencia-laboral\/","title":{"rendered":"Pasant\u00edas: m\u00e1s de 9.000 alumnos cordobeses tienen su primera experiencia laboral"},"content":{"rendered":"<ul class=\" eplus-wrapper eplus-styles-uid-755ea9\">\n<li class=\" eplus-wrapper\"><strong>La iniciativa, impulsada por el Ministerio de Educaci\u00f3n, conecta a los j\u00f3venes con empresas y organismos p\u00fablicos y privados, fortaleciendo la vinculaci\u00f3n entre educaci\u00f3n y trabajo.<\/strong><\/li>\n<li class=\" eplus-wrapper\"><strong>Se tratan de pasant\u00edas no rentadas que combinan los aprendizajes adquiridos en el aula con experiencias laborales y\/o profesionales en reconocidas instituciones y empresas.<\/strong><\/li>\n<\/ul>\n<p class=\" eplus-wrapper\">El Gobierno de la Provincia de C\u00f3rdoba, a trav\u00e9s del Ministerio de Educaci\u00f3n, lleva adelante el programa de pasant\u00edas con el apoyo de numerosas instituciones y empresas. Esta iniciativa, dise\u00f1ada para fortalecer la formaci\u00f3n de los estudiantes, no solo ofrece una valiosa experiencia educativa, sino que tambi\u00e9n refleja una estrategia conjunta entre el sector p\u00fablico y privado.<\/p>\n<p class=\" eplus-wrapper\">A trav\u00e9s de esta instancia, los estudiantes ponen en pr\u00e1ctica los aprendizajes alcanzados en el \u00e1mbito escolar, vinculando la educaci\u00f3n formal y las experiencias laborales\/profesionales.<\/p>\n<p class=\" eplus-wrapper\">Adem\u00e1s, estos espacios habilitan la apropiaci\u00f3n de capacidades pr\u00e1cticas de \u00e1reas espec\u00edficas, el acceso a nuevos aprendizajes, y el desarrollo de habilidades variadas como la resoluci\u00f3n de problemas o el trabajo en equipo.<\/p>\n<figure class=\" wp-block-image size-full eplus-wrapper\"><img fetchpriority=\"high\" decoding=\"async\" class=\"wp-image-606751\" src=\"https:\/\/prensa.cba.gov.ar\/wp-content\/uploads\/2024\/10\/WhatsApp-Image-2024-10-23-at-09.40.40.jpeg\" sizes=\"(max-width: 990px) 100vw, 990px\" srcset=\"https:\/\/prensa.cba.gov.ar\/wp-content\/uploads\/2024\/10\/WhatsApp-Image-2024-10-23-at-09.40.40.jpeg 990w, https:\/\/prensa.cba.gov.ar\/wp-content\/uploads\/2024\/10\/WhatsApp-Image-2024-10-23-at-09.40.40-300x200.jpeg 300w, https:\/\/prensa.cba.gov.ar\/wp-content\/uploads\/2024\/10\/WhatsApp-Image-2024-10-23-at-09.40.40-768x512.jpeg 768w\" alt=\"\" width=\"990\" height=\"660\" \/><\/figure>\n<p class=\" eplus-wrapper\">En lo que va del a\u00f1o, m\u00e1s de 6.000 estudiantes de escuelas secundarias y t\u00e9cnicas han realizado pasant\u00edas, es decir, m\u00e1s del 50% de los estudiantes del \u00faltimo a\u00f1o han participado. Para diciembre, se espera que unos 9.500 alumnos hayan completado su formaci\u00f3n acad\u00e9mica con una experiencia laboral real.<\/p>\n<p class=\" eplus-wrapper\">Andrea Fessia, directora general de Educaci\u00f3n Secundaria, explic\u00f3:\u00a0<em>\u00abEl objetivo principal es vincular a los estudiantes con procesos laborales para que puedan adquirir experiencia y herramientas que les ser\u00e1n \u00fatiles en su vida profesional\u00bb.<\/em><\/p>\n<p class=\" eplus-wrapper\"><strong>Testimonios de los pasantes: una experiencia invaluable<\/strong><\/p>\n<p class=\" eplus-wrapper\">Sabrina, una de las pasantes en la planta de Coca-Cola Andina en Monte Cristo, coment\u00f3 emocionada: \u00ab<em>Es mi primera vez trabajando en una empresa tan grande. He aprendido much\u00edsimo sobre el funcionamiento interno de la organizaci\u00f3n y sobre c\u00f3mo se gestionan diferentes \u00e1reas. Me siento m\u00e1s preparada para el futuro\u00bb.<\/em><\/p>\n<p class=\" eplus-wrapper\">Por su parte, Morena, tambi\u00e9n pasante en Coca-Cola, comparti\u00f3:\u00a0<em>\u00abLo que m\u00e1s me gusta es la oportunidad de ver c\u00f3mo se aplican en la pr\u00e1ctica cosas que estudiamos en la escuela. Esta experiencia me ha permitido conocer un mundo laboral que antes me parec\u00eda lejano\u00bb.<\/em><\/p>\n<p><iframe title=\"Pasantias: En 2024, m\u00e1s de 9 mil alumnos cordobeses tendr\u00e1n su experiencia laboral\" src=\"https:\/\/www.youtube.com\/embed\/89WZfwLDXDY\" width=\"331\" height=\"187\" frameborder=\"0\" allowfullscreen=\"allowfullscreen\" data-mce-fragment=\"1\"><\/iframe><\/p>\n<p class=\" eplus-wrapper\">Estas vivencias no solo son enriquecedoras para los estudiantes, sino tambi\u00e9n para las empresas que los reciben.<\/p>\n<p class=\" eplus-wrapper\"><em>\u00abHemos tenido casos en los que algunos pasantes han sido contratados despu\u00e9s de completar sus pr\u00e1cticas, lo que habla del compromiso tanto de los estudiantes como de las empresas\u00bb,<\/em>\u00a0indic\u00f3 Fessia.<\/p>\n<p class=\" eplus-wrapper\"><strong>Una alianza entre lo p\u00fablico y lo privado<\/strong><\/p>\n<p class=\" eplus-wrapper\">El incremento del n\u00famero de pasantes est\u00e1 asociado al aumento en el n\u00famero de convenios celebrados entre el sector estatal y privado.<\/p>\n<p class=\" eplus-wrapper\">Adem\u00e1s, las recientes conformaciones de las Coordinaciones Locales de Educaci\u00f3n contribuyen a que exista un \u00e1rea de pasant\u00edas en el Ministerio de Educaci\u00f3n. Todo esto favorece las condiciones de formaci\u00f3n para la futura inserci\u00f3n laboral de las y los j\u00f3venes.<\/p>\n<p class=\" eplus-wrapper\">\n<figure class=\" wp-block-gallery has-nested-images columns-default is-cropped eplus-wrapper wp-block-gallery-1 is-layout-flex wp-block-gallery-is-layout-flex\">\n<figure class=\" wp-block-image size-large eplus-wrapper\"><img decoding=\"async\" class=\"wp-image-606752\" src=\"https:\/\/prensa.cba.gov.ar\/wp-content\/uploads\/2024\/10\/WhatsApp-Image-2024-10-23-at-09.40.39-1.jpeg\" sizes=\"(max-width: 990px) 100vw, 990px\" srcset=\"https:\/\/prensa.cba.gov.ar\/wp-content\/uploads\/2024\/10\/WhatsApp-Image-2024-10-23-at-09.40.39-1.jpeg 990w, https:\/\/prensa.cba.gov.ar\/wp-content\/uploads\/2024\/10\/WhatsApp-Image-2024-10-23-at-09.40.39-1-300x200.jpeg 300w, https:\/\/prensa.cba.gov.ar\/wp-content\/uploads\/2024\/10\/WhatsApp-Image-2024-10-23-at-09.40.39-1-768x512.jpeg 768w\" alt=\"\" width=\"990\" height=\"660\" data-id=\"606752\" \/><\/figure>\n<figure class=\" wp-block-image size-large eplus-wrapper\"><img decoding=\"async\" class=\"wp-image-606749\" src=\"https:\/\/prensa.cba.gov.ar\/wp-content\/uploads\/2024\/10\/WhatsApp-Image-2024-10-23-at-09.40.41.jpeg\" sizes=\"(max-width: 990px) 100vw, 990px\" srcset=\"https:\/\/prensa.cba.gov.ar\/wp-content\/uploads\/2024\/10\/WhatsApp-Image-2024-10-23-at-09.40.41.jpeg 990w, https:\/\/prensa.cba.gov.ar\/wp-content\/uploads\/2024\/10\/WhatsApp-Image-2024-10-23-at-09.40.41-300x200.jpeg 300w, https:\/\/prensa.cba.gov.ar\/wp-content\/uploads\/2024\/10\/WhatsApp-Image-2024-10-23-at-09.40.41-768x512.jpeg 768w\" alt=\"\" width=\"990\" height=\"660\" data-id=\"606749\" \/><\/figure>\n<\/figure>\n<p class=\" eplus-wrapper\">Por ello, se estima que en 2025, m\u00e1s de 13.500 estudiantes podr\u00e1n realizar esta experiencia profesional no rentada.<\/p>\n<p class=\" eplus-wrapper\"><strong>Pasant\u00edas no rentadas<\/strong><\/p>\n<p class=\" eplus-wrapper\">En el nivel secundario, las pasant\u00edas son no rentadas, conforme a la ley que establece una diferencia con las pasant\u00edas rentadas, que son universitarias. En este sentido, las experiencias laborales de los estudiantes secundarios se enmarcan en este tipo de pr\u00e1cticas no remuneradas.<\/p>\n<p class=\" eplus-wrapper\"><strong>\u00bfQui\u00e9nes pueden participar?<\/strong><\/p>\n<p class=\" eplus-wrapper\">Todos los estudiantes secundarios de los \u00faltimos a\u00f1os est\u00e1n habilitados para participar en las pasant\u00edas laborales.<\/p>\n<p class=\" eplus-wrapper\">No es necesaria la inscripci\u00f3n del estudiante, ya que todos deben tener esta experiencia.<\/p>\n<p class=\" eplus-wrapper\">La implementaci\u00f3n de las Coordinaciones Locales de Educaci\u00f3n (CLE), la reducci\u00f3n de tiempos administrativos y la digitalizaci\u00f3n del proceso han sido claves para acercarnos a esta meta.<\/p>\n<p class=\" eplus-wrapper\">\n<figure class=\" wp-block-image size-full eplus-wrapper\"><img loading=\"lazy\" decoding=\"async\" class=\"wp-image-606750\" src=\"https:\/\/prensa.cba.gov.ar\/wp-content\/uploads\/2024\/10\/WhatsApp-Image-2024-10-23-at-09.40.40-1.jpeg\" sizes=\"(max-width: 993px) 100vw, 993px\" srcset=\"https:\/\/prensa.cba.gov.ar\/wp-content\/uploads\/2024\/10\/WhatsApp-Image-2024-10-23-at-09.40.40-1.jpeg 993w, https:\/\/prensa.cba.gov.ar\/wp-content\/uploads\/2024\/10\/WhatsApp-Image-2024-10-23-at-09.40.40-1-300x200.jpeg 300w, https:\/\/prensa.cba.gov.ar\/wp-content\/uploads\/2024\/10\/WhatsApp-Image-2024-10-23-at-09.40.40-1-768x512.jpeg 768w\" alt=\"\" width=\"993\" height=\"662\" \/><\/figure>\n<p class=\" eplus-wrapper\">Las empresas e instituciones pueden sumarse en cualquier momento del a\u00f1o administrativo<\/p>\n<p class=\" eplus-wrapper\">Para m\u00e1s informaci\u00f3n sobre los requisitos y el proceso, o para agendar reuniones, pueden visitar la p\u00e1gina web del Ministerio de Educaci\u00f3n o comunicarse por WhatsApp al n\u00famero +54 9 3518 12-3572.<\/p>\n<p class=\" eplus-wrapper\"><strong>Empresas destacadas en el Programa de Pasant\u00edas<\/strong><\/p>\n<p class=\" eplus-wrapper\">En el marco de las pasant\u00edas, diversas empresas de renombre en C\u00f3rdoba han abierto sus puertas a los estudiantes, brind\u00e1ndoles la oportunidad de adquirir experiencia laboral.<\/p>\n<p class=\" eplus-wrapper\">Entre las compa\u00f1\u00edas m\u00e1s destacadas que han participado en este programa se encuentran Bancor, Coca-Cola Andina, Arcor, Renault y diversas instituciones y municipios de diferentes puntos geogr\u00e1ficos de la provincia.<\/p>\n<p class=\" eplus-wrapper\">Estas empresas no solo contribuyen a la formaci\u00f3n pr\u00e1ctica de los j\u00f3venes, sino que tambi\u00e9n fortalecen el v\u00ednculo entre el \u00e1mbito educativo y el sector productivo, promoviendo un desarrollo integral de los futuros profesionales.<\/p>\n","protected":false},"excerpt":{"rendered":"<p>La iniciativa, impulsada por el Ministerio de Educaci\u00f3n, conecta a los j\u00f3venes con empresas y organismos p\u00fablicos y privados, fortaleciendo la vinculaci\u00f3n entre educaci\u00f3n y trabajo. Se tratan de pasant\u00edas no rentadas que combinan los aprendizajes adquiridos en el aula con experiencias laborales y\/o profesionales en reconocidas instituciones y empresas. El Gobierno de la Provincia &hellip;<\/p>\n","protected":false},"author":1,"featured_media":6862,"comment_status":"open","ping_status":"open","sticky":false,"template":"","format":"standard","meta":{"footnotes":""},"categories":[48],"tags":[],"class_list":["post-6861","post","type-post","status-publish","format-standard","has-post-thumbnail","hentry","category-info-general"],"_links":{"self":[{"href":"https:\/\/radiobeat97.com.ar\/beat\/wp-json\/wp\/v2\/posts\/6861","targetHints":{"allow":["GET"]}}],"collection":[{"href":"https:\/\/radiobeat97.com.ar\/beat\/wp-json\/wp\/v2\/posts"}],"about":[{"href":"https:\/\/radiobeat97.com.ar\/beat\/wp-json\/wp\/v2\/types\/post"}],"author":[{"embeddable":true,"href":"https:\/\/radiobeat97.com.ar\/beat\/wp-json\/wp\/v2\/users\/1"}],"replies":[{"embeddable":true,"href":"https:\/\/radiobeat97.com.ar\/beat\/wp-json\/wp\/v2\/comments?post=6861"}],"version-history":[{"count":1,"href":"https:\/\/radiobeat97.com.ar\/beat\/wp-json\/wp\/v2\/posts\/6861\/revisions"}],"predecessor-version":[{"id":6863,"href":"https:\/\/radiobeat97.com.ar\/beat\/wp-json\/wp\/v2\/posts\/6861\/revisions\/6863"}],"wp:featuredmedia":[{"embeddable":true,"href":"https:\/\/radiobeat97.com.ar\/beat\/wp-json\/wp\/v2\/media\/6862"}],"wp:attachment":[{"href":"https:\/\/radiobeat97.com.ar\/beat\/wp-json\/wp\/v2\/media?parent=6861"}],"wp:term":[{"taxonomy":"category","embeddable":true,"href":"https:\/\/radiobeat97.com.ar\/beat\/wp-json\/wp\/v2\/categories?post=6861"},{"taxonomy":"post_tag","embeddable":true,"href":"https:\/\/radiobeat97.com.ar\/beat\/wp-json\/wp\/v2\/tags?post=6861"}],"curies":[{"name":"wp","href":"https:\/\/api.w.org\/{rel}","templated":true}]}}