{"id":6893,"date":"2024-11-06T08:34:52","date_gmt":"2024-11-06T11:34:52","guid":{"rendered":"https:\/\/radiobeat97.com.ar\/beat\/?p=6893"},"modified":"2024-11-06T08:34:52","modified_gmt":"2024-11-06T11:34:52","slug":"se-viene-el-15-festival-internacional-de-jazz-de-cordoba","status":"publish","type":"post","link":"https:\/\/radiobeat97.com.ar\/beat\/se-viene-el-15-festival-internacional-de-jazz-de-cordoba\/","title":{"rendered":"Se viene el 15\u00b0 Festival Internacional de Jazz de C\u00f3rdoba"},"content":{"rendered":"<ul class=\" eplus-wrapper eplus-styles-uid-686c81\">\n<li class=\" eplus-wrapper\"><strong>Se llevar\u00e1 a cabo del 8 al 20 de noviembre, en nueve escenarios de la ciudad como el Teatro Real y el Paseo del Buen Pastor, adem\u00e1s de sedes en el interior provincial como San Francisco, Villa Mar\u00eda y R\u00edo Cuarto.<\/strong><\/li>\n<li class=\" eplus-wrapper\"><strong>Contempla m\u00e1s de 30 propuestas art\u00edsticas, incluyendo invitados internacionales de Italia, Espa\u00f1a y Polonia.<\/strong><\/li>\n<li class=\" eplus-wrapper\"><strong>El evento es organizado por el Gobierno de C\u00f3rdoba, a trav\u00e9s de la Agencia C\u00f3rdoba Cultura con el apoyo del Consejo Federal de Inversiones (CFI).<\/strong><\/li>\n<\/ul>\n<p class=\" eplus-wrapper\">Se aproxima el 15\u00b0 Festival Internacional de Jazz de C\u00f3rdoba, una propuesta que se desarrollar\u00e1 del 8 al 20 de noviembre, en distintas partes de la provincia como de la Capital, con m\u00e1s 30 propuestas art\u00edsticas, incluyendo invitados internacionales de Italia, Espa\u00f1a y Polonia.<\/p>\n<p class=\" eplus-wrapper\">En el cruce entre m\u00fasicos locales e internacionales, el \u201cCBAJAZZ\u201d propone un espacio de interacci\u00f3n que permite nutrir a la m\u00fasica de C\u00f3rdoba y el consecuente crecimiento de sus artistas. Ser\u00e1n 13 d\u00edas de actividades con 19 conciertos gratuitos en nueve escenarios.<\/p>\n<p class=\" eplus-wrapper\">Todos los artistas confluyen en una grilla singular para totalizar casi 200 m\u00fasicos en escena en una cita imperdible con lo mejor de lo mejor del jazz local e internacional. Como en las ediciones pasadas, la programaci\u00f3n se distribuir\u00e1 en distintos \u00e1mbitos geogr\u00e1ficos y esc\u00e9nicos.<\/p>\n<p class=\" eplus-wrapper\">\n<figure class=\" wp-block-image size-full eplus-wrapper\"><img fetchpriority=\"high\" decoding=\"async\" class=\"wp-image-607798\" src=\"https:\/\/prensa.cba.gov.ar\/wp-content\/uploads\/2024\/11\/Jazz4.png\" sizes=\"(max-width: 993px) 100vw, 993px\" srcset=\"https:\/\/prensa.cba.gov.ar\/wp-content\/uploads\/2024\/11\/Jazz4.png 993w, https:\/\/prensa.cba.gov.ar\/wp-content\/uploads\/2024\/11\/Jazz4-300x199.png 300w, https:\/\/prensa.cba.gov.ar\/wp-content\/uploads\/2024\/11\/Jazz4-768x510.png 768w\" alt=\"\" width=\"993\" height=\"660\" \/><\/figure>\n<p class=\" eplus-wrapper\">El Teatro Real ser\u00e1 escenario de la apertura que se realizar\u00e1 el 8 de noviembre con la presentaci\u00f3n del guitarrista cordob\u00e9s Obi Homer junto a la Banda Sinf\u00f3nica de la Provincia de C\u00f3rdoba y el 9 de noviembre con el concierto de Wojtek Mazolewski Quinteto (Polonia) precedido por el guitarrista cordob\u00e9s O-Bri.<\/p>\n<p class=\" eplus-wrapper\">Los conciertos continuar\u00e1n en el Paseo del Buen Pastor: habr\u00e1 cuatro presentaciones en formato de Sala de C\u00e1mara en los que, con m\u00ednima amplificaci\u00f3n y un hermoso piano de cola, se podr\u00e1 disfrutar de conciertos \u00edntimos en un marco inmejorable para apreciar las propuestas de grandes pianistas cordobeses. Del 10 al 14, en la capilla del Paseo, actuar\u00e1n Mariano V\u00e9lez, Ana Robles Tr\u00edo, Germ\u00e1n Nager, Rolo Rossi Tr\u00edo y Eduardo Elia Tr\u00edo.<\/p>\n<p class=\" eplus-wrapper\">Por otra parte, con la intenci\u00f3n de ir al encuentro de su p\u00fablico, el festival ha ido desarrollando nuevos escenarios. Las explanadas del Paseo del Buen Pastor se han convertido en un espacio ideal para acercar la m\u00fasica en vivo a los escuchas de las nuevas generaciones.<\/p>\n<p class=\" eplus-wrapper\">Durante cuatro d\u00edas se presentar\u00e1n los siguientes artistas: el viernes 15, La Colmena Big Band, Nacho Pereyra Tr\u00edo y Fruta Negra; el s\u00e1bado 16, Collegium Big Band, Mart\u00edn Moretto Cuarteto, Agust\u00edn Palacios Tr\u00edo y Latin Jam Cba; el domingo 17, La Pajuerana, Blue Velvet, Desatanudos y Andr\u00e9s Coppa Grupo; y el lunes 18 (feriado), el Coro Gospel Kumbaya, Vlado y Soul Bitches.<\/p>\n<p class=\" eplus-wrapper\">\n<figure class=\" wp-block-image size-full eplus-wrapper\"><img decoding=\"async\" class=\"wp-image-607800\" src=\"https:\/\/prensa.cba.gov.ar\/wp-content\/uploads\/2024\/11\/Jazz3.png\" sizes=\"(max-width: 993px) 100vw, 993px\" srcset=\"https:\/\/prensa.cba.gov.ar\/wp-content\/uploads\/2024\/11\/Jazz3.png 993w, https:\/\/prensa.cba.gov.ar\/wp-content\/uploads\/2024\/11\/Jazz3-300x199.png 300w, https:\/\/prensa.cba.gov.ar\/wp-content\/uploads\/2024\/11\/Jazz3-768x510.png 768w\" alt=\"\" width=\"993\" height=\"660\" \/><\/figure>\n<p class=\" eplus-wrapper\">Dentro del circuito provincial los artistas tambi\u00e9n subir\u00e1n a escena en teatros y centros culturales.<\/p>\n<p class=\" eplus-wrapper\">El viernes 15, en el Centro Cultural San Francisco, actuar\u00e1 la hist\u00f3rica Small Jazz Band mientras que, ese mismo d\u00eda, en el Teatro Municipal de R\u00edo Cuarto, se presentar\u00e1 el Coro Polif\u00f3nico Delfino Quirici y, el domingo 18, el Proyecto de Pablo Baggini. En Villa Mar\u00eda har\u00e1n lo propio los siguientes artistas: el jueves 14, en Casa Azul, Adri\u00e1n Baigorria y Chelo Sar\u00fa; el viernes 15, en CEEA, Marianela Rufinetti y Daniel Corzo y el s\u00e1bado 16, Villa Mar\u00eda Big Band en un escenario al aire libre armado frente al CCLF.<\/p>\n<p class=\" eplus-wrapper\">El Festival de Jazz, que se propone como un espacio de interacci\u00f3n que permite enriquecer la m\u00fasica local con el consecuente crecimiento de los artistas que conforman la escena cordobesa, tendr\u00e1 su ocaso, nuevamente, en el Tetro Real, el martes 19 con un doble concierto de artistas espa\u00f1oles: Abe R\u00e1bade tr\u00edo y Luc\u00eda Rey trio.<\/p>\n<p class=\" eplus-wrapper\">Para el cierre, el mi\u00e9rcoles 20, se presentar\u00e1 el cuarteto del gran baterista italiano Roberto Gatto precedido por el d\u00fao de Horacio Burgos y Daniela Dalmasso.<\/p>\n<p class=\" eplus-wrapper\">As\u00ed, culminar\u00e1 la edici\u00f3n n\u00famero 15 de este encuentro ya instalado en la agenda de los mel\u00f3manos y entusiastas del g\u00e9nero que se ha convertido en un evento esperado con entusiasmo por los amantes de la m\u00fasica, en general, y del jazz, en particular.<\/p>\n<p class=\" eplus-wrapper\">Para ver m\u00e1s acerca de la grilla y los artistas, consultar en la p\u00e1gina oficial del\u00a0<a href=\"https:\/\/cordobajazzfestival.com.ar\/2024\/\">Cba Jazz Festival 2024<\/a>.<\/p>\n<p class=\" eplus-wrapper\">\n<div class=\" wp-block-file eplus-wrapper\" data-wp-interactive=\"\"><object class=\"wp-block-file__embed\" data=\"https:\/\/prensa.cba.gov.ar\/wp-content\/uploads\/2024\/11\/cbajazz-2024-cronograma-oficial-.pdf\" type=\"application\/pdf\" width=\"300\" height=\"150\" data-wp-bind--hidden=\"!selectors.core.file.hasPdfPreview\" aria-label=\"Incrustado de cbajazz 2024 cronograma oficial.\" data-mce-fragment=\"1\"><\/object><a id=\"wp-block-file--media-e599f2da-1d88-4256-96b3-2e9e5cf43d6f\" href=\"https:\/\/prensa.cba.gov.ar\/wp-content\/uploads\/2024\/11\/cbajazz-2024-cronograma-oficial-.pdf\">cbajazz 2024 cronograma oficial<\/a><a class=\"wp-block-file__button wp-element-button\" href=\"https:\/\/prensa.cba.gov.ar\/wp-content\/uploads\/2024\/11\/cbajazz-2024-cronograma-oficial-.pdf\" download=\"\" aria-describedby=\"wp-block-file--media-e599f2da-1d88-4256-96b3-2e9e5cf43d6f\">Descarga<\/a><\/div>\n","protected":false},"excerpt":{"rendered":"<p>Se llevar\u00e1 a cabo del 8 al 20 de noviembre, en nueve escenarios de la ciudad como el Teatro Real y el Paseo del Buen Pastor, adem\u00e1s de sedes en el interior provincial como San Francisco, Villa Mar\u00eda y R\u00edo Cuarto. Contempla m\u00e1s de 30 propuestas art\u00edsticas, incluyendo invitados internacionales de Italia, Espa\u00f1a y Polonia. &hellip;<\/p>\n","protected":false},"author":1,"featured_media":6894,"comment_status":"open","ping_status":"open","sticky":false,"template":"","format":"standard","meta":{"footnotes":""},"categories":[46],"tags":[],"class_list":["post-6893","post","type-post","status-publish","format-standard","has-post-thumbnail","hentry","category-musica"],"_links":{"self":[{"href":"https:\/\/radiobeat97.com.ar\/beat\/wp-json\/wp\/v2\/posts\/6893","targetHints":{"allow":["GET"]}}],"collection":[{"href":"https:\/\/radiobeat97.com.ar\/beat\/wp-json\/wp\/v2\/posts"}],"about":[{"href":"https:\/\/radiobeat97.com.ar\/beat\/wp-json\/wp\/v2\/types\/post"}],"author":[{"embeddable":true,"href":"https:\/\/radiobeat97.com.ar\/beat\/wp-json\/wp\/v2\/users\/1"}],"replies":[{"embeddable":true,"href":"https:\/\/radiobeat97.com.ar\/beat\/wp-json\/wp\/v2\/comments?post=6893"}],"version-history":[{"count":1,"href":"https:\/\/radiobeat97.com.ar\/beat\/wp-json\/wp\/v2\/posts\/6893\/revisions"}],"predecessor-version":[{"id":6895,"href":"https:\/\/radiobeat97.com.ar\/beat\/wp-json\/wp\/v2\/posts\/6893\/revisions\/6895"}],"wp:featuredmedia":[{"embeddable":true,"href":"https:\/\/radiobeat97.com.ar\/beat\/wp-json\/wp\/v2\/media\/6894"}],"wp:attachment":[{"href":"https:\/\/radiobeat97.com.ar\/beat\/wp-json\/wp\/v2\/media?parent=6893"}],"wp:term":[{"taxonomy":"category","embeddable":true,"href":"https:\/\/radiobeat97.com.ar\/beat\/wp-json\/wp\/v2\/categories?post=6893"},{"taxonomy":"post_tag","embeddable":true,"href":"https:\/\/radiobeat97.com.ar\/beat\/wp-json\/wp\/v2\/tags?post=6893"}],"curies":[{"name":"wp","href":"https:\/\/api.w.org\/{rel}","templated":true}]}}