{"id":6903,"date":"2024-11-11T08:56:44","date_gmt":"2024-11-11T11:56:44","guid":{"rendered":"https:\/\/radiobeat97.com.ar\/beat\/?p=6903"},"modified":"2024-11-11T08:56:44","modified_gmt":"2024-11-11T11:56:44","slug":"a-un-mes-de-los-incendios-la-provincia-ejecuta-un-plan-de-remediacion-social-productivo-y-ambiental-por-mas-de-15-600-millones","status":"publish","type":"post","link":"https:\/\/radiobeat97.com.ar\/beat\/a-un-mes-de-los-incendios-la-provincia-ejecuta-un-plan-de-remediacion-social-productivo-y-ambiental-por-mas-de-15-600-millones\/","title":{"rendered":"A un mes de los incendios, la Provincia ejecuta un plan de Remediaci\u00f3n Social, Productivo y Ambiental por m\u00e1s de $15.600 millones"},"content":{"rendered":"<p class=\" eplus-wrapper\"><strong>\u2022 La Provincia est\u00e1 invirtiendo en una l\u00ednea de alta tensi\u00f3n m\u00e1s una estaci\u00f3n transformadora para Chancan\u00ed y San Pedro una inversi\u00f3n de $11.592.000.000.<\/strong><\/p>\n<p class=\" eplus-wrapper\">\u2022\u00a0<strong>Luego de los trabajos de relevamiento, hasta la fecha se otorgaron los fondos para remediar da\u00f1os a productores agropecuarios, familias, emprendedores e instituciones y obras diversas por $4.050.210.275<\/strong><\/p>\n<p class=\" eplus-wrapper\">Pas\u00f3 un mes y tres d\u00edas desde que el gobierno provincial inform\u00f3 que se apagaron los incendios en la Provincia.<\/p>\n<p class=\" eplus-wrapper\">En la primera semana de ocurrida aquella tragedia ambiental, el gobierno inici\u00f3 de manera inmediata una ayuda extraordinaria a familias, productores, emprendedores y municipios para paliar aquella situaci\u00f3n y posibilitar sobrellevar de la mejor manera lo ocurrido.<\/p>\n<p class=\" eplus-wrapper\">Cuando las llamas apenas se hab\u00edan apagado y el humo a\u00fan sobrevolaba diversos sectores, el gobernador Mart\u00edn Llaryora dispuso un programa de Remediaci\u00f3n Social, Productivo y Ambiental extraordinario de $15.642.210.275 millones para obras de infraestructura, restauraci\u00f3n ambiental, cr\u00e9ditos y exenciones impositivas, entre otros aspectos.<\/p>\n<p class=\" eplus-wrapper\"><strong>Obras de Infraestructura<\/strong><\/p>\n<p class=\" eplus-wrapper\">De ese monto extraordinario, la Provincia est\u00e1 invirtiendo en una l\u00ednea de alta tensi\u00f3n m\u00e1s una estaci\u00f3n transformadora para Chancan\u00ed y San Pedro una inversi\u00f3n de $11.592.000.000.<\/p>\n<p class=\" eplus-wrapper\">Esta obra eleva a m\u00e1s de 50 veces la potencia disponible regulada, se iluminar\u00e1 con fibra \u00f3ptica a toda la regi\u00f3n y se retira otra l\u00ednea que atravesaba la reserva por un sector que era un peligro en materia ambiental.<\/p>\n<p class=\" eplus-wrapper\">Tambi\u00e9n se reconstruyen, reparan y mejoran obras de infraestructuras de agua potable da\u00f1adas por el fuego. A la vez, se realiza la colocaci\u00f3n de 1200 metros de ca\u00f1er\u00edas maestras de abastecimiento y 3850 metros de ca\u00f1er\u00edas de distribuci\u00f3n. Se trabaja en una nueva cisterna de 150.000 litros y tanques domiciliarios. Se repone el equipamiento electromec\u00e1nico da\u00f1ado con 2 bombas y una motobomba nueva, con una inversi\u00f3n de $722.313.100 millones.<\/p>\n<p class=\" eplus-wrapper\">Tambi\u00e9n se ejecutaron obras junto a las cooperativas para la recuperaci\u00f3n de infraestructura el\u00e9ctrica, que incluy\u00f3 el cambio de cables, postes, aisladores, grupos electr\u00f3genos, que superaron los 60 millones de pesos.<\/p>\n<p class=\" eplus-wrapper\">A trav\u00e9s del Ministerio de Ambiente y Econom\u00eda Circular se asisti\u00f3 a la Reserva Tat\u00fa Carreta para la atenci\u00f3n y rehabilitaci\u00f3n de ejemplares de fauna silvestre afectados por los incendios con la suma total de $3.000.000.<\/p>\n<p class=\" eplus-wrapper\">Por otro lado, con la creaci\u00f3n del Programa de Fortalecimiento de Viveros de Flora Nativa se gestion\u00f3 la ayuda econ\u00f3mica a viveros con la finalidad de duplicar la producci\u00f3n de bosque nativo por la suma total de $80.000.000.<\/p>\n<p class=\" eplus-wrapper\"><strong>Asistencia a los damnificados<\/strong><\/p>\n<p class=\" eplus-wrapper\">El desembolso para la remediaci\u00f3n de da\u00f1os a los productores agropecuarios, familias, emprendedores e instituciones asciende a la fecha a $ $4.050.210.275.<\/p>\n<p class=\" eplus-wrapper\">Este Programa de Remediaci\u00f3n Social, Productivo, Ambiental y de Infraestructura, permiti\u00f3 llevar adelante un detallado relevamiento en conjunto con los municipios y comunas afectadas, que a\u00fan se encuentra en desarrollo, aunque la mayor parte de los recursos ya fueron saldados.<\/p>\n<p class=\" eplus-wrapper\">Las ayudas para remediaci\u00f3n de viviendas por destrucci\u00f3n total y parcial ascendieron $1.250.000.000. En tanto que las ayudas para los emprendimientos comerciales, de servicios, hoteleros y tur\u00edsticos fue de $57.000.000.<\/p>\n<p class=\" eplus-wrapper\">Ayudas a los productores agropecuarios por casi $1050 millones<\/p>\n<p class=\" eplus-wrapper\">Los fondos del programa contemplaron ayudas para productores agropecuarios. La distribuci\u00f3n de la asistencia se otorg\u00f3 en Villa Yacanto, Capilla del Monte, Los Cocos, San Esteban, R\u00edo Segundo, Pilar, La Cumbre, Atos Pampa, La Cumbrecita, San Marcos Sierra, Charbonier, Las Palmas y Ascochinga.<\/p>\n<p class=\" eplus-wrapper\">De manera inmediata se entregaron 5000 bolsas de alimentos para ganado a productores afectados por un importe de $51.600.000.<\/p>\n<p class=\" eplus-wrapper\">Luego se realizaron entregas en distintas localidades:<\/p>\n<p class=\" eplus-wrapper\">-Villa Yacanto: se entregaron insumos por m\u00e1s de $186 millones a 24 productores, consistentes en kits de boyeros solares, postes, varillas, rollos de alambre de 1000 metros, torniquetas y aportes no reintegrables.<\/p>\n<p class=\" eplus-wrapper\">-Atos Pampa: los productores recibieron insumos valuados en casi $110 millones.<\/p>\n<p class=\" eplus-wrapper\">-San Esteban: se entregaron insumos por m\u00e1s de $225 millones a 61 productores. Los kits incluyen postes, varillas, rollos de alambre, torniquetas y boyeros. Adem\u00e1s, se otorgaron aportes por un monto total de $140 millones, alcanzando as\u00ed una inversi\u00f3n de m\u00e1s de $367 millones.<\/p>\n<p class=\" eplus-wrapper\">-Charbonier, se destinaron insumos por casi $173 millones a 51 productores, que abarcan postes, varillas, rollos de alambre, torniquetas y boyeros. Asimismo, se realizaron aportes por un total de $97 millones. De este modo, entre insumos y aportes econ\u00f3micos, se invirtieron $269.971.898 en esta localidad del departamento Punilla.<\/p>\n<p class=\" eplus-wrapper\">-Ascochinga, se proporcion\u00f3 equipamiento a 26 productores, con un valor de $78.194.867. Este equipamiento incluye los mismos insumos mencionados anteriormente, adem\u00e1s de aportes no reintegrables (ANR) por un valor de $17 millones. As\u00ed, la suma total de lo entregado en esta localidad supera los $95 millones.<\/p>\n<p class=\" eplus-wrapper\">Tambi\u00e9n se declar\u00f3 el desastre agropecuario en la zona afectada, la eximici\u00f3n de Impuesto Inmobiliario Rural, refinanciamiento de deudas de la banca provincial; la elevaci\u00f3n de homologaci\u00f3n de emergencia nacional, refinanciamiento de deudas banca p\u00fablica, pr\u00f3rroga impuestos nacionales.<br \/>\nCr\u00e9ditos de la Fundaci\u00f3n Banco de C\u00f3rdoba<\/p>\n<p class=\" eplus-wrapper\">Adem\u00e1s, se anunci\u00f3 recientemente una l\u00ednea de cr\u00e9ditos a trav\u00e9s de la Fundaci\u00f3n Banco de C\u00f3rdoba, con tasa cero de hasta 8.000.000 de pesos y a tres a\u00f1os de plazo, con uno de gracia. Ya se encuentran disponibles 600 millones de pesos.<\/p>\n<p class=\" eplus-wrapper\">El financiamiento est\u00e1 destinado a productores agropecuarios para la remediaci\u00f3n de da\u00f1os por el fuego. De esta manera los afectados cuentan con un recurso m\u00e1s para la reparaci\u00f3n de da\u00f1os en bienes muebles e inmuebles.<\/p>\n<p class=\" eplus-wrapper\">Para m\u00e1s informaci\u00f3n:\u00a0<a href=\"https:\/\/www.fbco.org.ar\/\">https:\/\/www.fbco.org.ar<\/a><\/p>\n<p class=\" eplus-wrapper\">Foto: archivo<\/p>\n","protected":false},"excerpt":{"rendered":"<p>\u2022 La Provincia est\u00e1 invirtiendo en una l\u00ednea de alta tensi\u00f3n m\u00e1s una estaci\u00f3n transformadora para Chancan\u00ed y San Pedro una inversi\u00f3n de $11.592.000.000. \u2022\u00a0Luego de los trabajos de relevamiento, hasta la fecha se otorgaron los fondos para remediar da\u00f1os a productores agropecuarios, familias, emprendedores e instituciones y obras diversas por $4.050.210.275 Pas\u00f3 un mes &hellip;<\/p>\n","protected":false},"author":1,"featured_media":6904,"comment_status":"open","ping_status":"open","sticky":false,"template":"","format":"standard","meta":{"footnotes":""},"categories":[48],"tags":[],"class_list":["post-6903","post","type-post","status-publish","format-standard","has-post-thumbnail","hentry","category-info-general"],"_links":{"self":[{"href":"https:\/\/radiobeat97.com.ar\/beat\/wp-json\/wp\/v2\/posts\/6903","targetHints":{"allow":["GET"]}}],"collection":[{"href":"https:\/\/radiobeat97.com.ar\/beat\/wp-json\/wp\/v2\/posts"}],"about":[{"href":"https:\/\/radiobeat97.com.ar\/beat\/wp-json\/wp\/v2\/types\/post"}],"author":[{"embeddable":true,"href":"https:\/\/radiobeat97.com.ar\/beat\/wp-json\/wp\/v2\/users\/1"}],"replies":[{"embeddable":true,"href":"https:\/\/radiobeat97.com.ar\/beat\/wp-json\/wp\/v2\/comments?post=6903"}],"version-history":[{"count":2,"href":"https:\/\/radiobeat97.com.ar\/beat\/wp-json\/wp\/v2\/posts\/6903\/revisions"}],"predecessor-version":[{"id":6906,"href":"https:\/\/radiobeat97.com.ar\/beat\/wp-json\/wp\/v2\/posts\/6903\/revisions\/6906"}],"wp:featuredmedia":[{"embeddable":true,"href":"https:\/\/radiobeat97.com.ar\/beat\/wp-json\/wp\/v2\/media\/6904"}],"wp:attachment":[{"href":"https:\/\/radiobeat97.com.ar\/beat\/wp-json\/wp\/v2\/media?parent=6903"}],"wp:term":[{"taxonomy":"category","embeddable":true,"href":"https:\/\/radiobeat97.com.ar\/beat\/wp-json\/wp\/v2\/categories?post=6903"},{"taxonomy":"post_tag","embeddable":true,"href":"https:\/\/radiobeat97.com.ar\/beat\/wp-json\/wp\/v2\/tags?post=6903"}],"curies":[{"name":"wp","href":"https:\/\/api.w.org\/{rel}","templated":true}]}}