{"id":6932,"date":"2024-11-21T08:51:01","date_gmt":"2024-11-21T11:51:01","guid":{"rendered":"https:\/\/radiobeat97.com.ar\/beat\/?p=6932"},"modified":"2024-11-21T08:51:01","modified_gmt":"2024-11-21T11:51:01","slug":"una-visita-especial-el-matador-recorrio-el-kempes","status":"publish","type":"post","link":"https:\/\/radiobeat97.com.ar\/beat\/una-visita-especial-el-matador-recorrio-el-kempes\/","title":{"rendered":"Una visita especial: \u201cEl Matador\u201d recorri\u00f3 el Kempes"},"content":{"rendered":"<ul class=\" eplus-wrapper eplus-styles-uid-caf017\">\n<li class=\" eplus-wrapper\"><strong>El estadio provincial vivi\u00f3 un momento emotivo, con la visita del propio Mario Alberto Kempes.<\/strong><\/li>\n<li class=\" eplus-wrapper\"><strong>El campe\u00f3n del mundo fue recibido por las autoridades de la Agencia C\u00f3rdoba Deportes y recorri\u00f3 las instalaciones en un emotivo encuentro que lo conect\u00f3 nuevamente con sus ra\u00edces.\u00a0<\/strong><\/li>\n<\/ul>\n<p class=\" eplus-wrapper\">El \u201cMatador\u201d visit\u00f3 la casa que lleva su nombre y recorri\u00f3 sus instalaciones, donde se vivi\u00f3 un momento m\u00e1s que especial. Como si fuera un turista m\u00e1s de los miles que visitan el estadio durante el a\u00f1o, el campe\u00f3n del mundo estuvo en el estadio de todos los cordobeses.<\/p>\n<p class=\" eplus-wrapper\">Kempes fue recibido por los vocales de la Agencia C\u00f3rdoba Deportes Georgina Bardach y Luis Calvimonte, quienes dialogaron con \u00e9l y su pareja Julia, en la antesala de lo que fue una visita por la cancha y el museo. Luego se dirigieron al campo de juego, donde no ocult\u00f3 su emoci\u00f3n al pisar nuevamente el c\u00e9sped del estadio que lleva su nombre.<\/p>\n<p class=\" eplus-wrapper\"><em>\u201cSiempre es un lujo poder visitarlo cada vez que vengo a C\u00f3rdoba\u201d<\/em>, expres\u00f3, destacando la importancia de este escenario para el deporte provincial y nacional.<\/p>\n<figure class=\" wp-block-gallery has-nested-images columns-default is-cropped eplus-wrapper wp-block-gallery-1 is-layout-flex wp-block-gallery-is-layout-flex\">\n<figure class=\" wp-block-image size-large eplus-wrapper\"><a href=\"https:\/\/prensa.cba.gov.ar\/wp-content\/uploads\/2024\/11\/kempes-gob-6.jpg\"><img fetchpriority=\"high\" decoding=\"async\" class=\"wp-image-609139\" src=\"https:\/\/prensa.cba.gov.ar\/wp-content\/uploads\/2024\/11\/kempes-gob-6.jpg\" sizes=\"(max-width: 993px) 100vw, 993px\" srcset=\"https:\/\/prensa.cba.gov.ar\/wp-content\/uploads\/2024\/11\/kempes-gob-6.jpg 993w, https:\/\/prensa.cba.gov.ar\/wp-content\/uploads\/2024\/11\/kempes-gob-6-300x200.jpg 300w, https:\/\/prensa.cba.gov.ar\/wp-content\/uploads\/2024\/11\/kempes-gob-6-768x512.jpg 768w\" alt=\"\" width=\"993\" height=\"662\" data-id=\"609139\" \/><\/a><\/figure>\n<figure class=\" wp-block-image size-large eplus-wrapper\"><a href=\"https:\/\/prensa.cba.gov.ar\/wp-content\/uploads\/2024\/11\/kempes-gob-5.jpg\"><img decoding=\"async\" class=\"wp-image-609141\" src=\"https:\/\/prensa.cba.gov.ar\/wp-content\/uploads\/2024\/11\/kempes-gob-5.jpg\" sizes=\"(max-width: 993px) 100vw, 993px\" srcset=\"https:\/\/prensa.cba.gov.ar\/wp-content\/uploads\/2024\/11\/kempes-gob-5.jpg 993w, https:\/\/prensa.cba.gov.ar\/wp-content\/uploads\/2024\/11\/kempes-gob-5-300x200.jpg 300w, https:\/\/prensa.cba.gov.ar\/wp-content\/uploads\/2024\/11\/kempes-gob-5-768x512.jpg 768w\" alt=\"\" width=\"993\" height=\"662\" data-id=\"609141\" \/><\/a><\/figure>\n<\/figure>\n<p class=\" eplus-wrapper\">\n<p class=\" eplus-wrapper\">La visita continu\u00f3 en el Museo Provincial del Deporte, donde el exjugador se detuvo a observar algunos de los recuerdos m\u00e1s destacados de su carrera, como camisetas y trofeos.\u00a0<em>\u201cTienen un lindo museo, los invito a que vayan a visitarlo. Mientras esto siga vivo, la gente siempre va a estar contenta\u201d<\/em>, coment\u00f3, poniendo en valor el esfuerzo por mantener viva la historia deportiva de la provincia.<\/p>\n<p class=\" eplus-wrapper\">Adem\u00e1s, el cordob\u00e9s comparti\u00f3 su entusiasmo y futuros anhelos para el estadio:\u00a0<em>\u201cMe gustar\u00eda ver una final de campeonato del mundo aqu\u00ed, ser\u00eda fabuloso, pero cada vez que hay un espect\u00e1culo en el estadio es motivo de satisfacci\u00f3n para todo el mundo. Deseo que sea el espect\u00e1culo que sea, que lo disfruten, porque est\u00e1n haciendo todo lo posible para que el estadio tenga vida.\u201d\u00a0<\/em><\/p>\n<p class=\" eplus-wrapper\">El Polo Deportivo Kempes, se consolida como un epicentro para grandes figuras, eventos y el desarrollo de las nuevas generaciones. La visita del mism\u00edsimo protagonista refuerza su relevancia como s\u00edmbolo de uni\u00f3n, orgullo y proyecci\u00f3n deportiva para toda C\u00f3rdoba.<\/p>\n<figure class=\" wp-block-image aligncenter size-full is-resized eplus-wrapper\"><img decoding=\"async\" class=\"wp-image-609140\" src=\"https:\/\/prensa.cba.gov.ar\/wp-content\/uploads\/2024\/11\/kempes-gob-3.jpg\" sizes=\"(max-width: 993px) 100vw, 993px\" srcset=\"https:\/\/prensa.cba.gov.ar\/wp-content\/uploads\/2024\/11\/kempes-gob-3.jpg 993w, https:\/\/prensa.cba.gov.ar\/wp-content\/uploads\/2024\/11\/kempes-gob-3-300x200.jpg 300w, https:\/\/prensa.cba.gov.ar\/wp-content\/uploads\/2024\/11\/kempes-gob-3-768x512.jpg 768w\" alt=\"\" width=\"993\" height=\"662\" \/><\/figure>\n<p class=\" eplus-wrapper\">\n<p><iframe title=\"YouTube video player\" src=\"https:\/\/www.youtube.com\/embed\/n_gAWU7-cT4?si=s4L0oIfsGSynHOyq\" width=\"560\" height=\"315\" frameborder=\"0\" allowfullscreen=\"allowfullscreen\" data-mce-fragment=\"1\"><\/iframe><\/p>\n","protected":false},"excerpt":{"rendered":"<p>El estadio provincial vivi\u00f3 un momento emotivo, con la visita del propio Mario Alberto Kempes. El campe\u00f3n del mundo fue recibido por las autoridades de la Agencia C\u00f3rdoba Deportes y recorri\u00f3 las instalaciones en un emotivo encuentro que lo conect\u00f3 nuevamente con sus ra\u00edces.\u00a0 El \u201cMatador\u201d visit\u00f3 la casa que lleva su nombre y recorri\u00f3 &hellip;<\/p>\n","protected":false},"author":1,"featured_media":6929,"comment_status":"open","ping_status":"open","sticky":false,"template":"","format":"standard","meta":{"footnotes":""},"categories":[47],"tags":[],"class_list":["post-6932","post","type-post","status-publish","format-standard","has-post-thumbnail","hentry","category-deportes"],"_links":{"self":[{"href":"https:\/\/radiobeat97.com.ar\/beat\/wp-json\/wp\/v2\/posts\/6932","targetHints":{"allow":["GET"]}}],"collection":[{"href":"https:\/\/radiobeat97.com.ar\/beat\/wp-json\/wp\/v2\/posts"}],"about":[{"href":"https:\/\/radiobeat97.com.ar\/beat\/wp-json\/wp\/v2\/types\/post"}],"author":[{"embeddable":true,"href":"https:\/\/radiobeat97.com.ar\/beat\/wp-json\/wp\/v2\/users\/1"}],"replies":[{"embeddable":true,"href":"https:\/\/radiobeat97.com.ar\/beat\/wp-json\/wp\/v2\/comments?post=6932"}],"version-history":[{"count":1,"href":"https:\/\/radiobeat97.com.ar\/beat\/wp-json\/wp\/v2\/posts\/6932\/revisions"}],"predecessor-version":[{"id":6933,"href":"https:\/\/radiobeat97.com.ar\/beat\/wp-json\/wp\/v2\/posts\/6932\/revisions\/6933"}],"wp:featuredmedia":[{"embeddable":true,"href":"https:\/\/radiobeat97.com.ar\/beat\/wp-json\/wp\/v2\/media\/6929"}],"wp:attachment":[{"href":"https:\/\/radiobeat97.com.ar\/beat\/wp-json\/wp\/v2\/media?parent=6932"}],"wp:term":[{"taxonomy":"category","embeddable":true,"href":"https:\/\/radiobeat97.com.ar\/beat\/wp-json\/wp\/v2\/categories?post=6932"},{"taxonomy":"post_tag","embeddable":true,"href":"https:\/\/radiobeat97.com.ar\/beat\/wp-json\/wp\/v2\/tags?post=6932"}],"curies":[{"name":"wp","href":"https:\/\/api.w.org\/{rel}","templated":true}]}}