{"id":6934,"date":"2024-11-22T08:51:28","date_gmt":"2024-11-22T11:51:28","guid":{"rendered":"https:\/\/radiobeat97.com.ar\/beat\/?p=6934"},"modified":"2024-11-21T08:52:01","modified_gmt":"2024-11-21T11:52:01","slug":"escuelas-de-cordoba-ofreceran-formacion-profesional-en-bioagroindustria-y-economia-circular","status":"publish","type":"post","link":"https:\/\/radiobeat97.com.ar\/beat\/escuelas-de-cordoba-ofreceran-formacion-profesional-en-bioagroindustria-y-economia-circular\/","title":{"rendered":"Escuelas de C\u00f3rdoba ofrecer\u00e1n Formaci\u00f3n Profesional en Bioagroindustria y Econom\u00eda Circular"},"content":{"rendered":"<ul class=\" eplus-wrapper eplus-styles-uid-2bb391\">\n<li class=\" eplus-wrapper\"><strong>Se trata de dos nuevas especialidades que se dictar\u00e1n en Escuelas Secundarias con Formaci\u00f3n Profesional (ESFP).<\/strong><\/li>\n<li class=\" eplus-wrapper\"><strong>Equipos de conducci\u00f3n de estas instituciones se reunieron para trabajar en el dise\u00f1o curricular del ciclo superior.<\/strong><\/li>\n<li class=\" eplus-wrapper\"><strong><em>\u00abNuestro esfuerzo esta puesto en articular el modelo productivo con el educativo para potenciar el desarrollo provincial\u201d<\/em>, sostuvo el Ministro de Educaci\u00f3n, Horacio Ferreryra.<\/strong><\/li>\n<\/ul>\n<p class=\" eplus-wrapper\">En un paso hacia la ampliaci\u00f3n de oportunidades formativas, el Ministerio de Educaci\u00f3n anunci\u00f3 la incorporaci\u00f3n en 2025 de dos nuevas orientaciones que se sumar\u00e1n a las especialidades existentes de las Escuelas Secundarias con Formaci\u00f3n Profesional.<\/p>\n<p class=\" eplus-wrapper\">Se trata del Bachiller con Formaci\u00f3n Profesional en Econom\u00eda Circular y Sostenibilidad, y del Bachiller con Formaci\u00f3n Profesional en Bioagroindustria.<\/p>\n<p class=\" eplus-wrapper\">Estas nuevas especialidades se ofrecer\u00e1n en sedes que se abrir\u00e1n pr\u00f3ximamente en diferentes localidades, brindando opciones educativas innovadoras y alineadas con los desaf\u00edos actuales del desarrollo productivo.<\/p>\n<figure class=\" wp-block-image aligncenter size-large is-resized eplus-wrapper\"><img fetchpriority=\"high\" decoding=\"async\" class=\"wp-image-609147\" src=\"https:\/\/prensa.cba.gov.ar\/wp-content\/uploads\/2024\/11\/WhatsApp-Image-2024-11-20-at-18.08.11.jpeg\" sizes=\"(max-width: 990px) 100vw, 990px\" srcset=\"https:\/\/prensa.cba.gov.ar\/wp-content\/uploads\/2024\/11\/WhatsApp-Image-2024-11-20-at-18.08.11.jpeg 990w, https:\/\/prensa.cba.gov.ar\/wp-content\/uploads\/2024\/11\/WhatsApp-Image-2024-11-20-at-18.08.11-300x200.jpeg 300w, https:\/\/prensa.cba.gov.ar\/wp-content\/uploads\/2024\/11\/WhatsApp-Image-2024-11-20-at-18.08.11-768x512.jpeg 768w\" alt=\"\" width=\"990\" height=\"660\" \/><\/figure>\n<p class=\" eplus-wrapper\">\n<h4 class=\" wp-block-heading eplus-wrapper\">Perfiles de Egreso<\/h4>\n<ul class=\" eplus-wrapper eplus-styles-uid-a48761\">\n<li class=\" eplus-wrapper\">Bioagroindustria: Esta especialidad forma en los procesos de producci\u00f3n agroindustrial, desde un enfoque en la optimizaci\u00f3n de recursos y el respeto por la biodiversidad.<\/li>\n<li class=\" eplus-wrapper\">Econom\u00eda Circular y Sostenibilidad: En esta orientaci\u00f3n se abordan estrategias de producci\u00f3n y consumo sostenibles, orientadas a reducir el impacto ambiental, reciclar materiales y gestionar residuos de forma responsable.<\/li>\n<\/ul>\n<p class=\" eplus-wrapper\">En estos perfiles, no solo destacan los conocimientos t\u00e9cnicos y tecnol\u00f3gicos para el an\u00e1lisis y mejora de procesos sostenibles, sino tambi\u00e9n el compromiso \u00e9tico y ciudadano con la preservaci\u00f3n del ambiente.<\/p>\n<h3 class=\" wp-block-heading eplus-wrapper\">Jornada de trabajo sobre Dise\u00f1os Curriculares<\/h3>\n<p class=\" eplus-wrapper\">La semana pasada se llev\u00f3 a cabo una jornada de trabajo en Salsipuedes que reuni\u00f3 a coordinadores y coordinadoras de las Escuelas Secundarias con Formaci\u00f3n Profesional (ESFP) de toda la provincia.<\/p>\n<p class=\" eplus-wrapper\">El objetivo fue definir los contenidos m\u00ednimos para el ciclo orientado, que dar\u00e1 inicio el pr\u00f3ximo a\u00f1o. Abordaron la propuesta curricular de las nuevas especialidades, como de las que ya est\u00e1n implementadas: programaci\u00f3n, automatizaci\u00f3n industrial y rob\u00f3tica, nuevas tecnolog\u00edas aplicadas al agro y operaciones hoteleras.<\/p>\n<p class=\" eplus-wrapper\"><em>\u00abEstas escuelas son \u00fanicas en el pa\u00eds. Adem\u00e1s de ser altamente solicitadas en nuestra comunidad, se est\u00e1n convirtiendo en un modelo de referencia para otras provincias,\u00bb<\/em>\u00a0destac\u00f3 Diego Su\u00e1rez, director general de Educaci\u00f3n T\u00e9cnica y Formaci\u00f3n Profesional.<\/p>\n<p class=\" eplus-wrapper\"><em>\u00abEl desaf\u00edo que tenemos por delante es avanzar en los dise\u00f1os curriculares, fortalecer la formaci\u00f3n docente y optimizar los entornos de aprendizaje con tecnolog\u00eda adecuada, para asegurar que nuestros estudiantes alcancen aprendizajes significativos. Nuestro esfuerzo esta puesto en articular el modelo Productivo con el educativo para potenciar el desarrollo provincial\u201d<\/em>, sostuvo el Ministro de Educaci\u00f3n, Horacio Ferreryra.<\/p>\n<p class=\" eplus-wrapper\">Estas acciones se realizan en el marco del Plan de Desarrollo Educativo de la Provincia y del compromiso del sistema educativo de C\u00f3rdoba con la mejora continua de sus programas de formaci\u00f3n t\u00e9cnico profesional, en respuesta a las demandas del contexto actual y las necesidades de los j\u00f3venes de la regi\u00f3n.<\/p>\n","protected":false},"excerpt":{"rendered":"<p>Se trata de dos nuevas especialidades que se dictar\u00e1n en Escuelas Secundarias con Formaci\u00f3n Profesional (ESFP). Equipos de conducci\u00f3n de estas instituciones se reunieron para trabajar en el dise\u00f1o curricular del ciclo superior. \u00abNuestro esfuerzo esta puesto en articular el modelo productivo con el educativo para potenciar el desarrollo provincial\u201d, sostuvo el Ministro de Educaci\u00f3n, &hellip;<\/p>\n","protected":false},"author":1,"featured_media":6935,"comment_status":"open","ping_status":"open","sticky":false,"template":"","format":"standard","meta":{"footnotes":""},"categories":[48],"tags":[],"class_list":["post-6934","post","type-post","status-publish","format-standard","has-post-thumbnail","hentry","category-info-general"],"_links":{"self":[{"href":"https:\/\/radiobeat97.com.ar\/beat\/wp-json\/wp\/v2\/posts\/6934","targetHints":{"allow":["GET"]}}],"collection":[{"href":"https:\/\/radiobeat97.com.ar\/beat\/wp-json\/wp\/v2\/posts"}],"about":[{"href":"https:\/\/radiobeat97.com.ar\/beat\/wp-json\/wp\/v2\/types\/post"}],"author":[{"embeddable":true,"href":"https:\/\/radiobeat97.com.ar\/beat\/wp-json\/wp\/v2\/users\/1"}],"replies":[{"embeddable":true,"href":"https:\/\/radiobeat97.com.ar\/beat\/wp-json\/wp\/v2\/comments?post=6934"}],"version-history":[{"count":1,"href":"https:\/\/radiobeat97.com.ar\/beat\/wp-json\/wp\/v2\/posts\/6934\/revisions"}],"predecessor-version":[{"id":6936,"href":"https:\/\/radiobeat97.com.ar\/beat\/wp-json\/wp\/v2\/posts\/6934\/revisions\/6936"}],"wp:featuredmedia":[{"embeddable":true,"href":"https:\/\/radiobeat97.com.ar\/beat\/wp-json\/wp\/v2\/media\/6935"}],"wp:attachment":[{"href":"https:\/\/radiobeat97.com.ar\/beat\/wp-json\/wp\/v2\/media?parent=6934"}],"wp:term":[{"taxonomy":"category","embeddable":true,"href":"https:\/\/radiobeat97.com.ar\/beat\/wp-json\/wp\/v2\/categories?post=6934"},{"taxonomy":"post_tag","embeddable":true,"href":"https:\/\/radiobeat97.com.ar\/beat\/wp-json\/wp\/v2\/tags?post=6934"}],"curies":[{"name":"wp","href":"https:\/\/api.w.org\/{rel}","templated":true}]}}