{"id":6944,"date":"2024-12-02T08:54:12","date_gmt":"2024-12-02T11:54:12","guid":{"rendered":"https:\/\/radiobeat97.com.ar\/beat\/?p=6944"},"modified":"2024-12-02T08:54:12","modified_gmt":"2024-12-02T11:54:12","slug":"como-es-el-nuevo-recorrido-expositivo-que-ofrece-el-museo-ferreyra","status":"publish","type":"post","link":"https:\/\/radiobeat97.com.ar\/beat\/como-es-el-nuevo-recorrido-expositivo-que-ofrece-el-museo-ferreyra\/","title":{"rendered":"C\u00f3mo es el nuevo recorrido expositivo que ofrece el Museo Ferreyra"},"content":{"rendered":"<ul class=\" eplus-wrapper eplus-styles-uid-688052\">\n<li class=\" eplus-wrapper\"><strong>Se inaugur\u00f3 el \u00faltimo ciclo de muestras del Museo Evita Palacio Ferreyra<\/strong><\/li>\n<li class=\" eplus-wrapper\"><strong>Contempla siete muestras de artistas cordobeses y la presentaci\u00f3n de las nuevas adquisiciones del museo.<\/strong><\/li>\n<\/ul>\n<p class=\" eplus-wrapper\">Qued\u00f3 inaugurado el \u00faltimo ciclo de muestras del a\u00f1o en el Museo Evita Palacio Ferreyra. Las exhibiciones, que podr\u00e1n disfrutarse hasta el pr\u00f3ximo 7 de abril, generan un nuevo recorrido expositivo en el que se exploran las conexiones entre el arte, la ciencia, la naturaleza, los tejidos y la tecnolog\u00eda. El museo puede visitarse de martes a domingo de 10 a 19.<\/p>\n<p class=\" eplus-wrapper\">Las nuevas exhibiciones del Museo Evita Palacio Ferreyra celebran el arte en todas sus formas: siete muestras de artistas cordobeses y nuevas adquisiciones en el marco de una renovada programaci\u00f3n cultural es la nueva propuesta de uno de los museos m\u00e1s importantes de la Ciudad. La apertura cont\u00f3 con la participaci\u00f3n del presidente de la Agencia C\u00f3rdoba Cultura, Ra\u00fal Sansica, Francisco Marchiaro, vocal a cargo de la direcci\u00f3n del Museo Evita Palacio Ferreyra, y autoridades de la Secretar\u00eda de Ciencia y Tecnolog\u00eda.<\/p>\n<p class=\" eplus-wrapper\">El nuevo recorrido expositivo comienza en el hall de ingreso y el hall central, donde habr\u00e1 escultura e instalaciones, y contin\u00faa por el subsuelo donde, adem\u00e1s de las muestras de artistas cordobesas, se exhiben las nuevas adquisiciones del museo que son obras contempor\u00e1neas de artistas locales y nacionales que enriquecen al patrimonio art\u00edstico de la provincia. En el primer piso se encuentra la colecci\u00f3n permanente que permite redescubrir la colecci\u00f3n del museo con un nuevo guion curatorial que incluye obras de Malanca y Honorio Mossi. Por \u00faltimo, en el segundo piso habr\u00e1 una instalaci\u00f3n y una muestra que re\u00fane colecciones.<\/p>\n<figure class=\" wp-block-image size-full eplus-wrapper\"><img fetchpriority=\"high\" decoding=\"async\" class=\"wp-image-609339\" src=\"https:\/\/prensa.cba.gov.ar\/wp-content\/uploads\/2024\/11\/Inauguracion-Ferreyra-9.jpg\" sizes=\"(max-width: 990px) 100vw, 990px\" srcset=\"https:\/\/prensa.cba.gov.ar\/wp-content\/uploads\/2024\/11\/Inauguracion-Ferreyra-9.jpg 990w, https:\/\/prensa.cba.gov.ar\/wp-content\/uploads\/2024\/11\/Inauguracion-Ferreyra-9-300x200.jpg 300w, https:\/\/prensa.cba.gov.ar\/wp-content\/uploads\/2024\/11\/Inauguracion-Ferreyra-9-768x512.jpg 768w\" alt=\"\" width=\"990\" height=\"660\" \/><\/figure>\n<p class=\" eplus-wrapper\">Durante la inauguraci\u00f3n de este nuevo bloque expositivo, el presidente de la Agencia C\u00f3rdoba Cultura, Ra\u00fal Sansica, dijo:<em>\u00a0\u201cEstas muestras renovadoras nos invitan a conocer el proceso art\u00edstico en primera persona de cada uno de los expositores para llegar a la obra final. El di\u00e1logo entre el arte, la ciencia, la tecnolog\u00eda y la naturaleza se ve reflejado en esta propuesta, pero yo tambi\u00e9n le agregar\u00eda lo social porque todo esto es lo que hace a nuestro patrimonio cordob\u00e9s, un constructo social din\u00e1mico que nos permite reinterpretar permanentemente las obras y las colecciones\u00bb.<\/em><\/p>\n<p class=\" eplus-wrapper\">Adem\u00e1s, Sansica remarc\u00f3 que<em>\u00a0\u00abla mirada femenina de las mujeres artistas moviliza la l\u00ednea con la que estamos trabajando en todos los museos de la provincia incluidos los programas Museos en Red y Museo Rodante. Adem\u00e1s, junto a la Secretar\u00eda de Ciencia y Tecnolog\u00eda hay un trabajo muy cuidado de curaci\u00f3n que merece ser destacado\u00bb.<\/em><\/p>\n<p class=\" eplus-wrapper\">Por otra parte sostuvo que este espacio cultural de la capital \u00ab<em>es uno de los museos m\u00e1s visitados por turistas y cordobeses y hacer accesible el conocimiento, los bienes y los servicios culturales es, definitivamente, una pol\u00edtica de nuestro gobernador Mart\u00edn Llaryora\u201d.<\/em><\/p>\n<p class=\" eplus-wrapper\"><strong>El recorrido, sala por sala<\/strong><\/p>\n<p class=\" eplus-wrapper\">En el hall de ingreso Claudia Santanera presenta\u00a0<strong><em>Nunsacat<\/em><\/strong>\u00a0una instalaci\u00f3n textil creada con Palma Caranday que conectar\u00e1 con las ra\u00edces ancestrales de la artesan\u00eda cordobesa. Una obra que entrelaza la palma caranday con la historia ancestral de Copacabana, C\u00f3rdoba.\u00a0En el hall central, se encuentra\u00a0<strong><em>Prana<\/em><\/strong>, una escultura suspendida de Sim\u00f3n Ib\u00e1\u00f1ez Dur\u00e1n, elaborada con hierro reciclado, que evoca la evoluci\u00f3n de una nube ascendiendo hacia la c\u00fapula.<\/p>\n<p class=\" eplus-wrapper\">El subsuelo tambi\u00e9n contiene obras, muestras y las nuevas adquisiciones del museo. La disposici\u00f3n es la siguiente:<\/p>\n<figure class=\" wp-block-gallery has-nested-images columns-default is-cropped eplus-wrapper wp-block-gallery-1 is-layout-flex wp-block-gallery-is-layout-flex\">\n<figure class=\" wp-block-image size-large eplus-wrapper\"><img decoding=\"async\" class=\"wp-image-609341\" src=\"https:\/\/prensa.cba.gov.ar\/wp-content\/uploads\/2024\/11\/Inauguracion-Ferreyra-7-1.jpg\" sizes=\"(max-width: 990px) 100vw, 990px\" srcset=\"https:\/\/prensa.cba.gov.ar\/wp-content\/uploads\/2024\/11\/Inauguracion-Ferreyra-7-1.jpg 990w, https:\/\/prensa.cba.gov.ar\/wp-content\/uploads\/2024\/11\/Inauguracion-Ferreyra-7-1-300x200.jpg 300w, https:\/\/prensa.cba.gov.ar\/wp-content\/uploads\/2024\/11\/Inauguracion-Ferreyra-7-1-768x512.jpg 768w\" alt=\"\" width=\"990\" height=\"660\" data-id=\"609341\" \/><\/figure>\n<figure class=\" wp-block-image size-large eplus-wrapper\"><img decoding=\"async\" class=\"wp-image-609340\" src=\"https:\/\/prensa.cba.gov.ar\/wp-content\/uploads\/2024\/11\/Inauguracion-Ferreyra-8.jpg\" sizes=\"(max-width: 990px) 100vw, 990px\" srcset=\"https:\/\/prensa.cba.gov.ar\/wp-content\/uploads\/2024\/11\/Inauguracion-Ferreyra-8.jpg 990w, https:\/\/prensa.cba.gov.ar\/wp-content\/uploads\/2024\/11\/Inauguracion-Ferreyra-8-300x195.jpg 300w, https:\/\/prensa.cba.gov.ar\/wp-content\/uploads\/2024\/11\/Inauguracion-Ferreyra-8-768x500.jpg 768w\" alt=\"\" width=\"990\" height=\"645\" data-id=\"609340\" \/><\/figure>\n<figure class=\" wp-block-image size-large eplus-wrapper\"><img loading=\"lazy\" decoding=\"async\" class=\"wp-image-609342\" src=\"https:\/\/prensa.cba.gov.ar\/wp-content\/uploads\/2024\/11\/Inauguracion-Ferreyra-2.jpg\" sizes=\"(max-width: 990px) 100vw, 990px\" srcset=\"https:\/\/prensa.cba.gov.ar\/wp-content\/uploads\/2024\/11\/Inauguracion-Ferreyra-2.jpg 990w, https:\/\/prensa.cba.gov.ar\/wp-content\/uploads\/2024\/11\/Inauguracion-Ferreyra-2-300x199.jpg 300w, https:\/\/prensa.cba.gov.ar\/wp-content\/uploads\/2024\/11\/Inauguracion-Ferreyra-2-768x510.jpg 768w\" alt=\"\" width=\"990\" height=\"658\" data-id=\"609342\" \/><\/figure>\n<\/figure>\n<p class=\" eplus-wrapper\">En la Sala A se encuentra\u00a0<strong><em>Sistemas Afectivos<\/em><\/strong><strong>\u00a0<\/strong>de Majo Arrigoni, una exposici\u00f3n de pinturas y fotograf\u00edas que retratan a mujeres de la escena art\u00edstica cordobesa con una mirada sensible e \u00edntima. Mientras que en la Sala B se podr\u00e1 observar\u00a0\u00a0<strong><em>Aroma Caelum\u00a0<\/em><\/strong>de Mar\u00eda Buteler, una instalaci\u00f3n que fusiona im\u00e1genes, video y textos en soportes luminosos para explorar las sensaciones que evoca la naturaleza. Adem\u00e1s, en la Sala D<strong>\u00a0<\/strong>se exponen obras ganadoras del Sal\u00f3n y Premio\u00a0<strong><em>Cosechar\u00e1s tu Ciencia<\/em><\/strong>, una iniciativa que fusiona arte, ciencia y tecnolog\u00eda y en la antesala del Auditorio est\u00e1\u00a0<strong><em>La Casa Grande<\/em><\/strong>\u00a0una muestra que revive la historia del Palacio Ferreyra a trav\u00e9s de la mirada del grupo Ensamble Creativo. Un viaje al pasado a trav\u00e9s de la vida de la familia Ferreyra-Navarro Ocampo y el desarrollo del barrio Nueva C\u00f3rdoba.<\/p>\n<p class=\" eplus-wrapper\">Por otra parte, en la Sala T se exhiben nuevas adquisiciones del museo, obras contempor\u00e1neas de artistas locales y nacionales que enriquecen al patrimonio art\u00edstico de la provincia. En el marco de ArteBa 2024 el Museo Evita Palacio Ferreyra adquiri\u00f3, a trav\u00e9s de la Agencia C\u00f3rdoba Cultura,\u00a0 obras de las Galer\u00edas Sat\u00e9lite (C\u00f3rdoba) y Aura (Buenos Aires) que formar\u00e1n parte de la colecci\u00f3n permanente de la provincia de C\u00f3rdoba. Las obras fueron seleccionadas por su destacada calidad art\u00edstica y por su capacidad de di\u00e1logo con aspectos contempor\u00e1neos que buscan enfatizar la colecci\u00f3n. Apoyando, adem\u00e1s, el desarrollo y la profesionalizaci\u00f3n de artistas locales y nacionales. De las Galer\u00edas Sat\u00e9lite se exponen\u00a0<strong><em>\u00abEscudos\u00bb<\/em><\/strong>\u00a0de Gisella Mail\u00e9n Scotta, 2017;\u00a0<strong><em>\u00abReconciliaci\u00f3n\u00bb<\/em><\/strong>\u00a0de Gisella Mail\u00e9n Scotta, 2021;\u00a0\u00a0<strong><em>\u00abLa fe mueve monta\u00f1as \u2013 Al\u00ffs\u00bb<\/em><\/strong>\u00a0de Gabriel Alarc\u00f3n y Hugo Sencia 2024;\u00a0<strong><em>\u00abVenus de los trapos \u2013 Cover\u00bb<\/em><\/strong>\u00a0de Gabriel Alarc\u00f3n y Hugo Sencia, 2024. De la Galer\u00eda Aura se exhiben\u00a0<strong><em>\u201cTodo a mi alrededor fomenta mi ilusi\u00f3n\u201d<\/em><\/strong>\u00a0de Fernanda Kusel \u2013 2024; y\u00a0<strong><em>\u201cDe la tarde hacia la noche, la desintegraci\u00f3n\u201d<\/em><\/strong>\u00a0de Fernanda Kusel 2022.<\/p>\n<figure class=\" wp-block-gallery has-nested-images columns-default is-cropped eplus-wrapper wp-block-gallery-2 is-layout-flex wp-block-gallery-is-layout-flex\">\n<figure class=\" wp-block-image size-large eplus-wrapper\"><img loading=\"lazy\" decoding=\"async\" class=\"wp-image-609343\" src=\"https:\/\/prensa.cba.gov.ar\/wp-content\/uploads\/2024\/11\/Inauguracion-Ferreyra-5.jpg\" sizes=\"(max-width: 990px) 100vw, 990px\" srcset=\"https:\/\/prensa.cba.gov.ar\/wp-content\/uploads\/2024\/11\/Inauguracion-Ferreyra-5.jpg 990w, https:\/\/prensa.cba.gov.ar\/wp-content\/uploads\/2024\/11\/Inauguracion-Ferreyra-5-300x202.jpg 300w, https:\/\/prensa.cba.gov.ar\/wp-content\/uploads\/2024\/11\/Inauguracion-Ferreyra-5-768x516.jpg 768w\" alt=\"\" width=\"990\" height=\"665\" data-id=\"609343\" \/><\/figure>\n<figure class=\" wp-block-image size-large eplus-wrapper\"><img loading=\"lazy\" decoding=\"async\" class=\"wp-image-609344\" src=\"https:\/\/prensa.cba.gov.ar\/wp-content\/uploads\/2024\/11\/Inauguracion-Ferreyra-1.jpg\" sizes=\"(max-width: 990px) 100vw, 990px\" srcset=\"https:\/\/prensa.cba.gov.ar\/wp-content\/uploads\/2024\/11\/Inauguracion-Ferreyra-1.jpg 990w, https:\/\/prensa.cba.gov.ar\/wp-content\/uploads\/2024\/11\/Inauguracion-Ferreyra-1-300x200.jpg 300w, https:\/\/prensa.cba.gov.ar\/wp-content\/uploads\/2024\/11\/Inauguracion-Ferreyra-1-768x512.jpg 768w\" alt=\"\" width=\"990\" height=\"660\" data-id=\"609344\" \/><\/figure>\n<figure class=\" wp-block-image size-large eplus-wrapper\"><img loading=\"lazy\" decoding=\"async\" class=\"wp-image-609345\" src=\"https:\/\/prensa.cba.gov.ar\/wp-content\/uploads\/2024\/11\/Inauguracion-Ferreyra-6-1.jpg\" sizes=\"(max-width: 990px) 100vw, 990px\" srcset=\"https:\/\/prensa.cba.gov.ar\/wp-content\/uploads\/2024\/11\/Inauguracion-Ferreyra-6-1.jpg 990w, https:\/\/prensa.cba.gov.ar\/wp-content\/uploads\/2024\/11\/Inauguracion-Ferreyra-6-1-300x200.jpg 300w, https:\/\/prensa.cba.gov.ar\/wp-content\/uploads\/2024\/11\/Inauguracion-Ferreyra-6-1-768x512.jpg 768w\" alt=\"\" width=\"990\" height=\"660\" data-id=\"609345\" \/><\/figure>\n<\/figure>\n<p class=\" eplus-wrapper\">En el primer piso est\u00e1 la\u00a0<strong>colecci\u00f3n permanente<\/strong>\u00a0que permite redescubrir la colecci\u00f3n del Museo con un nuevo guion curatorial que incluye obras de grandes maestros como Malanca y Honorio Mossi, junto a nuevas incorporaciones de artistas cordobeses. En el segundo piso se encuentra<strong>\u00a0\u00abEn Refugia\u00bb<\/strong>, una instalaci\u00f3n de Felicita Petit en un cubo de vidrio que invita a reflexionar sobre la memoria y la b\u00fasqueda de los desaparecidos. Por \u00faltimo, en el tercer piso en las Salas K, L, M se exhibe\u00a0<strong>\u00abTodos los caminos conducen a C\u00f3rdoba\u00bb<\/strong>, una muestra que re\u00fane las colecciones de Fernando Allievi, Mar\u00eda del Carmen Lorenzo y Antonio Segu\u00ed, en un di\u00e1logo entre figuraci\u00f3n, territorio y urbanidad.<\/p>\n<p class=\" eplus-wrapper\">Adem\u00e1s de la numerosa cantidad de muestras de artes visuales, el Museo Evita Palacio Ferreyra ofrece una programaci\u00f3n extendida con actividades para todas las edades. En su variada programaci\u00f3n se encuentran charlas con los artistas, talleres, visitas guiadas y mucho m\u00e1s. \u00a1Todos invitados a vivir el arte en C\u00f3rdoba!<\/p>\n","protected":false},"excerpt":{"rendered":"<p>Se inaugur\u00f3 el \u00faltimo ciclo de muestras del Museo Evita Palacio Ferreyra Contempla siete muestras de artistas cordobeses y la presentaci\u00f3n de las nuevas adquisiciones del museo. Qued\u00f3 inaugurado el \u00faltimo ciclo de muestras del a\u00f1o en el Museo Evita Palacio Ferreyra. Las exhibiciones, que podr\u00e1n disfrutarse hasta el pr\u00f3ximo 7 de abril, generan un &hellip;<\/p>\n","protected":false},"author":1,"featured_media":6945,"comment_status":"open","ping_status":"open","sticky":false,"template":"","format":"standard","meta":{"footnotes":""},"categories":[48],"tags":[],"class_list":["post-6944","post","type-post","status-publish","format-standard","has-post-thumbnail","hentry","category-info-general"],"_links":{"self":[{"href":"https:\/\/radiobeat97.com.ar\/beat\/wp-json\/wp\/v2\/posts\/6944","targetHints":{"allow":["GET"]}}],"collection":[{"href":"https:\/\/radiobeat97.com.ar\/beat\/wp-json\/wp\/v2\/posts"}],"about":[{"href":"https:\/\/radiobeat97.com.ar\/beat\/wp-json\/wp\/v2\/types\/post"}],"author":[{"embeddable":true,"href":"https:\/\/radiobeat97.com.ar\/beat\/wp-json\/wp\/v2\/users\/1"}],"replies":[{"embeddable":true,"href":"https:\/\/radiobeat97.com.ar\/beat\/wp-json\/wp\/v2\/comments?post=6944"}],"version-history":[{"count":1,"href":"https:\/\/radiobeat97.com.ar\/beat\/wp-json\/wp\/v2\/posts\/6944\/revisions"}],"predecessor-version":[{"id":6947,"href":"https:\/\/radiobeat97.com.ar\/beat\/wp-json\/wp\/v2\/posts\/6944\/revisions\/6947"}],"wp:featuredmedia":[{"embeddable":true,"href":"https:\/\/radiobeat97.com.ar\/beat\/wp-json\/wp\/v2\/media\/6945"}],"wp:attachment":[{"href":"https:\/\/radiobeat97.com.ar\/beat\/wp-json\/wp\/v2\/media?parent=6944"}],"wp:term":[{"taxonomy":"category","embeddable":true,"href":"https:\/\/radiobeat97.com.ar\/beat\/wp-json\/wp\/v2\/categories?post=6944"},{"taxonomy":"post_tag","embeddable":true,"href":"https:\/\/radiobeat97.com.ar\/beat\/wp-json\/wp\/v2\/tags?post=6944"}],"curies":[{"name":"wp","href":"https:\/\/api.w.org\/{rel}","templated":true}]}}