{"id":7003,"date":"2025-01-14T09:24:21","date_gmt":"2025-01-14T12:24:21","guid":{"rendered":"https:\/\/radiobeat97.com.ar\/beat\/?p=7003"},"modified":"2025-01-14T09:24:21","modified_gmt":"2025-01-14T12:24:21","slug":"cordoba-emprendedora-historias-de-suenos-que-se-hicieron-realidad","status":"publish","type":"post","link":"https:\/\/radiobeat97.com.ar\/beat\/cordoba-emprendedora-historias-de-suenos-que-se-hicieron-realidad\/","title":{"rendered":"C\u00f3rdoba Emprendedora: historias de sue\u00f1os que se hicieron realidad"},"content":{"rendered":"<ul class=\"eplus-wrapper wp-block-list eplus-styles-uid-f6829d\">\n<li class=\" eplus-wrapper\"><strong>La maternidad y el contexto motivaron a Yamila y Mariana a iniciarse en el mundo del emprendedurismo.\u00a0<\/strong><\/li>\n<li class=\" eplus-wrapper\"><strong>En su camino se encontraron con el apoyo del Programa C\u00f3rdoba Emprendedora, al que definen como \u201cun antes y un despu\u00e9s\u201d en sus proyectos.\u00a0<\/strong><\/li>\n<li class=\" eplus-wrapper\"><strong>M\u00e1s de 22.000 personas forman parte de esta iniciativa del Gobierno provincial que ofrece capacitaci\u00f3n, mentoreo, visibilizaci\u00f3n y financiamiento, adem\u00e1s de una poderosa red de vinculaci\u00f3n.<\/strong><\/li>\n<\/ul>\n<p class=\" eplus-wrapper\">La Navidad tiene un sinf\u00edn de valores y significados alrededor del mundo. Algunos de ellos se refieren al amor, la solidaridad, generosidad, identidad, uni\u00f3n familiar, etc. En C\u00f3rdoba, adem\u00e1s, se puede definir como un tiempo de oportunidades.<\/p>\n<p class=\" eplus-wrapper\">Yamila Cicar\u00e9 y Mariana P\u00e9rez son emprendedoras cordobesas que en estas fechas ofrecen sus productos con una l\u00ednea de elaboraci\u00f3n especial que las distingue por su creatividad, originalidad y esp\u00edritu navide\u00f1o.<\/p>\n<p class=\" eplus-wrapper\">Ambas fueron parte de las distintas propuestas que ofrece el programa C\u00f3rdoba Emprendedora del Gobierno de C\u00f3rdoba, que tiene como objetivo acompa\u00f1ar el proceso emprendedor para profesionalizar el trabajo.<\/p>\n<figure class=\"wp-block-gallery has-nested-images columns-default is-cropped eplus-wrapper wp-block-gallery-1\">\n<figure class=\" wp-block-image size-large eplus-wrapper\"><a href=\"https:\/\/prensa.cba.gov.ar\/wp-content\/uploads\/2024\/12\/DSC_0438.jpg\"><img fetchpriority=\"high\" decoding=\"async\" class=\"wp-image-610523\" src=\"https:\/\/prensa.cba.gov.ar\/wp-content\/uploads\/2024\/12\/DSC_0438.jpg\" sizes=\"(max-width: 993px) 100vw, 993px\" srcset=\"https:\/\/prensa.cba.gov.ar\/wp-content\/uploads\/2024\/12\/DSC_0438.jpg 993w, https:\/\/prensa.cba.gov.ar\/wp-content\/uploads\/2024\/12\/DSC_0438-300x200.jpg 300w, https:\/\/prensa.cba.gov.ar\/wp-content\/uploads\/2024\/12\/DSC_0438-768x512.jpg 768w\" alt=\"\" width=\"993\" height=\"662\" data-id=\"610523\" \/><\/a><\/figure>\n<figure class=\" wp-block-image size-large eplus-wrapper\"><a href=\"https:\/\/prensa.cba.gov.ar\/wp-content\/uploads\/2024\/12\/DSC_0577.jpg\"><img decoding=\"async\" class=\"wp-image-610528\" src=\"https:\/\/prensa.cba.gov.ar\/wp-content\/uploads\/2024\/12\/DSC_0577.jpg\" sizes=\"(max-width: 993px) 100vw, 993px\" srcset=\"https:\/\/prensa.cba.gov.ar\/wp-content\/uploads\/2024\/12\/DSC_0577.jpg 993w, https:\/\/prensa.cba.gov.ar\/wp-content\/uploads\/2024\/12\/DSC_0577-300x200.jpg 300w, https:\/\/prensa.cba.gov.ar\/wp-content\/uploads\/2024\/12\/DSC_0577-768x512.jpg 768w\" alt=\"\" width=\"993\" height=\"662\" data-id=\"610528\" \/><\/a><\/figure>\n<\/figure>\n<p class=\" eplus-wrapper\">Yamila Cicar\u00e9 naci\u00f3 en San Nicol\u00e1s, provincia de Buenos Aires, cordobesa por adopci\u00f3n, cuenta que vive hace m\u00e1s de 15 a\u00f1os en la ciudad de C\u00f3rdoba. Es due\u00f1a de la firma\u00a0<strong>Almac\u00e9n de Velas By Usha<\/strong>, que fabrica y vende velas y fragancias de hogar, home spray, difusores, perfumes para ropa, para marcas de ropa y para eventos.<\/p>\n<p class=\" eplus-wrapper\"><em>\u201cDesde muy chica so\u00f1aba con tener una empresa grande\u201d<\/em>, cuenta, y aclara que no se define como emprendedora,\u00a0<em>\u201choy en d\u00eda me considero una loca, apasionada de jug\u00e1rmela. As\u00ed como jugu\u00e9 en su momento al venirme a un lugar que no conoc\u00eda, experimentar y crecer\u201d.\u00a0<\/em><\/p>\n<p class=\" eplus-wrapper\"><em>Yamila cuenta que su proyecto comenz\u00f3 apenas naci\u00f3 su beb\u00e9, y en planea pandemia, lo que a\u00f1adi\u00f3 m\u00e1s desaf\u00edos a la iniciativa.\u00a0<\/em><\/p>\n<p class=\" eplus-wrapper\"><em>Por eso valora el acompa\u00f1amiento de C\u00f3rdoba Emprendedora: \u201cNo tengo m\u00e1s que palabras de agradecimiento, particip\u00e9 del stand de C\u00f3rdoba Emprendedora en el shopping y fue una gran experiencia, me han elogiado much\u00edsimo mi producto y me dio much\u00edsimas fuerzas para seguir por este camino, me llevo aprendizaje, preparaci\u00f3n para la pr\u00f3xima vez y un agradecimiento enorme de esta visibilidad y posibilidad.\u201d<\/em><\/p>\n<p class=\" eplus-wrapper\">\n<figure class=\"wp-block-gallery has-nested-images columns-default is-cropped eplus-wrapper wp-block-gallery-2\">\n<figure class=\" wp-block-image size-large eplus-wrapper\"><a href=\"https:\/\/prensa.cba.gov.ar\/wp-content\/uploads\/2024\/12\/DSC_0565.jpg\"><img decoding=\"async\" class=\"wp-image-610565\" src=\"https:\/\/prensa.cba.gov.ar\/wp-content\/uploads\/2024\/12\/DSC_0565.jpg\" sizes=\"(max-width: 993px) 100vw, 993px\" srcset=\"https:\/\/prensa.cba.gov.ar\/wp-content\/uploads\/2024\/12\/DSC_0565.jpg 993w, https:\/\/prensa.cba.gov.ar\/wp-content\/uploads\/2024\/12\/DSC_0565-300x200.jpg 300w, https:\/\/prensa.cba.gov.ar\/wp-content\/uploads\/2024\/12\/DSC_0565-768x512.jpg 768w\" alt=\"\" width=\"993\" height=\"662\" data-id=\"610565\" \/><\/a><\/figure>\n<figure class=\" wp-block-image size-large eplus-wrapper\"><a href=\"https:\/\/prensa.cba.gov.ar\/wp-content\/uploads\/2024\/12\/DSC_0567.jpg\"><img loading=\"lazy\" decoding=\"async\" class=\"wp-image-610526\" src=\"https:\/\/prensa.cba.gov.ar\/wp-content\/uploads\/2024\/12\/DSC_0567.jpg\" sizes=\"(max-width: 993px) 100vw, 993px\" srcset=\"https:\/\/prensa.cba.gov.ar\/wp-content\/uploads\/2024\/12\/DSC_0567.jpg 993w, https:\/\/prensa.cba.gov.ar\/wp-content\/uploads\/2024\/12\/DSC_0567-300x200.jpg 300w, https:\/\/prensa.cba.gov.ar\/wp-content\/uploads\/2024\/12\/DSC_0567-768x512.jpg 768w\" alt=\"\" width=\"993\" height=\"662\" data-id=\"610526\" \/><\/a><\/figure>\n<figure class=\" wp-block-image size-large eplus-wrapper\"><a href=\"https:\/\/prensa.cba.gov.ar\/wp-content\/uploads\/2024\/12\/DSC_0571.jpg\"><img loading=\"lazy\" decoding=\"async\" class=\"wp-image-610566\" src=\"https:\/\/prensa.cba.gov.ar\/wp-content\/uploads\/2024\/12\/DSC_0571.jpg\" sizes=\"(max-width: 993px) 100vw, 993px\" srcset=\"https:\/\/prensa.cba.gov.ar\/wp-content\/uploads\/2024\/12\/DSC_0571.jpg 993w, https:\/\/prensa.cba.gov.ar\/wp-content\/uploads\/2024\/12\/DSC_0571-300x200.jpg 300w, https:\/\/prensa.cba.gov.ar\/wp-content\/uploads\/2024\/12\/DSC_0571-768x512.jpg 768w\" alt=\"\" width=\"993\" height=\"662\" data-id=\"610566\" \/><\/a><\/figure>\n<\/figure>\n<p class=\" eplus-wrapper\"><em>\u201cC\u00f3rdoba Emprendedora es maravillosa, las mujeres que est\u00e1n ah\u00ed est\u00e1n s\u00faper comprometidas, hasta la ministra nos vino a visitar y fue un orgullo, un orgullo saber que pod\u00e9s levantar la mano y pedir ayuda, yo no sab\u00eda que esto era posible\u201d, agrega Yamila.\u00a0<\/em><\/p>\n<p class=\" eplus-wrapper\">Por \u00faltimo, invita a todos los futuros emprendedores para que se acerquen a las capacitaciones que brinda el programa provincial.\u00a0<em>\u201cNo lo duden, tienen toda la informaci\u00f3n a mano, todos los cursos. Se tienen que animar, que lo intenten, que, si salen seleccionados para presentarse en alg\u00fan lugar que lo hagan, es un antes y un despu\u00e9s\u201d<\/em>.<\/p>\n<p class=\" eplus-wrapper\">\n<p><iframe title=\"Historias de navidad cordobesas con esp\u00edritu emprendedor\" src=\"https:\/\/www.youtube.com\/embed\/TfCjlji3zrg\" width=\"853\" height=\"480\" frameborder=\"0\" allowfullscreen=\"allowfullscreen\" data-mce-fragment=\"1\"><\/iframe><\/p>\n<p class=\" eplus-wrapper\"><strong>Si quer\u00e9s conocer m\u00e1s sobre sus productos, ingresa a su cuenta de IG:\u00a0<\/strong><a href=\"http:\/\/instagram.com\/almacendevelas.byusha\" target=\"_blank\" rel=\"noreferrer noopener\"><strong>instagram.com\/almacendevelas.byusha<\/strong><\/a><strong>\u00a0<\/strong><\/p>\n<p><iframe id=\"instagram-embed-0\" class=\"instagram-media instagram-media-rendered\" src=\"https:\/\/www.instagram.com\/p\/C_VqPYIxWW2\/embed\/captioned\/?cr=1&amp;v=14&amp;wp=810&amp;rd=https%3A%2F%2Fprensa.cba.gov.ar&amp;rp=%2Finformacion-general%2Fcordoba-emprendedora-historias-de-suenos-que-se-hicieron-realidad%2F#%7B%22ci%22%3A0%2C%22os%22%3A3759.7000000476837%2C%22ls%22%3A1128.4000000953674%2C%22le%22%3A2888.100000023842%7D\" height=\"665\" frameborder=\"0\" scrolling=\"no\" allowfullscreen=\"allowfullscreen\" data-instgrm-payload-id=\"instagram-media-payload-0\" data-mce-fragment=\"1\"><\/iframe><\/p>\n<p class=\" eplus-wrapper\">\n<p class=\" eplus-wrapper\">Por su parte, B\u00e1rbara Mariana P\u00e9rez, naci\u00f3 en C\u00f3rdoba capital y actualmente vive en Carlos Paz donde tiene su emprendimiento \u201cBiricchini\u201d. Seg\u00fan describe su Instagram la empresa\u00a0<strong>\u201ccrea los m\u00e1s bellos sets de bienvenida personalizados\u201d.<\/strong><\/p>\n<p class=\" eplus-wrapper\">Mariana cuenta que la iniciativa nace de una necesidad.\u00a0<em>\u201cEn ese momento era hacer productos para mi beb\u00e9, que, si bien exist\u00edan en el mercado, no exist\u00edan de la forma en que yo quer\u00eda que fueran\u201d.\u00a0<\/em><\/p>\n<p class=\" eplus-wrapper\"><em>\u201cUn emprendedor creo que empieza con el sue\u00f1o y con las ganas de hacer algo que lo destaque, y si puede vivir de eso, mucho mejor y generalmente no se da. Hoy Birichini tiene 16 a\u00f1os, sigue activo, fue mutando, mejorando, y me ha permitido mejorar a m\u00ed en lo personal, en lo laboral, en un mont\u00f3n de cosas, y puedo vivir de esto\u201d.\u00a0<\/em><\/p>\n<figure class=\"wp-block-gallery has-nested-images columns-default is-cropped eplus-wrapper wp-block-gallery-3\">\n<figure class=\" wp-block-image size-large eplus-wrapper\"><a href=\"https:\/\/prensa.cba.gov.ar\/wp-content\/uploads\/2024\/12\/DSC_0430.jpg\"><img loading=\"lazy\" decoding=\"async\" class=\"wp-image-610568\" src=\"https:\/\/prensa.cba.gov.ar\/wp-content\/uploads\/2024\/12\/DSC_0430.jpg\" sizes=\"(max-width: 993px) 100vw, 993px\" srcset=\"https:\/\/prensa.cba.gov.ar\/wp-content\/uploads\/2024\/12\/DSC_0430.jpg 993w, https:\/\/prensa.cba.gov.ar\/wp-content\/uploads\/2024\/12\/DSC_0430-300x200.jpg 300w, https:\/\/prensa.cba.gov.ar\/wp-content\/uploads\/2024\/12\/DSC_0430-768x512.jpg 768w\" alt=\"\" width=\"993\" height=\"662\" data-id=\"610568\" \/><\/a><\/figure>\n<figure class=\" wp-block-image size-large eplus-wrapper\"><a href=\"https:\/\/prensa.cba.gov.ar\/wp-content\/uploads\/2024\/12\/DSC_0435.jpg\"><img loading=\"lazy\" decoding=\"async\" class=\"wp-image-610522\" src=\"https:\/\/prensa.cba.gov.ar\/wp-content\/uploads\/2024\/12\/DSC_0435.jpg\" sizes=\"(max-width: 993px) 100vw, 993px\" srcset=\"https:\/\/prensa.cba.gov.ar\/wp-content\/uploads\/2024\/12\/DSC_0435.jpg 993w, https:\/\/prensa.cba.gov.ar\/wp-content\/uploads\/2024\/12\/DSC_0435-300x200.jpg 300w, https:\/\/prensa.cba.gov.ar\/wp-content\/uploads\/2024\/12\/DSC_0435-768x512.jpg 768w\" alt=\"\" width=\"993\" height=\"662\" data-id=\"610522\" \/><\/a><\/figure>\n<figure class=\" wp-block-image size-large eplus-wrapper\"><a href=\"https:\/\/prensa.cba.gov.ar\/wp-content\/uploads\/2024\/12\/DSC_0462.jpg\"><img loading=\"lazy\" decoding=\"async\" class=\"wp-image-610567\" src=\"https:\/\/prensa.cba.gov.ar\/wp-content\/uploads\/2024\/12\/DSC_0462.jpg\" sizes=\"(max-width: 993px) 100vw, 993px\" srcset=\"https:\/\/prensa.cba.gov.ar\/wp-content\/uploads\/2024\/12\/DSC_0462.jpg 993w, https:\/\/prensa.cba.gov.ar\/wp-content\/uploads\/2024\/12\/DSC_0462-300x200.jpg 300w, https:\/\/prensa.cba.gov.ar\/wp-content\/uploads\/2024\/12\/DSC_0462-768x512.jpg 768w\" alt=\"\" width=\"993\" height=\"662\" data-id=\"610567\" \/><\/a><\/figure>\n<\/figure>\n<p class=\" eplus-wrapper\">Al relatar el comienzo de la firma, la cordobesa tiene presente el d\u00eda que la suerte le cambi\u00f3.\u00a0<em>\u201cYo andaba chocha por la vida con mi cambiador y mi nena, y un d\u00eda, en una consulta pedi\u00e1trica, estaba cambiando mi hija y entra otra mam\u00e1 al ba\u00f1o y me dice, \u2018che, \u00bfd\u00f3nde conseguiste ese cambiador?\u2019 Porque era un cambiador copado, era naranja por afuera, y adentro ten\u00eda un hule de alta densidad que hab\u00eda conseguido todo estampado, con unos animalitos. Le digo, no, me lo hice yo, y le cuento la historia. su respuesta fue inmediata \u2018\u00bfno me haces uno? Y en ese no me haces uno, naci\u00f3 Biricchini\u201d<\/em>.<\/p>\n<p class=\" eplus-wrapper\">Biricchini es un emprendimiento en tela art\u00edstico que fue mutando en sus inicios a lo que es hoy, pero siempre con esa premisa de buscar mejorar lo que existe. Que sea lo m\u00e1s lindo, lo m\u00e1s pr\u00e1ctico, pero a su vez con dise\u00f1o de calidad.<\/p>\n<p class=\" eplus-wrapper\">Sobre C\u00f3rdoba Emprendedora, Mariana recuerda:\u00a0<em>\u201cVine a un encuentro de C\u00f3rdoba Emprendedora en el Complejo Feriar, fue el primer contacto que tuve y la verdad me sorprendi\u00f3 gratamente. Como me sorprendi\u00f3 lo que dijo la ministra Laura Jure, que este programa no es una asistencia\u201d.<\/em><\/p>\n<p class=\" eplus-wrapper\"><em>\u201cFueron muy claros desde el principio, nos dijeron que el apoyo que nos daban era para que nosotros pudi\u00e9ramos producir, para mover la econom\u00eda, ah\u00ed fue cuando decid\u00ed hacer los cursos\u201d, recuerda.\u00a0<\/em><\/p>\n<p class=\" eplus-wrapper\"><em>\u201cMi consejo para los futuros emprendedores es que se animen, porque C\u00f3rdoba Emprendedora es una oportunidad. Es capacitarse porque por m\u00e1s que vos creas, como cre\u00eda yo, que estaba haciendo las cosas bien, hab\u00eda un mont\u00f3n de cosas que no estaban tan bien, no estaban mal, pero se pod\u00edan mejorar. Todos los cursos que dan dentro del programa te ense\u00f1an a definir el camino\u201d.<\/em><\/p>\n<p><iframe title=\"Historias de navidad cordobesas con esp\u00edritu emprendedor\" src=\"https:\/\/www.youtube.com\/embed\/TQhTlvA8h94\" width=\"853\" height=\"480\" frameborder=\"0\" allowfullscreen=\"allowfullscreen\" data-mce-fragment=\"1\"><\/iframe><\/p>\n<p class=\" eplus-wrapper\"><strong>Conoc\u00e9 m\u00e1s de Biricchini ingresando a:<\/strong><\/p>\n<ul class=\"eplus-wrapper wp-block-list eplus-styles-uid-0029d5\">\n<li class=\" eplus-wrapper\"><strong>IG:<em>\u00a0<\/em><a href=\"http:\/\/instagram.com\/biricchini_\" target=\"_blank\" rel=\"noreferrer noopener\">instagram.com\/biricchini_<\/a>\u00a0<\/strong><\/li>\n<li class=\" eplus-wrapper\"><strong>Tienda on line:\u00a0<\/strong><a href=\"http:\/\/www.biricchini.empretienda.com.ar\/\">www.biricchini.empretienda.com.ar<\/a><\/li>\n<li class=\" eplus-wrapper\"><strong>WhatsApp:\u00a0<\/strong>+54 9 3541 23-0490<\/li>\n<\/ul>\n<p><iframe id=\"instagram-embed-1\" class=\"instagram-media instagram-media-rendered\" src=\"https:\/\/www.instagram.com\/p\/DCtwYLRRFlh\/embed\/captioned\/?cr=1&amp;v=14&amp;wp=810&amp;rd=https%3A%2F%2Fprensa.cba.gov.ar&amp;rp=%2Finformacion-general%2Fcordoba-emprendedora-historias-de-suenos-que-se-hicieron-realidad%2F#%7B%22ci%22%3A1%2C%22os%22%3A3767.2000000476837%2C%22ls%22%3A1128.4000000953674%2C%22le%22%3A2888.100000023842%7D\" height=\"925\" frameborder=\"0\" scrolling=\"no\" allowfullscreen=\"allowfullscreen\" data-instgrm-payload-id=\"instagram-media-payload-1\" data-mce-fragment=\"1\"><\/iframe><\/p>\n<p class=\" eplus-wrapper\">\n<h3 class=\" wp-block-heading eplus-wrapper\"><strong>C\u00f3rdoba Emprendedora<\/strong><\/h3>\n<p class=\" eplus-wrapper\">Este programa busca potenciar la cultura emprendedora, con iniciativas y acciones que contribuyan al est\u00edmulo, al sostenimiento y a la consolidaci\u00f3n del sector. As\u00ed, se brindan herramientas para que los emprendedores crezcan de la mano de sus negocios, se desarrollen profesionalmente y generen nuevos puestos de trabajo.<\/p>\n<p class=\" eplus-wrapper\">\u2022 M\u00e1s de 22.000 emprendedores forman parte de esta comunidad que ofrece capacitaci\u00f3n, mentoreo, visibilizaci\u00f3n y financiamiento, adem\u00e1s de una poderosa red de vinculaci\u00f3n.<\/p>\n<p class=\" eplus-wrapper\">\u2022 Son m\u00e1s de 65 las capacitaciones y mentoreos gratuitos de los que han participado m\u00e1s de 13.000 personas.<\/p>\n<p class=\" eplus-wrapper\">\u2022 M\u00e1s de 2.350 emprendedores y m\u00e1s de 1.280 emprendimientos\/marcas han participado en eventos de visibilizaci\u00f3n como el Festival de Cosqu\u00edn, Festival de Jes\u00fas Mar\u00eda, Festival del Humor, la buena mesa y la canci\u00f3n en San Francisco, la Feria de las Artesan\u00edas, la Casa de C\u00f3rdoba en Bs. As., el centro comercial C\u00f3rdoba Shopping, el Paseo Libertad Rivera, entre otros espacios de valor.<\/p>\n<p class=\" eplus-wrapper\">\u2022 Se han otorgado m\u00e1s de 4.700 cr\u00e9ditos para la compra de maquinarias, insumos o herramientas. La tasa de recupero es del 99%.<\/p>\n<p class=\" eplus-wrapper\">\u2022 El 83% de los participantes de C\u00f3rdoba Emprendedora son mujeres, el 82% posee estudios terciarios, universitarios o de posgrado finalizados, la franja etaria m\u00e1s representada es de 30 a 50 a\u00f1os con un 70%. El 75% se dedica exclusivamente a su emprendimiento, siendo esta su principal fuente de ingresos.<\/p>\n<figure class=\"wp-block-gallery has-nested-images columns-default is-cropped eplus-wrapper wp-block-gallery-4\">\n<figure class=\" wp-block-image size-large eplus-wrapper\"><a href=\"https:\/\/prensa.cba.gov.ar\/wp-content\/uploads\/2024\/12\/DSC_0448.jpg\"><img loading=\"lazy\" decoding=\"async\" class=\"wp-image-610524\" src=\"https:\/\/prensa.cba.gov.ar\/wp-content\/uploads\/2024\/12\/DSC_0448.jpg\" sizes=\"(max-width: 993px) 100vw, 993px\" srcset=\"https:\/\/prensa.cba.gov.ar\/wp-content\/uploads\/2024\/12\/DSC_0448.jpg 993w, https:\/\/prensa.cba.gov.ar\/wp-content\/uploads\/2024\/12\/DSC_0448-300x200.jpg 300w, https:\/\/prensa.cba.gov.ar\/wp-content\/uploads\/2024\/12\/DSC_0448-768x512.jpg 768w\" alt=\"\" width=\"993\" height=\"662\" data-id=\"610524\" \/><\/a><\/figure>\n<figure class=\" wp-block-image size-large eplus-wrapper\"><a href=\"https:\/\/prensa.cba.gov.ar\/wp-content\/uploads\/2024\/12\/DSC_0573.jpg\"><img loading=\"lazy\" decoding=\"async\" class=\"wp-image-610527\" src=\"https:\/\/prensa.cba.gov.ar\/wp-content\/uploads\/2024\/12\/DSC_0573.jpg\" sizes=\"(max-width: 993px) 100vw, 993px\" srcset=\"https:\/\/prensa.cba.gov.ar\/wp-content\/uploads\/2024\/12\/DSC_0573.jpg 993w, https:\/\/prensa.cba.gov.ar\/wp-content\/uploads\/2024\/12\/DSC_0573-300x200.jpg 300w, https:\/\/prensa.cba.gov.ar\/wp-content\/uploads\/2024\/12\/DSC_0573-768x512.jpg 768w\" alt=\"\" width=\"993\" height=\"662\" data-id=\"610527\" \/><\/a><\/figure>\n<\/figure>\n","protected":false},"excerpt":{"rendered":"<p>La maternidad y el contexto motivaron a Yamila y Mariana a iniciarse en el mundo del emprendedurismo.\u00a0 En su camino se encontraron con el apoyo del Programa C\u00f3rdoba Emprendedora, al que definen como \u201cun antes y un despu\u00e9s\u201d en sus proyectos.\u00a0 M\u00e1s de 22.000 personas forman parte de esta iniciativa del Gobierno provincial que ofrece &hellip;<\/p>\n","protected":false},"author":1,"featured_media":7004,"comment_status":"open","ping_status":"open","sticky":false,"template":"","format":"standard","meta":{"footnotes":""},"categories":[48],"tags":[],"class_list":["post-7003","post","type-post","status-publish","format-standard","has-post-thumbnail","hentry","category-info-general"],"_links":{"self":[{"href":"https:\/\/radiobeat97.com.ar\/beat\/wp-json\/wp\/v2\/posts\/7003","targetHints":{"allow":["GET"]}}],"collection":[{"href":"https:\/\/radiobeat97.com.ar\/beat\/wp-json\/wp\/v2\/posts"}],"about":[{"href":"https:\/\/radiobeat97.com.ar\/beat\/wp-json\/wp\/v2\/types\/post"}],"author":[{"embeddable":true,"href":"https:\/\/radiobeat97.com.ar\/beat\/wp-json\/wp\/v2\/users\/1"}],"replies":[{"embeddable":true,"href":"https:\/\/radiobeat97.com.ar\/beat\/wp-json\/wp\/v2\/comments?post=7003"}],"version-history":[{"count":1,"href":"https:\/\/radiobeat97.com.ar\/beat\/wp-json\/wp\/v2\/posts\/7003\/revisions"}],"predecessor-version":[{"id":7005,"href":"https:\/\/radiobeat97.com.ar\/beat\/wp-json\/wp\/v2\/posts\/7003\/revisions\/7005"}],"wp:featuredmedia":[{"embeddable":true,"href":"https:\/\/radiobeat97.com.ar\/beat\/wp-json\/wp\/v2\/media\/7004"}],"wp:attachment":[{"href":"https:\/\/radiobeat97.com.ar\/beat\/wp-json\/wp\/v2\/media?parent=7003"}],"wp:term":[{"taxonomy":"category","embeddable":true,"href":"https:\/\/radiobeat97.com.ar\/beat\/wp-json\/wp\/v2\/categories?post=7003"},{"taxonomy":"post_tag","embeddable":true,"href":"https:\/\/radiobeat97.com.ar\/beat\/wp-json\/wp\/v2\/tags?post=7003"}],"curies":[{"name":"wp","href":"https:\/\/api.w.org\/{rel}","templated":true}]}}