{"id":7006,"date":"2025-01-15T09:24:41","date_gmt":"2025-01-15T12:24:41","guid":{"rendered":"https:\/\/radiobeat97.com.ar\/beat\/?p=7006"},"modified":"2025-01-14T09:25:27","modified_gmt":"2025-01-14T12:25:27","slug":"el-plan-biencba-verano-2025-beneficiara-a-mas-de-6-600-estudiantes-en-la-provincia-de-cordoba","status":"publish","type":"post","link":"https:\/\/radiobeat97.com.ar\/beat\/el-plan-biencba-verano-2025-beneficiara-a-mas-de-6-600-estudiantes-en-la-provincia-de-cordoba\/","title":{"rendered":"El plan \u201cBienCBA \u2013 Verano 2025\u201d beneficiar\u00e1 a m\u00e1s de 6.600 estudiantes en la provincia de C\u00f3rdoba"},"content":{"rendered":"<ul class=\" wp-block-list eplus-wrapper eplus-styles-uid-6b9b02\">\n<li class=\" eplus-wrapper\"><strong>La propuesta se desarrollar\u00e1 desde el 13 de enero hasta el 19 de febrero en articulaci\u00f3n con comunas, municipios y organizaciones comunitarias.<\/strong><\/li>\n<li class=\" eplus-wrapper\"><strong>Habr\u00e1 talleres de narraci\u00f3n, historia, lectura y programaci\u00f3n; actividades culturales como club gamer, podcast, circo, cine, fotograf\u00eda, m\u00fasica y mucho m\u00e1s.<\/strong><\/li>\n<\/ul>\n<p class=\" eplus-wrapper\">El Ministerio de Educaci\u00f3n, a trav\u00e9s de la Subsecretar\u00eda de Fortalecimiento Institucional, llevar\u00e1 a cabo el \u201cPlan BienCBA \u2013 Verano 2025\u201d, con la colaboraci\u00f3n de la Secretar\u00eda de Desarrollo Territorial. La iniciativa se desarrollar\u00e1 desde este lunes 13 de enero hasta el 19 de febrero en m\u00e1s de 40 localidades de la provincia de C\u00f3rdoba.<\/p>\n<p class=\" eplus-wrapper\">La propuesta busca promover el aprendizaje, la inclusi\u00f3n y la creatividad a trav\u00e9s de actividades innovadoras de Fortalecimiento Educativo, que integran a estudiantes de nivel inicial, primario y secundario, junto con sus comunidades y familias.<\/p>\n<p class=\" eplus-wrapper\">Entre las actividades se destacan talleres de narraci\u00f3n, historia, lectura y programaci\u00f3n; propuestas culturales como club gamer, podcast, circo, cine, fotograf\u00eda y m\u00fasica; recorridos educativos y festivales de bandas.<\/p>\n<p class=\" eplus-wrapper\">Adem\u00e1s, se trabajar\u00e1 en brigadas ambientales y espacios de apoyo escolar entre pares, con el prop\u00f3sito de fomentar la continuidad educativa y la permanencia en la escuela.<\/p>\n<p class=\" eplus-wrapper\">El Plan tambi\u00e9n incluye instancias de formaci\u00f3n docente y fortalecimiento intersectorial para articular esfuerzos entre equipos educativos, familias y personal de apoyo en los barrios m\u00e1s vulnerables de la provincia.<\/p>\n<p class=\" eplus-wrapper\">Las acciones est\u00e1n orientadas a fortalecer el aprendizaje en \u00e1reas fundamentales como Lengua y Matem\u00e1tica, fomentar la creatividad a trav\u00e9s de actividades culturales y recreativas, y consolidar la inclusi\u00f3n educativa como base del desarrollo integral de los estudiantes cordobeses.<\/p>\n<p class=\" eplus-wrapper\">Para m\u00e1s informaci\u00f3n, ingresar al siguiente link:\u00a0<a href=\"https:\/\/bit.ly\/4jari3n\" target=\"_blank\" rel=\"noreferrer noopener\">https:\/\/bit.ly\/4jari3n<\/a><\/p>\n","protected":false},"excerpt":{"rendered":"<p>La propuesta se desarrollar\u00e1 desde el 13 de enero hasta el 19 de febrero en articulaci\u00f3n con comunas, municipios y organizaciones comunitarias. Habr\u00e1 talleres de narraci\u00f3n, historia, lectura y programaci\u00f3n; actividades culturales como club gamer, podcast, circo, cine, fotograf\u00eda, m\u00fasica y mucho m\u00e1s. El Ministerio de Educaci\u00f3n, a trav\u00e9s de la Subsecretar\u00eda de Fortalecimiento Institucional, &hellip;<\/p>\n","protected":false},"author":1,"featured_media":7007,"comment_status":"open","ping_status":"open","sticky":false,"template":"","format":"standard","meta":{"footnotes":""},"categories":[48],"tags":[],"class_list":["post-7006","post","type-post","status-publish","format-standard","has-post-thumbnail","hentry","category-info-general"],"_links":{"self":[{"href":"https:\/\/radiobeat97.com.ar\/beat\/wp-json\/wp\/v2\/posts\/7006","targetHints":{"allow":["GET"]}}],"collection":[{"href":"https:\/\/radiobeat97.com.ar\/beat\/wp-json\/wp\/v2\/posts"}],"about":[{"href":"https:\/\/radiobeat97.com.ar\/beat\/wp-json\/wp\/v2\/types\/post"}],"author":[{"embeddable":true,"href":"https:\/\/radiobeat97.com.ar\/beat\/wp-json\/wp\/v2\/users\/1"}],"replies":[{"embeddable":true,"href":"https:\/\/radiobeat97.com.ar\/beat\/wp-json\/wp\/v2\/comments?post=7006"}],"version-history":[{"count":1,"href":"https:\/\/radiobeat97.com.ar\/beat\/wp-json\/wp\/v2\/posts\/7006\/revisions"}],"predecessor-version":[{"id":7008,"href":"https:\/\/radiobeat97.com.ar\/beat\/wp-json\/wp\/v2\/posts\/7006\/revisions\/7008"}],"wp:featuredmedia":[{"embeddable":true,"href":"https:\/\/radiobeat97.com.ar\/beat\/wp-json\/wp\/v2\/media\/7007"}],"wp:attachment":[{"href":"https:\/\/radiobeat97.com.ar\/beat\/wp-json\/wp\/v2\/media?parent=7006"}],"wp:term":[{"taxonomy":"category","embeddable":true,"href":"https:\/\/radiobeat97.com.ar\/beat\/wp-json\/wp\/v2\/categories?post=7006"},{"taxonomy":"post_tag","embeddable":true,"href":"https:\/\/radiobeat97.com.ar\/beat\/wp-json\/wp\/v2\/tags?post=7006"}],"curies":[{"name":"wp","href":"https:\/\/api.w.org\/{rel}","templated":true}]}}