{"id":7009,"date":"2025-01-15T09:26:15","date_gmt":"2025-01-15T12:26:15","guid":{"rendered":"https:\/\/radiobeat97.com.ar\/beat\/?p=7009"},"modified":"2025-01-14T09:29:35","modified_gmt":"2025-01-14T12:29:35","slug":"las-maquinarias-de-da-vinci-cobran-vida-en-el-museo-de-ciencias-naturales","status":"publish","type":"post","link":"https:\/\/radiobeat97.com.ar\/beat\/las-maquinarias-de-da-vinci-cobran-vida-en-el-museo-de-ciencias-naturales\/","title":{"rendered":"Las maquinarias de Da Vinci cobran vida en el Museo de Ciencias Naturales"},"content":{"rendered":"<ul class=\" wp-block-list eplus-wrapper eplus-styles-uid-7f981b\">\n<li class=\" eplus-wrapper\"><strong>Ya se puede disfrutar de la exposici\u00f3n \u201cLeonardo da Vinci \u2013 Futuros Presentes\u201d.<\/strong><\/li>\n<li class=\" eplus-wrapper\"><strong>Se trata de una colecci\u00f3n \u00fanica de m\u00e1quinas funcionales creadas por el ingeniero e inventor argentino Daniel V\u00e1zquez.<\/strong><\/li>\n<li class=\" eplus-wrapper\"><strong>El horario del museo es de martes a domingo de 13 a 19.30.<\/strong><\/li>\n<\/ul>\n<p class=\" eplus-wrapper\">La fascinante exposici\u00f3n\u00a0<strong>\u201cLeonardo da Vinci \u2013 Futuros Presentes\u201d<\/strong>\u00a0acaba de inaugurar en el\u00a0<strong>Museo de Ciencias Naturales<\/strong>\u00a0(Av. Poeta Lugones 395), siendo una de las propuestas imperdibles para las vacaciones de verano, tanto para los cordobeses como para los turistas.<\/p>\n<p class=\" eplus-wrapper\">Los visitantes podr\u00e1n sumergirse en el universo de la maquinaria del genio renacentista a trav\u00e9s de una colecci\u00f3n \u00fanica de m\u00e1quinas funcionales creadas por el ingeniero e inventor argentino Daniel V\u00e1zquez.<\/p>\n<p class=\" eplus-wrapper\">La muestra, que reimagina a Da Vinci como el \u201cIngeniero del Futuro Presente\u201d, consta de 36 r\u00e9plicas de los inventos de Leonardo meticulosamente elaboradas y organizadas en torno a los cuatro elementos de la naturaleza: tierra, agua, aire y fuego.<br \/>\nDaniel V\u00e1zquez, inspirado por los \u201cc\u00f3dices\u201d de Da Vinci, ha dedicado a\u00f1os de investigaci\u00f3n y desarrollo para dar vida a estas creaciones, a\u00f1adiendo su propia visi\u00f3n innovadora al legado del maestro.<\/p>\n<figure class=\"wp-block-gallery has-nested-images columns-default is-cropped eplus-wrapper wp-block-gallery-1\">\n<figure class=\"wp-block-image size-large eplus-wrapper\"><img fetchpriority=\"high\" decoding=\"async\" class=\"wp-image-612583\" src=\"https:\/\/prensa.cba.gov.ar\/wp-content\/uploads\/2025\/01\/WhatsApp-Image-2025-01-13-at-15.30.07.jpeg\" sizes=\"(max-width: 1024px) 100vw, 1024px\" srcset=\"https:\/\/prensa.cba.gov.ar\/wp-content\/uploads\/2025\/01\/WhatsApp-Image-2025-01-13-at-15.30.07.jpeg 1024w, https:\/\/prensa.cba.gov.ar\/wp-content\/uploads\/2025\/01\/WhatsApp-Image-2025-01-13-at-15.30.07-300x200.jpeg 300w, https:\/\/prensa.cba.gov.ar\/wp-content\/uploads\/2025\/01\/WhatsApp-Image-2025-01-13-at-15.30.07-768x511.jpeg 768w\" alt=\"\" width=\"1024\" height=\"681\" data-id=\"612583\" \/><\/figure>\n<figure class=\"wp-block-image size-large eplus-wrapper\"><img decoding=\"async\" class=\"wp-image-612582\" src=\"https:\/\/prensa.cba.gov.ar\/wp-content\/uploads\/2025\/01\/WhatsApp-Image-2025-01-13-at-15.30.07-1.jpeg\" sizes=\"(max-width: 1024px) 100vw, 1024px\" srcset=\"https:\/\/prensa.cba.gov.ar\/wp-content\/uploads\/2025\/01\/WhatsApp-Image-2025-01-13-at-15.30.07-1.jpeg 1024w, https:\/\/prensa.cba.gov.ar\/wp-content\/uploads\/2025\/01\/WhatsApp-Image-2025-01-13-at-15.30.07-1-300x200.jpeg 300w, https:\/\/prensa.cba.gov.ar\/wp-content\/uploads\/2025\/01\/WhatsApp-Image-2025-01-13-at-15.30.07-1-768x511.jpeg 768w\" alt=\"\" width=\"1024\" height=\"681\" data-id=\"612582\" \/><\/figure>\n<figure class=\"wp-block-image size-large eplus-wrapper\"><img decoding=\"async\" class=\"wp-image-612584\" src=\"https:\/\/prensa.cba.gov.ar\/wp-content\/uploads\/2025\/01\/WhatsApp-Image-2025-01-13-at-15.30.06-1.jpeg\" sizes=\"(max-width: 1024px) 100vw, 1024px\" srcset=\"https:\/\/prensa.cba.gov.ar\/wp-content\/uploads\/2025\/01\/WhatsApp-Image-2025-01-13-at-15.30.06-1.jpeg 1024w, https:\/\/prensa.cba.gov.ar\/wp-content\/uploads\/2025\/01\/WhatsApp-Image-2025-01-13-at-15.30.06-1-300x200.jpeg 300w, https:\/\/prensa.cba.gov.ar\/wp-content\/uploads\/2025\/01\/WhatsApp-Image-2025-01-13-at-15.30.06-1-768x511.jpeg 768w\" alt=\"\" width=\"1024\" height=\"681\" data-id=\"612584\" \/><\/figure>\n<\/figure>\n<h3 class=\" wp-block-heading eplus-wrapper\">Un recorrido por la innovaci\u00f3n<\/h3>\n<p class=\" eplus-wrapper\">La muestra \u201cLeonardo da Vinci \u2013 Futuros Presentes\u201d permanecer\u00e1 abierta hasta el 25 de abril e invita a explorar la mente visionaria de Da Vinci y a reflexionar sobre el impacto de la ciencia y la tecnolog\u00eda en la vida cotidiana.<\/p>\n<p class=\" eplus-wrapper\">El objetivo es acercar a la sociedad la figura de este genio universal a trav\u00e9s de una propuesta de car\u00e1cter educativo y l\u00fadico.<\/p>\n<p class=\" eplus-wrapper\">Adem\u00e1s, se busca es estimular la curiosidad, el ingenio y el inter\u00e9s en la ciencia, la tecnolog\u00eda y el arte.<\/p>\n<p><iframe title=\"YouTube video player\" src=\"https:\/\/www.youtube.com\/embed\/BdUldlGNyc4?si=aXnbsE9mu20VMNVL\" width=\"560\" height=\"315\" frameborder=\"0\" allowfullscreen=\"allowfullscreen\" data-mce-fragment=\"1\"><\/iframe><\/p>\n<h3 class=\" wp-block-heading eplus-wrapper\">El creador detr\u00e1s de la visi\u00f3n<\/h3>\n<p class=\" eplus-wrapper\">Daniel V\u00e1zquez, ingeniero e inventor argentino, despert\u00f3 su inter\u00e9s por el funcionamiento de los aparatos tecnol\u00f3gicos a los 13 a\u00f1os, mientras viv\u00eda en la localidad cordobesa de Villa de Soto. M\u00e1s tarde, estudi\u00f3 Ingenier\u00eda Industrial en la Universidad Tecnol\u00f3gica Nacional en C\u00f3rdoba.<\/p>\n<p class=\" eplus-wrapper\">A lo largo de su vida, ha realizado m\u00faltiples inventos y su trabajo en museos despert\u00f3 a\u00fan m\u00e1s su inter\u00e9s por el arte.<\/p>\n<p class=\" eplus-wrapper\">Inspirado por los famosos \u201cC\u00f3dices\u201d de Da Vinci, V\u00e1zquez ha dedicado a\u00f1os de an\u00e1lisis, investigaci\u00f3n e ingenier\u00eda para crear esta colecci\u00f3n \u00fanica. En sus comienzos, cont\u00f3 con la gu\u00eda y mentor\u00eda de Juan Carlos Zampieri, figura destacada en la producci\u00f3n de estas piezas.<\/p>\n<figure class=\"wp-block-gallery has-nested-images columns-default is-cropped eplus-wrapper wp-block-gallery-2\">\n<figure class=\"wp-block-image size-large eplus-wrapper\"><img loading=\"lazy\" decoding=\"async\" class=\"wp-image-612585\" src=\"https:\/\/prensa.cba.gov.ar\/wp-content\/uploads\/2025\/01\/WhatsApp-Image-2025-01-13-at-15.30.05.jpeg\" sizes=\"(max-width: 1024px) 100vw, 1024px\" srcset=\"https:\/\/prensa.cba.gov.ar\/wp-content\/uploads\/2025\/01\/WhatsApp-Image-2025-01-13-at-15.30.05.jpeg 1024w, https:\/\/prensa.cba.gov.ar\/wp-content\/uploads\/2025\/01\/WhatsApp-Image-2025-01-13-at-15.30.05-300x200.jpeg 300w, https:\/\/prensa.cba.gov.ar\/wp-content\/uploads\/2025\/01\/WhatsApp-Image-2025-01-13-at-15.30.05-768x511.jpeg 768w\" alt=\"\" width=\"1024\" height=\"681\" data-id=\"612585\" \/><\/figure>\n<figure class=\"wp-block-image size-large eplus-wrapper\"><img loading=\"lazy\" decoding=\"async\" class=\"wp-image-612586\" src=\"https:\/\/prensa.cba.gov.ar\/wp-content\/uploads\/2025\/01\/WhatsApp-Image-2025-01-13-at-15.30.05-1.jpeg\" sizes=\"(max-width: 1024px) 100vw, 1024px\" srcset=\"https:\/\/prensa.cba.gov.ar\/wp-content\/uploads\/2025\/01\/WhatsApp-Image-2025-01-13-at-15.30.05-1.jpeg 1024w, https:\/\/prensa.cba.gov.ar\/wp-content\/uploads\/2025\/01\/WhatsApp-Image-2025-01-13-at-15.30.05-1-300x200.jpeg 300w, https:\/\/prensa.cba.gov.ar\/wp-content\/uploads\/2025\/01\/WhatsApp-Image-2025-01-13-at-15.30.05-1-768x511.jpeg 768w\" alt=\"\" width=\"1024\" height=\"681\" data-id=\"612586\" \/><\/figure>\n<\/figure>\n<p class=\" eplus-wrapper\"><em>\u201cLeonardo da Vinci es una fuente inagotable de inspiraci\u00f3n. Su capacidad para so\u00f1ar con el futuro y su perseverancia para materializar esas visiones en sus inventos y obras de arte es algo que resuena profundamente en nuestro tiempo. Con \u2018Futuros Presentes\u2019, busco honrar ese legado y mostrar c\u00f3mo sus ideas pueden seguir inspirando la innovaci\u00f3n hoy en d\u00eda\u201d,<\/em>\u00a0afirma Daniel V\u00e1zquez.<\/p>\n<p class=\" eplus-wrapper\">\u201cLeonardo da Vinci \u2013 Futuros Presentes\u201d ha sido presentada con gran \u00e9xito en diversos lugares de Argentina, incluyendo Tecn\u00f3polis, el Palacio Barolo y la Embajada de Italia en Buenos Aires. Ahora, llega al Museo de Ciencias Naturales de C\u00f3rdoba para deleitar al p\u00fablico cordob\u00e9s.<\/p>\n<p class=\" eplus-wrapper\"><strong>Para agendar<\/strong>: Leonardo da Vinci \u2013 Futuros Presentes<br \/>\n<strong>Lugar:\u00a0<\/strong>Museo de Ciencias Naturales (Av. Poeta Lugones 395)<br \/>\n<strong>Horario:\u00a0<\/strong>13 a 19:30 horas<br \/>\n<strong>Entradas:\u00a0<\/strong>Disponibles en Autoentrada (http:\/\/autoentrada.com\/) y en la recepci\u00f3n del Museo de Ciencias. Se ofrecen descuentos para menores, estudiantes y grupos.<\/p>\n","protected":false},"excerpt":{"rendered":"<p>Ya se puede disfrutar de la exposici\u00f3n \u201cLeonardo da Vinci \u2013 Futuros Presentes\u201d. Se trata de una colecci\u00f3n \u00fanica de m\u00e1quinas funcionales creadas por el ingeniero e inventor argentino Daniel V\u00e1zquez. El horario del museo es de martes a domingo de 13 a 19.30. La fascinante exposici\u00f3n\u00a0\u201cLeonardo da Vinci \u2013 Futuros Presentes\u201d\u00a0acaba de inaugurar en &hellip;<\/p>\n","protected":false},"author":1,"featured_media":7010,"comment_status":"open","ping_status":"open","sticky":false,"template":"","format":"standard","meta":{"footnotes":""},"categories":[48],"tags":[],"class_list":["post-7009","post","type-post","status-publish","format-standard","has-post-thumbnail","hentry","category-info-general"],"_links":{"self":[{"href":"https:\/\/radiobeat97.com.ar\/beat\/wp-json\/wp\/v2\/posts\/7009","targetHints":{"allow":["GET"]}}],"collection":[{"href":"https:\/\/radiobeat97.com.ar\/beat\/wp-json\/wp\/v2\/posts"}],"about":[{"href":"https:\/\/radiobeat97.com.ar\/beat\/wp-json\/wp\/v2\/types\/post"}],"author":[{"embeddable":true,"href":"https:\/\/radiobeat97.com.ar\/beat\/wp-json\/wp\/v2\/users\/1"}],"replies":[{"embeddable":true,"href":"https:\/\/radiobeat97.com.ar\/beat\/wp-json\/wp\/v2\/comments?post=7009"}],"version-history":[{"count":1,"href":"https:\/\/radiobeat97.com.ar\/beat\/wp-json\/wp\/v2\/posts\/7009\/revisions"}],"predecessor-version":[{"id":7011,"href":"https:\/\/radiobeat97.com.ar\/beat\/wp-json\/wp\/v2\/posts\/7009\/revisions\/7011"}],"wp:featuredmedia":[{"embeddable":true,"href":"https:\/\/radiobeat97.com.ar\/beat\/wp-json\/wp\/v2\/media\/7010"}],"wp:attachment":[{"href":"https:\/\/radiobeat97.com.ar\/beat\/wp-json\/wp\/v2\/media?parent=7009"}],"wp:term":[{"taxonomy":"category","embeddable":true,"href":"https:\/\/radiobeat97.com.ar\/beat\/wp-json\/wp\/v2\/categories?post=7009"},{"taxonomy":"post_tag","embeddable":true,"href":"https:\/\/radiobeat97.com.ar\/beat\/wp-json\/wp\/v2\/tags?post=7009"}],"curies":[{"name":"wp","href":"https:\/\/api.w.org\/{rel}","templated":true}]}}