{"id":7031,"date":"2025-01-28T10:42:56","date_gmt":"2025-01-28T13:42:56","guid":{"rendered":"https:\/\/radiobeat97.com.ar\/beat\/?p=7031"},"modified":"2025-01-28T10:42:56","modified_gmt":"2025-01-28T13:42:56","slug":"lanzan-promo-con-mas-de-15-productos-para-disfrutar-el-verano","status":"publish","type":"post","link":"https:\/\/radiobeat97.com.ar\/beat\/lanzan-promo-con-mas-de-15-productos-para-disfrutar-el-verano\/","title":{"rendered":"Lanzan promo con m\u00e1s de 15 productos para disfrutar el verano"},"content":{"rendered":"<ul class=\" wp-block-list eplus-wrapper eplus-styles-uid-ea42f7\">\n<li class=\" eplus-wrapper\"><strong>Son producciones elaboradas por internos de complejos carcelarios, que tienen descuentos de hasta el 50% en el segundo producto.<\/strong><\/li>\n<li class=\" eplus-wrapper\"><strong>Hay banquetas, mesas plegables, parrillas, bolsos materos, toallas, entre otros art\u00edculos \u00fatiles para viajes y playa, as\u00ed como objetos de herrer\u00eda, carpinter\u00eda, mimbrer\u00eda y textiles.\u00a0<\/strong><\/li>\n<li class=\" eplus-wrapper\"><strong>El sal\u00f3n de ventas est\u00e1 ubicado en Balcarce 216, en ciudad de C\u00f3rdoba. Atiende de lunes a viernes de 8 a 18 horas, y s\u00e1bados de 9 a 13 horas.<\/strong><\/li>\n<\/ul>\n<p class=\" eplus-wrapper\">Hasta el lunes 17 de febrero, estar\u00e1 vigente una promoci\u00f3n especial para adquirir productos como juegos de mesa de madera, banquetas plegables, parrillas y bolsos, entre muchos otros que vienen bien para disfrutar esta \u00e9poca del a\u00f1o.<\/p>\n<p class=\" eplus-wrapper\">La iniciativa,<strong>\u00a0organizada por la Direcci\u00f3n de Trabajo, Producci\u00f3n y Comercializaci\u00f3n del Servicio Penitenciario de la Provincia<\/strong>, re\u00fane productos de calidad elaborados por internos e internas en los talleres de Complejos Carcelarios y Establecimientos Penitenciarios, que podr\u00e1n adquirirse aprovechando la promoci\u00f3n que incluye un segundo producto a elecci\u00f3n con un descuento del 10% al 50%.<\/p>\n<p class=\" eplus-wrapper\">La promoci\u00f3n abarca bolsas de tela que se convierten en mantel para picnic; mesas plegables de madera; yengas de madera; tatet\u00ed de madera; rompecabezas de madera; parrillas de hierro plegable y \u201cenroscada\u201d; juegos de palita, pinza y palo de hierro para el asado; individuales de cuerina; toallas con capucha para ni\u00f1os; bolsos materos con bolsito para yerba y az\u00facar; almohadones para sillones o camas con huecos para termos, botellas o vasos; tablas de madera para picadas y almohaditas rellenas viajera para el cuello, entre otras muchas piezas.<\/p>\n<p class=\" eplus-wrapper\">\n<figure class=\"wp-block-gallery has-nested-images columns-default is-cropped eplus-wrapper wp-block-gallery-1\">\n<figure class=\" wp-block-image size-large eplus-wrapper\"><img fetchpriority=\"high\" decoding=\"async\" class=\"wp-image-613209\" src=\"https:\/\/prensa.cba.gov.ar\/wp-content\/uploads\/2025\/01\/DSC_9874.png\" sizes=\"(max-width: 990px) 100vw, 990px\" srcset=\"https:\/\/prensa.cba.gov.ar\/wp-content\/uploads\/2025\/01\/DSC_9874.png 990w, https:\/\/prensa.cba.gov.ar\/wp-content\/uploads\/2025\/01\/DSC_9874-300x200.png 300w, https:\/\/prensa.cba.gov.ar\/wp-content\/uploads\/2025\/01\/DSC_9874-768x513.png 768w\" alt=\"\" width=\"990\" height=\"661\" data-id=\"613209\" \/><\/figure>\n<figure class=\" wp-block-image size-large eplus-wrapper\"><img decoding=\"async\" class=\"wp-image-613211\" src=\"https:\/\/prensa.cba.gov.ar\/wp-content\/uploads\/2025\/01\/DSC_9886.jpg\" sizes=\"(max-width: 990px) 100vw, 990px\" srcset=\"https:\/\/prensa.cba.gov.ar\/wp-content\/uploads\/2025\/01\/DSC_9886.jpg 990w, https:\/\/prensa.cba.gov.ar\/wp-content\/uploads\/2025\/01\/DSC_9886-300x200.jpg 300w, https:\/\/prensa.cba.gov.ar\/wp-content\/uploads\/2025\/01\/DSC_9886-768x513.jpg 768w\" alt=\"\" width=\"990\" height=\"661\" data-id=\"613211\" \/><\/figure>\n<figure class=\" wp-block-image size-large eplus-wrapper\"><img decoding=\"async\" class=\"wp-image-613208\" src=\"https:\/\/prensa.cba.gov.ar\/wp-content\/uploads\/2025\/01\/DSC_9896.jpg\" sizes=\"(max-width: 990px) 100vw, 990px\" srcset=\"https:\/\/prensa.cba.gov.ar\/wp-content\/uploads\/2025\/01\/DSC_9896.jpg 990w, https:\/\/prensa.cba.gov.ar\/wp-content\/uploads\/2025\/01\/DSC_9896-300x200.jpg 300w, https:\/\/prensa.cba.gov.ar\/wp-content\/uploads\/2025\/01\/DSC_9896-768x513.jpg 768w\" alt=\"\" width=\"990\" height=\"661\" data-id=\"613208\" \/><\/figure>\n<\/figure>\n<p class=\" eplus-wrapper\">Los productos se comercializan en el sal\u00f3n de exposici\u00f3n y ventas del Servicio Penitenciario pr\u00f3ximo a la Estaci\u00f3n Terminal de \u00d3mnibus de la ciudad de C\u00f3rdoba, en calle Balcarce 216. El horario de atenci\u00f3n es de lunes a viernes de 8 a 18 y s\u00e1bados de 9 a 13.<\/p>\n<p class=\" eplus-wrapper\">Se trata de confecciones elaboradas bajo el programa \u201cEducar, crear y producir en prisi\u00f3n\u201d, destinado a los internos e internas de los distintos complejos carcelarios y establecimientos penitenciarios de la Provincia, con el prop\u00f3sito de formar en herramientas socio laborales en vistas a la reinserci\u00f3n social.<\/p>\n<p class=\" eplus-wrapper\">El ingreso generado a trav\u00e9s de la venta de los productos elaborados por los internos es destinado a la adquisici\u00f3n de insumos para el funcionamiento de los talleres de capacitaci\u00f3n en oficios.<\/p>\n<p class=\" eplus-wrapper\"><strong>Consultas:<\/strong>\u00a0WhatsApp 351 2265885<\/p>\n<p><iframe id=\"instagram-embed-0\" class=\"instagram-media instagram-media-rendered\" src=\"https:\/\/www.instagram.com\/reel\/DFVMw0hgJPZ\/embed\/captioned\/?cr=1&amp;v=14&amp;wp=810&amp;rd=https%3A%2F%2Fprensa.cba.gov.ar&amp;rp=%2Finformacion-general%2Flanzan-promo-con-mas-de-15-productos-para-disfrutar-el-verano%2F#%7B%22ci%22%3A0%2C%22os%22%3A1716.0999999642372%2C%22ls%22%3A389.30000001192093%2C%22le%22%3A1019.6999999880791%7D\" height=\"1108\" frameborder=\"0\" scrolling=\"no\" allowfullscreen=\"allowfullscreen\" data-instgrm-payload-id=\"instagram-media-payload-0\" data-mce-fragment=\"1\"><\/iframe><\/p>\n","protected":false},"excerpt":{"rendered":"<p>Son producciones elaboradas por internos de complejos carcelarios, que tienen descuentos de hasta el 50% en el segundo producto. Hay banquetas, mesas plegables, parrillas, bolsos materos, toallas, entre otros art\u00edculos \u00fatiles para viajes y playa, as\u00ed como objetos de herrer\u00eda, carpinter\u00eda, mimbrer\u00eda y textiles.\u00a0 El sal\u00f3n de ventas est\u00e1 ubicado en Balcarce 216, en ciudad &hellip;<\/p>\n","protected":false},"author":1,"featured_media":7032,"comment_status":"open","ping_status":"open","sticky":false,"template":"","format":"standard","meta":{"footnotes":""},"categories":[48],"tags":[],"class_list":["post-7031","post","type-post","status-publish","format-standard","has-post-thumbnail","hentry","category-info-general"],"_links":{"self":[{"href":"https:\/\/radiobeat97.com.ar\/beat\/wp-json\/wp\/v2\/posts\/7031","targetHints":{"allow":["GET"]}}],"collection":[{"href":"https:\/\/radiobeat97.com.ar\/beat\/wp-json\/wp\/v2\/posts"}],"about":[{"href":"https:\/\/radiobeat97.com.ar\/beat\/wp-json\/wp\/v2\/types\/post"}],"author":[{"embeddable":true,"href":"https:\/\/radiobeat97.com.ar\/beat\/wp-json\/wp\/v2\/users\/1"}],"replies":[{"embeddable":true,"href":"https:\/\/radiobeat97.com.ar\/beat\/wp-json\/wp\/v2\/comments?post=7031"}],"version-history":[{"count":1,"href":"https:\/\/radiobeat97.com.ar\/beat\/wp-json\/wp\/v2\/posts\/7031\/revisions"}],"predecessor-version":[{"id":7033,"href":"https:\/\/radiobeat97.com.ar\/beat\/wp-json\/wp\/v2\/posts\/7031\/revisions\/7033"}],"wp:featuredmedia":[{"embeddable":true,"href":"https:\/\/radiobeat97.com.ar\/beat\/wp-json\/wp\/v2\/media\/7032"}],"wp:attachment":[{"href":"https:\/\/radiobeat97.com.ar\/beat\/wp-json\/wp\/v2\/media?parent=7031"}],"wp:term":[{"taxonomy":"category","embeddable":true,"href":"https:\/\/radiobeat97.com.ar\/beat\/wp-json\/wp\/v2\/categories?post=7031"},{"taxonomy":"post_tag","embeddable":true,"href":"https:\/\/radiobeat97.com.ar\/beat\/wp-json\/wp\/v2\/tags?post=7031"}],"curies":[{"name":"wp","href":"https:\/\/api.w.org\/{rel}","templated":true}]}}